

[{"id":1089869,"date":"2026-09-01T04:00:00","date_gmt":"2026-09-01T11:00:00","guid":{"rendered":"https:\/\/www.questionpro.com\/blog\/?p=1089869"},"modified":"2026-07-23T08:32:34","modified_gmt":"2026-07-23T15:32:34","slug":"delimitacao-tematica-da-pesquisa","status":"publish","type":"post","link":"https:\/\/www.questionpro.com\/blog\/pt-br\/delimitacao-tematica-da-pesquisa\/","title":{"rendered":"Delimita\u00e7\u00e3o tem\u00e1tica da pesquisa: o que \u00e9 e como definir corretamente"},"content":{"rendered":"<p><strong>Delimita\u00e7\u00e3o tem\u00e1tica da pesquisa<\/strong>: tr\u00eas palavras que podem determinar a diferen\u00e7a entre um projeto cient\u00edfico s\u00f3lido e um que se perde em seu pr\u00f3prio escopo. Antes de desenhar question\u00e1rios, formular hip\u00f3teses ou sair a campo, todo pesquisador precisa responder uma pergunta aparentemente simples: de que trata exatamente este estudo e o que fica de fora dele?<\/p>\n<p>A resposta n\u00e3o surge espontaneamente. Ela exige um processo deliberado de recorte: escolher vari\u00e1veis, definir popula\u00e7\u00f5es, fixar horizontes temporais e estabelecer crit\u00e9rios de exclus\u00e3o. Quando esse processo n\u00e3o \u00e9 feito de forma rigorosa, o estudo se expande sem controle, os dados coletados n\u00e3o respondem \u00e0s perguntas corretas e os recursos investidos rendem muito menos do que o esperado. Este guia mostra o que \u00e9 a delimita\u00e7\u00e3o tem\u00e1tica, por que ela \u00e9 um dos pilares mais subestimados da metodologia cient\u00edfica e como defini-la com precis\u00e3o desde o in\u00edcio do projeto.<\/p>\n<style>.qp-art-summary[open] .qp-art-arrow{transform:rotate(180deg)}.qp-art-arrow{transition:transform 0.25s ease;display:inline-block;}<\/style>\n<details class=\"qp-art-summary\" style=\"background: #f8faff; border: 2px solid #2D6BE4; border-radius: 12px; margin: 1.5rem 0; font-family: Arial,sans-serif; overflow: hidden;\">\n<summary style=\"background: #1a2b5e; color: #ffffff; padding: 1rem 1.25rem; cursor: pointer; font-size: 16px; font-weight: bold; list-style: none; display: flex; align-items: center; gap: 10px; margin: 0;\"><span style=\"font-size: 20px; line-height: 1; flex-shrink: 0;\">\ud83d\udc41<\/span> Resumo do artigo<span class=\"qp-art-arrow\" style=\"margin-left: auto; font-size: 13px; opacity: 0.75;\">\u25bc<\/span><\/summary>\n<ul style=\"margin: 0; padding: 1rem 1.5rem; list-style: none;\">\n<li style=\"padding: 0.6rem 0; border-bottom: 1px solid #e5e7eb; color: #374151; font-size: 15px; line-height: 1.6; display: flex; gap: 10px; align-items: flex-start;\"><span style=\"color: #2d6be4; font-weight: bold; flex-shrink: 0; margin-top: 2px;\">\u2713<\/span> A delimita\u00e7\u00e3o tem\u00e1tica define o escopo exato de um estudo: o que se pesquisa, com quem, onde e em que per\u00edodo.<\/li>\n<li style=\"padding: 0.6rem 0; border-bottom: 1px solid #e5e7eb; color: #374151; font-size: 15px; line-height: 1.6; display: flex; gap: 10px; align-items: flex-start;\"><span style=\"color: #2d6be4; font-weight: bold; flex-shrink: 0; margin-top: 2px;\">\u2713<\/span> Sem uma delimita\u00e7\u00e3o clara, o estudo cresce sem controle e os dados coletados n\u00e3o respondem \u00e0s perguntas de pesquisa corretas.<\/li>\n<li style=\"padding: 0.6rem 0; border-bottom: 1px solid #e5e7eb; color: #374151; font-size: 15px; line-height: 1.6; display: flex; gap: 10px; align-items: flex-start;\"><span style=\"color: #2d6be4; font-weight: bold; flex-shrink: 0; margin-top: 2px;\">\u2713<\/span> Existem quatro dimens\u00f5es-chave de delimita\u00e7\u00e3o: tem\u00e1tica, espacial, temporal e populacional.<\/li>\n<li style=\"padding: 0.6rem 0; border-bottom: 1px solid #e5e7eb; color: #374151; font-size: 15px; line-height: 1.6; display: flex; gap: 10px; align-items: flex-start;\"><span style=\"color: #2d6be4; font-weight: bold; flex-shrink: 0; margin-top: 2px;\">\u2713<\/span> O processo de delimita\u00e7\u00e3o se articula em cinco etapas: partir do tema amplo, revisar literatura, definir a pergunta central, estabelecer crit\u00e9rios de exclus\u00e3o e validar a viabilidade.<\/li>\n<li style=\"padding: 0.6rem 0; border-bottom: 1px solid #e5e7eb; color: #374151; font-size: 15px; line-height: 1.6; display: flex; gap: 10px; align-items: flex-start;\"><span style=\"color: #2d6be4; font-weight: bold; flex-shrink: 0; margin-top: 2px;\">\u2713<\/span> O QuestionPro oferece ferramentas como QuestionPro AI, InsightsHub e Communities para apoiar e acelerar essa fase cr\u00edtica do desenho da pesquisa.<\/li>\n<\/ul>\n<\/details>\n\n<h2>O que \u00e9 a delimita\u00e7\u00e3o tem\u00e1tica da pesquisa?<\/h2>\n<p>A delimita\u00e7\u00e3o tem\u00e1tica da pesquisa \u00e9 o processo pelo qual o pesquisador recorta o campo de estudo a um conjunto preciso e manej\u00e1vel de vari\u00e1veis, fen\u00f4menos, popula\u00e7\u00f5es e condi\u00e7\u00f5es. \u00c9, em termos simples, tra\u00e7ar as bordas do mapa: saber exatamente o que entra no estudo e o que fica de fora, de forma intencional e justificada.<\/p>\n<p>Um <a href=\"https:\/\/www.questionpro.com\/blog\/pt-br\/tema-de-pesquisa\/\">tema de pesquisa<\/a> sem delimita\u00e7\u00e3o \u00e9 como uma pergunta sem sujeito: &#8220;como as redes sociais afetam as pessoas?&#8221; pode levar a milhares de caminhos diferentes e a nenhuma conclus\u00e3o robusta. Uma vez delimitada, essa mesma pergunta se transforma em algo concreto e resol\u00favel: &#8220;como o uso di\u00e1rio do Instagram afeta a autoestima de adolescentes de 14 a 17 anos em capitais brasileiras durante o ano letivo de 2026?&#8221; Cada palavra adicional \u00e9 uma decis\u00e3o metodol\u00f3gica, n\u00e3o um enfeite.<\/p>\n<p>Aqui est\u00e1 o ponto central: delimitar n\u00e3o equivale a empobrecer o estudo. Ao contr\u00e1rio, uma delimita\u00e7\u00e3o rigorosa \u00e9 o que d\u00e1 valor aos achados, porque permite contextualiz\u00e1-los, replic\u00e1-los e compar\u00e1-los com outros trabalhos. Um estudo bem delimitado gera conhecimento transfer\u00edvel; um estudo mal delimitado gera dados sem endere\u00e7o.<\/p>\n<blockquote style=\"border-left: 4px solid #2D6BE4; margin: 1.5rem 0; padding: 1rem 1.5rem; background: #f8faff; border-radius: 0 8px 8px 0; font-family: Arial,sans-serif;\">\n<p style=\"font-size: 16px; font-style: italic; color: #1a2b5e; margin: 0 0 8px 0; line-height: 1.6;\">&#8220;O escopo e as delimita\u00e7\u00f5es n\u00e3o s\u00e3o defeitos metodol\u00f3gicos; est\u00e3o sempre sob controle do pesquisador. Falar sobre eles \u00e9 essencial porque demonstra que o projeto \u00e9 gerenci\u00e1vel e cientificamente s\u00f3lido.&#8221;<\/p>\n<p><cite style=\"font-size: 13px; color: #6b7280; font-style: normal;\">\u2014 AJE (American Journal Experts), 2022<\/cite><\/p><\/blockquote>\n<p>O que essa cita\u00e7\u00e3o sublinha \u00e9 uma mudan\u00e7a de perspectiva que muitos pesquisadores iniciantes demoram a adotar: delimitar n\u00e3o \u00e9 admitir que o estudo \u00e9 pequeno, \u00e9 demonstrar que o pesquisador tem controle sobre o pr\u00f3prio objeto de estudo. Nas bancas de defesa de disserta\u00e7\u00f5es e teses das universidades brasileiras, essa diferen\u00e7a \u00e9 percebida imediatamente pelos avaliadores.<\/p>\n<h2>Diferen\u00e7a entre escopo, delimita\u00e7\u00e3o e limita\u00e7\u00e3o<\/h2>\n<p>Tr\u00eas conceitos que coexistem em qualquer protocolo de pesquisa e que frequentemente s\u00e3o usados como sin\u00f4nimos. N\u00e3o s\u00e3o, e confundi-los cria problemas reais na reda\u00e7\u00e3o do referencial metodol\u00f3gico.<\/p>\n<p>O <strong>escopo<\/strong> descreve o que o estudo explorar\u00e1: a amplitude da pergunta de pesquisa, as vari\u00e1veis que ser\u00e3o mensuradas e o tipo de conclus\u00f5es que se espera alcan\u00e7ar. \u00c9 a declara\u00e7\u00e3o positiva do terreno que ser\u00e1 percorrido.<\/p>\n<p>A <strong>delimita\u00e7\u00e3o<\/strong> \u00e9 a contraparte construtiva: as decis\u00f5es que o pesquisador toma deliberadamente para recortar esse escopo. Qual popula\u00e7\u00e3o ser\u00e1 estudada (e qual n\u00e3o), que per\u00edodo temporal o estudo cobre, quais dimens\u00f5es do fen\u00f4meno s\u00e3o inclu\u00eddas. As delimita\u00e7\u00f5es s\u00e3o escolhas estrat\u00e9gicas, sempre justificadas metodologicamente.<\/p>\n<p>As <strong>limita\u00e7\u00f5es<\/strong>, por sua vez, s\u00e3o restri\u00e7\u00f5es n\u00e3o escolhidas: o or\u00e7amento que n\u00e3o foi suficiente para uma amostra maior, o acesso negado a determinados dados, a baixa taxa de resposta em um segmento espec\u00edfico. S\u00e3o obst\u00e1culos metodol\u00f3gicos, n\u00e3o decis\u00f5es de design.<\/p>\n<p>Entender essa distin\u00e7\u00e3o muda radicalmente como a se\u00e7\u00e3o metodol\u00f3gica \u00e9 redigida. As delimita\u00e7\u00f5es se apresentam com confian\u00e7a, como parte do design. As limita\u00e7\u00f5es se reconhecem com transpar\u00eancia, como condicionantes da interpreta\u00e7\u00e3o dos resultados.<\/p>\n<h2>Por que uma delimita\u00e7\u00e3o mal definida compromete o seu estudo<\/h2>\n<p>A maioria dos projetos de pesquisa que fracassam n\u00e3o falha na fase de an\u00e1lise nem na reda\u00e7\u00e3o final. Falha muito antes, na defini\u00e7\u00e3o do objeto de estudo. Um escopo amplo demais gera uma coleta de dados ingerenci\u00e1vel; um recorte estreito demais produz achados que n\u00e3o podem ser generalizados para nenhum contexto relevante.<\/p>\n<p>E sabe o que \u00e9 mais importante aqui? Os editores de peri\u00f3dicos cient\u00edficos indexados como Capes, SciELO e os comit\u00eas de avalia\u00e7\u00e3o de programas de p\u00f3s-gradua\u00e7\u00e3o no Brasil detectam isso de imediato. Uma pergunta de pesquisa mal delimitada se traduz em uma metodologia inconsistente, em um referencial te\u00f3rico que tenta abarcar demais e em conclus\u00f5es que n\u00e3o conseguem ser sustentadas pelos dados apresentados.<\/p>\n<blockquote style=\"border-left: 4px solid #2D6BE4; margin: 1.5rem 0; padding: 1rem 1.5rem; background: #f8faff; border-radius: 0 8px 8px 0; font-family: Arial,sans-serif;\">\n<p style=\"font-size: 16px; font-style: italic; color: #1a2b5e; margin: 0 0 8px 0; line-height: 1.6;\">&#8220;Editores e revisores de peri\u00f3dicos frequentemente rejeitam artigos por falta de coer\u00eancia entre a pergunta de pesquisa, os dados coletados e os achados reportados. Uma delimita\u00e7\u00e3o clara desde o in\u00edcio \u00e9 a melhor defesa contra esse cen\u00e1rio.&#8221;<\/p>\n<p><cite style=\"font-size: 13px; color: #6b7280; font-style: normal;\">\u2014 ATLAS.ti Research Hub, 2024<\/cite><\/p><\/blockquote>\n<p>Tr\u00eas sinais claros indicam que a delimita\u00e7\u00e3o tem\u00e1tica est\u00e1 falhando em um projeto: os objetivos espec\u00edficos n\u00e3o correspondem \u00e0s vari\u00e1veis que est\u00e3o sendo mensuradas; o referencial te\u00f3rico abarca autores e abordagens que n\u00e3o s\u00e3o retomados em nenhuma an\u00e1lise posterior; e o instrumento de coleta de dados inclui perguntas que n\u00e3o respondem a nenhum objetivo declarado. Se voc\u00ea reconhece algum desses sinais no seu projeto atual, \u00e9 hora de voltar ao in\u00edcio e delimitar antes de avan\u00e7ar.<\/p>\n<h2>As quatro dimens\u00f5es da delimita\u00e7\u00e3o tem\u00e1tica<\/h2>\n<p>Uma delimita\u00e7\u00e3o tem\u00e1tica completa opera em pelo menos quatro dimens\u00f5es simultaneamente. N\u00e3o basta recortar o tema em abstrato: \u00e9 preciso delimit\u00e1-lo em m\u00faltiplos \u00e2ngulos para que o design do estudo seja coerente do in\u00edcio ao fim.<\/p>\n<div style=\"background: #1a2b5e; border-radius: 16px; padding: 2rem; margin: 2rem 0; font-family: Arial,sans-serif;\">\n<p style=\"text-align: center; color: #ffffff; font-size: 16px; font-weight: bold; margin: 0 0 1.5rem 0; letter-spacing: 1px; text-transform: uppercase;\">As quatro dimens\u00f5es da delimita\u00e7\u00e3o tem\u00e1tica<\/p>\n<div style=\"background: #ffffff; border-radius: 10px; padding: 1rem 1.25rem; margin-bottom: 0.75rem; display: flex; align-items: flex-start; gap: 1rem;\">\n<div style=\"background: #2D6BE4; color: #fff; font-weight: 800; font-size: 16px; min-width: 42px; height: 42px; border-radius: 50%; display: flex; align-items: center; justify-content: center; flex-shrink: 0;\">01<\/div>\n<div>\n<p style=\"margin: 0 0 4px 0; font-weight: bold; color: #111827; font-size: 16px;\">Tem\u00e1tica ou conceitual<\/p>\n<p style=\"margin: 0; color: #6b7280; font-size: 16px; line-height: 1.5;\">Define quais aspectos espec\u00edficos do fen\u00f4meno ser\u00e3o estudados e quais ficam de fora. Implica selecionar as vari\u00e1veis dependentes e independentes e os referenciais te\u00f3ricos que guiar\u00e3o a an\u00e1lise.<\/p>\n<\/div>\n<\/div>\n<div style=\"background: #ffffff; border-radius: 10px; padding: 1rem 1.25rem; margin-bottom: 0.75rem; display: flex; align-items: flex-start; gap: 1rem;\">\n<div style=\"background: #2D6BE4; color: #fff; font-weight: 800; font-size: 16px; min-width: 42px; height: 42px; border-radius: 50%; display: flex; align-items: center; justify-content: center; flex-shrink: 0;\">02<\/div>\n<div>\n<p style=\"margin: 0 0 4px 0; font-weight: bold; color: #111827; font-size: 16px;\">Espacial ou geogr\u00e1fica<\/p>\n<p style=\"margin: 0; color: #6b7280; font-size: 16px; line-height: 1.5;\">Estabelece o territ\u00f3rio ou contexto f\u00edsico do estudo: uma cidade, um estado, uma regi\u00e3o, uma organiza\u00e7\u00e3o espec\u00edfica ou um ambiente digital. Sem essa dimens\u00e3o, a generaliza\u00e7\u00e3o dos resultados fica indefinida.<\/p>\n<\/div>\n<\/div>\n<div style=\"background: #ffffff; border-radius: 10px; padding: 1rem 1.25rem; margin-bottom: 0.75rem; display: flex; align-items: flex-start; gap: 1rem;\">\n<div style=\"background: #2D6BE4; color: #fff; font-weight: 800; font-size: 16px; min-width: 42px; height: 42px; border-radius: 50%; display: flex; align-items: center; justify-content: center; flex-shrink: 0;\">03<\/div>\n<div>\n<p style=\"margin: 0 0 4px 0; font-weight: bold; color: #111827; font-size: 16px;\">Temporal<\/p>\n<p style=\"margin: 0; color: #6b7280; font-size: 16px; line-height: 1.5;\">Fixa o per\u00edodo de tempo coberto pelo estudo: data de in\u00edcio da coleta de dados, dura\u00e7\u00e3o do acompanhamento e o recorte temporal dos antecedentes te\u00f3ricos que ser\u00e3o considerados v\u00e1lidos.<\/p>\n<\/div>\n<\/div>\n<div style=\"background: #ffffff; border-radius: 10px; padding: 1rem 1.25rem; display: flex; align-items: flex-start; gap: 1rem;\">\n<div style=\"background: #2D6BE4; color: #fff; font-weight: 800; font-size: 16px; min-width: 42px; height: 42px; border-radius: 50%; display: flex; align-items: center; justify-content: center; flex-shrink: 0;\">04<\/div>\n<div>\n<p style=\"margin: 0 0 4px 0; font-weight: bold; color: #111827; font-size: 16px;\">Populacional<\/p>\n<p style=\"margin: 0; color: #6b7280; font-size: 16px; line-height: 1.5;\">Especifica quem faz parte do universo de estudo e quem n\u00e3o faz: faixa et\u00e1ria, n\u00edvel de escolaridade, situa\u00e7\u00e3o de trabalho, caracter\u00edsticas organizacionais. Essa dimens\u00e3o determina o design amostral e os crit\u00e9rios de inclus\u00e3o e exclus\u00e3o dos participantes.<\/p>\n<\/div>\n<\/div>\n<\/div>\n<p>Essas quatro dimens\u00f5es n\u00e3o funcionam de forma independente. Uma decis\u00e3o na dimens\u00e3o populacional (estudar apenas colaboradores de empresas com mais de 200 funcion\u00e1rios) influencia diretamente a dimens\u00e3o espacial (as regi\u00f5es do Brasil onde esse perfil tem representatividade estat\u00edstica suficiente) e a temporal (o per\u00edodo em que esse segmento \u00e9 acess\u00edvel para o estudo). Delimitar bem significa pensar em todas as dimens\u00f5es de forma simult\u00e2nea e coerente.<\/p>\n<h2>Como definir a delimita\u00e7\u00e3o tem\u00e1tica passo a passo<\/h2>\n<p>Delimitar n\u00e3o \u00e9 uma atividade que acontece em um momento pontual no in\u00edcio do projeto. \u00c9 um processo iterativo que se refina \u00e0 medida que avan\u00e7a a revis\u00e3o da literatura e se avalia a viabilidade metodol\u00f3gica. Dito isso, h\u00e1 uma ordem l\u00f3gica que facilita o processo.<\/p>\n<h3>Passo 1: partir do tema amplo e listar subtemas<\/h3>\n<p>O primeiro movimento \u00e9 escrever o tema em sua forma mais geral e depois decomp\u00f4-lo nas suas dimens\u00f5es poss\u00edveis. Se o tema \u00e9 &#8220;bem-estar no trabalho&#8221;, os subtemas podem abranger desde sa\u00fade mental at\u00e9 ergonomia, passando por cultura organizacional e gest\u00e3o do tempo. O objetivo nessa etapa n\u00e3o \u00e9 escolher ainda, mas visualizar o mapa completo antes de recort\u00e1-lo.<\/p>\n<h3>Passo 2: revisar o estado da arte<\/h3>\n<p>A revis\u00e3o da literatura cumpre aqui uma fun\u00e7\u00e3o estrat\u00e9gica: identificar quais subtemas j\u00e1 est\u00e3o amplamente estudados (e, portanto, oferecem pouco valor marginal) e quais apresentam lacunas de conhecimento reais. Uma \u00e1rea pouco explorada com dados dispon\u00edveis \u00e9, quase sempre, o melhor ponto de partida para a delimita\u00e7\u00e3o. A revis\u00e3o tamb\u00e9m permite identificar quais vari\u00e1veis foram operacionalizadas de forma confi\u00e1vel em estudos anteriores, o que facilita o design do instrumento de mensura\u00e7\u00e3o. Os <a href=\"https:\/\/www.questionpro.com\/blog\/pt-br\/metodos-de-pesquisa-em-ciencias-sociais\/\">m\u00e9todos de pesquisa em ci\u00eancias sociais<\/a> oferecem um panorama \u00fatil nessa etapa.<\/p>\n<h3>Passo 3: formular a pergunta central de pesquisa<\/h3>\n<p>A pergunta de pesquisa \u00e9 a cristaliza\u00e7\u00e3o da delimita\u00e7\u00e3o. Uma boa pergunta cont\u00e9m implicitamente as quatro dimens\u00f5es: o fen\u00f4meno estudado (tem\u00e1tica), a popula\u00e7\u00e3o de interesse (populacional), o contexto (espacial) e o momento ou per\u00edodo (temporal). Se a pergunta n\u00e3o permite identificar claramente essas quatro dimens\u00f5es, a delimita\u00e7\u00e3o ainda n\u00e3o est\u00e1 completa.<\/p>\n<p>O que vem a seguir \u00e9 igualmente importante: verificar que a pergunta seja respond\u00edvel com os recursos dispon\u00edveis. Uma pergunta brilhante que exige dados inacess\u00edveis n\u00e3o \u00e9 uma pergunta de pesquisa. \u00c9 um projeto com falha antes de come\u00e7ar.<\/p>\n<h3>Passo 4: estabelecer crit\u00e9rios de inclus\u00e3o e exclus\u00e3o<\/h3>\n<p>Essa etapa traduz a delimita\u00e7\u00e3o conceitual em decis\u00f5es operativas concretas. Os crit\u00e9rios de inclus\u00e3o definem quem ou quais contextos entram no estudo; os de exclus\u00e3o, quem ou o que fica de fora, com a devida justificativa. A justificativa \u00e9 obrigat\u00f3ria: n\u00e3o se exclui um segmento da popula\u00e7\u00e3o porque \u00e9 dif\u00edcil de acessar (isso seria uma limita\u00e7\u00e3o), mas porque n\u00e3o \u00e9 relevante para a pergunta de pesquisa formulada (isso \u00e9 uma delimita\u00e7\u00e3o). Para aprofundar essa etapa, vale consultar como <a href=\"https:\/\/www.questionpro.com\/blog\/pt-br\/definir_problema-de-pesquisa\/\">definir o problema de pesquisa<\/a> com clareza desde o in\u00edcio.<\/p>\n<h3>Passo 5: validar a viabilidade<\/h3>\n<p>A \u00faltima etapa \u00e9 verificar que o estudo delimitado seja execut\u00e1vel: o <a href=\"https:\/\/www.questionpro.com\/pt-br\/tamanho-da-amostra.html\">tamanho da amostra<\/a> da popula\u00e7\u00e3o-alvo \u00e9 suficiente para obter resultados estatisticamente significativos? O per\u00edodo temporal proposto \u00e9 compat\u00edvel com o cronograma dispon\u00edvel? Os instrumentos existentes permitem mensurar as vari\u00e1veis selecionadas? Se a resposta a alguma dessas perguntas for negativa, \u00e9 preciso ajustar a delimita\u00e7\u00e3o antes de avan\u00e7ar, n\u00e3o depois.<\/p>\n<h2>Erros mais comuns ao delimitar o tema de pesquisa<\/h2>\n<p>Conhecer os erros t\u00edpicos \u00e9 t\u00e3o \u00fatil quanto conhecer os passos corretos, porque a maioria dos problemas nessa fase s\u00e3o previs\u00edveis e, portanto, evit\u00e1veis.<\/p>\n<p><strong>Delimitar pelo que \u00e9 f\u00e1cil, n\u00e3o pelo que \u00e9 relevante.<\/strong> Escolher uma popula\u00e7\u00e3o apenas porque \u00e9 acess\u00edvel (os pr\u00f3prios alunos do pesquisador, os funcion\u00e1rios da empresa onde trabalha) sem verificar se essa popula\u00e7\u00e3o \u00e9 a mais adequada para responder a pergunta de pesquisa produz achados de alcance limitado e dif\u00edceis de publicar em peri\u00f3dicos qualificados.<\/p>\n<p><strong>Confundir delimita\u00e7\u00e3o com limita\u00e7\u00e3o.<\/strong> A distin\u00e7\u00e3o conceitual j\u00e1 foi explicada, mas o erro persiste na pr\u00e1tica: apresentar uma delimita\u00e7\u00e3o como se fosse uma restri\u00e7\u00e3o imposta, em vez de uma decis\u00e3o estrat\u00e9gica tomada com fundamento. Isso enfraquece a percep\u00e7\u00e3o de rigor metodol\u00f3gico do estudo.<\/p>\n<p><strong>Delimitar tarde demais.<\/strong> Come\u00e7ar a coletar dados antes de ter uma delimita\u00e7\u00e3o clara \u00e9 um dos erros mais custosos em tempo e dinheiro. \u00c9 preciso delimitar antes de projetar o instrumento, porque o instrumento de coleta de dados depende diretamente das vari\u00e1veis e popula\u00e7\u00f5es que a delimita\u00e7\u00e3o define. A <a href=\"https:\/\/www.questionpro.com\/blog\/pt-br\/pesquisa-universitaria\/\">pesquisa universit\u00e1ria<\/a> tem se beneficiado cada vez mais de ferramentas que ajudam a formalizar essa sequ\u00eancia correta.<\/p>\n<p><strong>N\u00e3o verificar a consist\u00eancia entre as dimens\u00f5es.<\/strong> Uma delimita\u00e7\u00e3o temporal que abrange cinco anos n\u00e3o \u00e9 coerente com uma delimita\u00e7\u00e3o populacional que estuda um evento pontual. As quatro dimens\u00f5es precisam se articular: se uma muda, \u00e9 preciso revisar as outras tr\u00eas.<\/p>\n<p><strong>Delimitar o tema sem delimitar os objetivos.<\/strong> O problema de pesquisa e os objetivos devem estar perfeitamente alinhados com a delimita\u00e7\u00e3o. Um objetivo que vai al\u00e9m do escopo delimitado \u00e9 uma contradi\u00e7\u00e3o metodol\u00f3gica. Para saber mais, consulte como <a href=\"https:\/\/www.questionpro.com\/blog\/pt-br\/criar-problemas-de-pesquisa\/\">criar problemas de pesquisa<\/a> bem estruturados.<\/p>\n<h2>Como o QuestionPro apoia a delimita\u00e7\u00e3o tem\u00e1tica da pesquisa<\/h2>\n<p>A delimita\u00e7\u00e3o tem\u00e1tica n\u00e3o precisa ser um processo solit\u00e1rio nem intuitivo. O QuestionPro apoia ativamente essa fase cr\u00edtica oferecendo um ecossistema de ferramentas explorat\u00f3rias e de design assistido que ajudam a estruturar e recortar o escopo do estudo com muito mais precis\u00e3o.<\/p>\n<p>Para come\u00e7ar, a plataforma integra o <a href=\"https:\/\/www.questionpro.com\/pt-br\/features\/qxbot.html\"><strong>QuestionPro AI<\/strong><\/a>, uma ferramenta que gera estruturas de pesquisa de mercado automatizadas a partir de descri\u00e7\u00f5es breves em linguagem natural. Isso sugere aos pesquisadores vari\u00e1veis e abordagens relevantes para transformar um tema amplo em perguntas mensur\u00e1veis, acelerando significativamente a fase explorat\u00f3ria da delimita\u00e7\u00e3o. Em vez de come\u00e7ar do zero, o pesquisador obt\u00e9m um primeiro esbo\u00e7o de vari\u00e1veis operacionalizadas que pode avaliar, ajustar e validar.<\/p>\n<p>Al\u00e9m disso, os usu\u00e1rios t\u00eam acesso a uma extensa <strong>biblioteca de modelos<\/strong> pr\u00e9-desenhados que servem como guia metodol\u00f3gico para identificar as dimens\u00f5es-chave de m\u00faltiplas \u00e1reas de estudo, da pesquisa qualitativa at\u00e9 estudos quantitativos de larga escala. Esses modelos n\u00e3o substituem o crit\u00e9rio do pesquisador, mas oferecem um ponto de refer\u00eancia concreto sobre quais vari\u00e1veis costumam ser relevantes em cada campo.<\/p>\n<blockquote style=\"border-left: 4px solid #2D6BE4; margin: 1.5rem 0; padding: 1rem 1.5rem; background: #f8faff; border-radius: 0 8px 8px 0; font-family: Arial,sans-serif;\">\n<p style=\"font-size: 16px; font-style: italic; color: #1a2b5e; margin: 0 0 8px 0; line-height: 1.6;\">&#8220;A fase de delimita\u00e7\u00e3o tem\u00e1tica \u00e9 onde um projeto de pesquisa ganha ou perde antes de come\u00e7ar. Quando as equipes t\u00eam acesso a dados hist\u00f3ricos organizacionais e a ferramentas de design assistido, as probabilidades de chegar a uma delimita\u00e7\u00e3o s\u00f3lida aumentam consideravelmente.&#8221;<\/p>\n<p><cite style=\"font-size: 13px; color: #6b7280; font-style: normal;\">\u2014 QuestionPro Research Team<\/cite><\/p><\/blockquote>\n<p>Em n\u00edvel corporativo e estrat\u00e9gico, o reposit\u00f3rio de pesquisa InsightsHub permite que as equipes consultem de forma inteligente os projetos e dados hist\u00f3ricos da organiza\u00e7\u00e3o. Isso facilita a identifica\u00e7\u00e3o de lacunas de conhecimento e garante que os novos projetos tenham um escopo tem\u00e1tico preciso, focado e livre de duplicidades. Em vez de iniciar cada projeto do zero, as equipes conseguem detectar o que j\u00e1 foi respondido internamente e onde existe uma lacuna genu\u00edna que justifica um novo estudo.<\/p>\n<p>Por fim, por meio de ferramentas como Communities, os pesquisadores podem realizar estudos explorat\u00f3rios r\u00e1pidos para refinar qualitativamente os temas antes de escalar a coleta de dados. Isso \u00e9 particularmente valioso na fase de delimita\u00e7\u00e3o, porque permite validar com a pr\u00f3pria popula\u00e7\u00e3o-alvo se as vari\u00e1veis selecionadas s\u00e3o relevantes e compreens\u00edveis. Um breve estudo explorat\u00f3rio em Communities pode poupar semanas de redesign posterior em um instrumento de campo mais amplo.<\/p>\n<h2>Delimita\u00e7\u00e3o tem\u00e1tica e design do instrumento de mensura\u00e7\u00e3o<\/h2>\n<p>H\u00e1 uma implica\u00e7\u00e3o da delimita\u00e7\u00e3o tem\u00e1tica que poucos manuais de metodologia mencionam com \u00eanfase suficiente: cada decis\u00e3o de delimita\u00e7\u00e3o tem um efeito direto no design do instrumento de coleta de dados. N\u00e3o s\u00e3o fases separadas. S\u00e3o fases dependentes.<\/p>\n<p>Se a delimita\u00e7\u00e3o populacional estabelece que ser\u00e3o estudados colaboradores com mais de dois anos de empresa, o question\u00e1rio precisa incluir um filtro demogr\u00e1fico que verifique esse crit\u00e9rio antes de o participante responder \u00e0s perguntas substantivas. Se a delimita\u00e7\u00e3o tem\u00e1tica foca na dimens\u00e3o cognitiva do bem-estar laboral (e exclui a dimens\u00e3o f\u00edsica), nenhuma pergunta do instrumento deve medir fadiga f\u00edsica, ergonomia ou condi\u00e7\u00f5es do posto de trabalho. A coer\u00eancia entre delimita\u00e7\u00e3o e instrumento \u00e9 uma condi\u00e7\u00e3o necess\u00e1ria para que a <a href=\"https:\/\/www.questionpro.com\/pt-br\/analise-de-dados.html\">an\u00e1lise de dados<\/a> posterior fa\u00e7a sentido.<\/p>\n<p>Esse v\u00ednculo entre delimita\u00e7\u00e3o e instrumento tamb\u00e9m tem implica\u00e7\u00f5es para a validade do estudo. Um question\u00e1rio que inclui perguntas fora do escopo delimitado gera &#8220;ru\u00eddo&#8221; na base de dados: respostas que n\u00e3o podem ser integradas coerentemente \u00e0 an\u00e1lise sem distorcer os resultados. A depura\u00e7\u00e3o posterior \u00e9 custosa; a preven\u00e7\u00e3o, por meio de uma boa delimita\u00e7\u00e3o, \u00e9 gratuita. Vale tamb\u00e9m considerar o <a href=\"https:\/\/www.questionpro.com\/blog\/pt-br\/delineamento-sequencial-exploratorio\/\">delineamento sequencial explorat\u00f3rio<\/a> quando a delimita\u00e7\u00e3o ainda precisa ser refinada antes da fase principal de coleta.<\/p>\n<p>Antes de redigir a primeira pergunta do instrumento, verifique que cada item corresponde a uma vari\u00e1vel dentro do escopo delimitado. Se n\u00e3o for poss\u00edvel tra\u00e7ar essa linha direta do item \u00e0 vari\u00e1vel e da vari\u00e1vel ao objetivo de pesquisa, essa pergunta n\u00e3o deveria estar no instrumento.<\/p>\n<h2>Conclus\u00e3o<\/h2>\n<p>A delimita\u00e7\u00e3o tem\u00e1tica da pesquisa n\u00e3o \u00e9 uma formalidade burocr\u00e1tica que se completa para satisfazer os requisitos de um comit\u00ea avaliador. \u00c9 a opera\u00e7\u00e3o metodol\u00f3gica que d\u00e1 sentido a tudo que vem depois: o design do instrumento, a estrat\u00e9gia de amostragem, a an\u00e1lise estat\u00edstica e a interpreta\u00e7\u00e3o dos achados. Um estudo bem delimitado \u00e9 um estudo que pode ser defendido, replicado e constru\u00eddo por outros pesquisadores.<\/p>\n<p>O que fica claro, depois de revisar as quatro dimens\u00f5es, as etapas do processo e os erros t\u00edpicos, \u00e9 que delimitar bem exige tempo e reflex\u00e3o no in\u00edcio do projeto. Esse tempo investido se recupera v\u00e1rias vezes durante a execu\u00e7\u00e3o, na forma de menos redesigns, menos dados inutiliz\u00e1veis e mais achados coerentes com os objetivos estabelecidos.<\/p>\n<p>Quer levar o seu processo de pesquisa ao pr\u00f3ximo n\u00edvel com ferramentas que ajudem a delimitar, projetar e executar estudos mais s\u00f3lidos? Fale com a equipe do QuestionPro e descubra como podemos acompanhar voc\u00ea da fase de delimita\u00e7\u00e3o at\u00e9 a an\u00e1lise final.<\/p>\n\n\t<div class=\"banner-section wf-section\" lang=\"\" >\n\t\t<div class=\"right-column-container\">\n\t\t\t<div class=\"bannerbg white\">\n\t\t\t\t<span class=\"h1-2\">Crie experi\u00eancias memor\u00e1veis com base em dados em tempo real, insights e an\u00e1lises avan\u00e7adas<\/span>\n\t\t\t\t<a href=\"#userliteForm\" data-toggle=\"modal\" class=\"button w-button\">Agendar demo<\/a>\n\t\t\t<\/div>\n\t\t<\/div>\n\t<\/div>\n\t<div class=\"userlite-modal modal fade\" id=\"userliteForm\" tabindex=\"-1\" role=\"dialog\" style=\"display: none;\">\n\t\t<div class=\"modal-dialog\" role=\"document\">\n\t\t\t<div class=\"modal-content\" role=\"document\">\n\t\t\t\t<div class=\"modal-body\">\n\t\t\t\t\t<div class=\"modal-header\">\n\t\t\t\t\t\t<button type=\"button\" class=\"close\" data-dismiss=\"modal\" aria-label=\"Close\">\n\t\t\t\t\t\t\t<i class=\"material-icons\">close<\/i>\n\t\t\t\t\t\t<\/button>\n\t\t\t\t\t<\/div>\n\t\t\t\t\t<div class=\"contact-us-form-wrapper contact-box\">\n\t\t\t\t\t\t<div class=\"userlite-form-wrapper\">\n\t\t\t\t\t\t\t<iframe src=\"https:\/\/www.questionpro.com\/userlite-form-blog-portuguese.html?product=Surveys&amp;referralurl=https:\/\/www.questionpro.com\/blog\/pt-br\/wp-json\/wp\/v2\/posts\/&amp;lang=pt_br&amp;cat=pesquisa-de-mercado\" style=\"display: block;\" ><\/iframe>\n\t\t\t\t\t\t<\/div>\n\t\t\t\t\t\t<div class=\"demo-form-wrapper success-message-div\" style=\"display:none\">\n\t\t\t\t\t\t\t<p class=\"success-message-para\"><\/p>\n\t\t\t\t\t\t<\/div>\n\t\t\t\t\t<\/div>\n\t\t\t\t<\/div>\n\t\t\t<\/div>\n\t\t<\/div>\n\t<\/div>\n<div class=\"schema-faq wp-block-yoast-faq-block\">\n<div class=\"schema-faq-section\"><strong class=\"schema-faq-question\">O que \u00e9 a delimita\u00e7\u00e3o tem\u00e1tica da pesquisa?<\/strong><\/p>\n<p class=\"schema-faq-answer\">A delimita\u00e7\u00e3o tem\u00e1tica da pesquisa \u00e9 o processo pelo qual o pesquisador define com precis\u00e3o o escopo do estudo: que fen\u00f4meno \u00e9 investigado, em que popula\u00e7\u00e3o, em que contexto geogr\u00e1fico e em que per\u00edodo temporal. Delimitar n\u00e3o \u00e9 reduzir a import\u00e2ncia do estudo, \u00e9 garantir que ele seja execut\u00e1vel, coerente e capaz de produzir achados verific\u00e1veis. Uma boa delimita\u00e7\u00e3o \u00e9 a base sobre a qual toda a metodologia posterior \u00e9 constru\u00edda.<\/p>\n<\/div>\n<div class=\"schema-faq-section\"><strong class=\"schema-faq-question\">Qual \u00e9 a diferen\u00e7a entre delimita\u00e7\u00e3o e limita\u00e7\u00e3o na pesquisa?<\/strong><\/p>\n<p class=\"schema-faq-answer\">A delimita\u00e7\u00e3o s\u00e3o as decis\u00f5es estrat\u00e9gicas que o pesquisador toma voluntariamente para recortar o escopo do estudo, como estudar apenas uma regi\u00e3o espec\u00edfica do Brasil ou uma faixa et\u00e1ria determinada. As limita\u00e7\u00f5es, por outro lado, s\u00e3o restri\u00e7\u00f5es n\u00e3o escolhidas que o pesquisador enfrenta durante a execu\u00e7\u00e3o, como acesso limitado a certos dados ou uma taxa de resposta menor do que o esperado. As primeiras se justificam metodologicamente; as segundas se reconhecem com transpar\u00eancia na se\u00e7\u00e3o de discuss\u00e3o.<\/p>\n<\/div>\n<div class=\"schema-faq-section\"><strong class=\"schema-faq-question\">Quais s\u00e3o as dimens\u00f5es da delimita\u00e7\u00e3o tem\u00e1tica?<\/strong><\/p>\n<p class=\"schema-faq-answer\">Toda delimita\u00e7\u00e3o tem\u00e1tica opera em quatro dimens\u00f5es principais. A dimens\u00e3o tem\u00e1tica ou conceitual define quais aspectos do fen\u00f4meno s\u00e3o inclu\u00eddos e quais ficam de fora. A dimens\u00e3o espacial estabelece o territ\u00f3rio ou contexto do estudo. A dimens\u00e3o temporal fixa o per\u00edodo coberto pela pesquisa. A dimens\u00e3o populacional especifica quem comp\u00f5e o universo de estudo. Essas quatro dimens\u00f5es devem ser coerentes entre si para que o design metodol\u00f3gico seja s\u00f3lido.<\/p>\n<\/div>\n<div class=\"schema-faq-section\"><strong class=\"schema-faq-question\">Quando se define a delimita\u00e7\u00e3o tem\u00e1tica em um projeto de pesquisa?<\/strong><\/p>\n<p class=\"schema-faq-answer\">A delimita\u00e7\u00e3o tem\u00e1tica deve ser definida antes de projetar o instrumento de coleta de dados. \u00c9 uma das primeiras decis\u00f5es metodol\u00f3gicas do projeto, pois determina quais vari\u00e1veis ser\u00e3o mensuradas, com qual popula\u00e7\u00e3o se trabalhar\u00e1 e quais t\u00e9cnicas de amostragem s\u00e3o adequadas. Delimitar ap\u00f3s ter projetado o question\u00e1rio ou iniciado a coleta gera inconsist\u00eancias que s\u00e3o custosas de corrigir e podem comprometer a validade do estudo.<\/p>\n<\/div>\n<div class=\"schema-faq-section\"><strong class=\"schema-faq-question\">Como o QuestionPro ajuda na delimita\u00e7\u00e3o tem\u00e1tica da pesquisa?<\/strong><\/p>\n<p class=\"schema-faq-answer\">O QuestionPro apoia a fase de delimita\u00e7\u00e3o tem\u00e1tica por meio de v\u00e1rias ferramentas complementares. O QuestionPro AI gera estruturas de pesquisa automatizadas a partir de descri\u00e7\u00f5es em linguagem natural, sugerindo vari\u00e1veis e abordagens relevantes para recortar o tema. A biblioteca de modelos oferece refer\u00eancia metodol\u00f3gica sobre as dimens\u00f5es-chave em diferentes \u00e1reas de estudo. O InsightsHub permite consultar projetos hist\u00f3ricos para identificar lacunas de conhecimento, e o Communities facilita estudos explorat\u00f3rios r\u00e1pidos para validar a delimita\u00e7\u00e3o antes de escalar a coleta de dados.<\/p>\n<\/div>\n<\/div>\n","protected":false},"excerpt":{"rendered":"<p>Entenda o que \u00e9 a delimita\u00e7\u00e3o tem\u00e1tica da pesquisa, por que ela determina o sucesso do estudo e como aplic\u00e1-la passo a passo com ferramentas concretas.<\/p>\n","protected":false},"author":42,"featured_media":1089936,"comment_status":"closed","ping_status":"closed","sticky":false,"template":"","format":"standard","meta":{"_yoast_wpseo_focuskw":"delimita\u00e7\u00e3o tem\u00e1tica da pesquisa","_yoast_wpseo_title":"Delimita\u00e7\u00e3o tem\u00e1tica da pesquisa: o que \u00e9 e como definir","_yoast_wpseo_metadesc":"Entenda o que \u00e9 a delimita\u00e7\u00e3o tem\u00e1tica da pesquisa, por que ela determina o sucesso do estudo e como aplic\u00e1-la com ferramentas concretas.","_genesis_hide_title":false,"_genesis_hide_breadcrumbs":false,"_genesis_hide_singular_image":false,"_genesis_hide_footer_widgets":false,"_genesis_custom_body_class":"","_genesis_custom_post_class":"","_genesis_layout":"","footnotes":""},"categories":[243],"tags":[],"yoast_head":"<!-- This site is optimized with the Yoast SEO plugin v20.4 - https:\/\/yoast.com\/wordpress\/plugins\/seo\/ -->\n<title>Delimita\u00e7\u00e3o tem\u00e1tica da pesquisa: o que \u00e9 e como definir<\/title>\n<meta name=\"description\" content=\"Entenda o que \u00e9 a delimita\u00e7\u00e3o tem\u00e1tica da pesquisa, por que ela determina o sucesso do estudo e como aplic\u00e1-la com ferramentas concretas.\" \/>\n<meta name=\"robots\" content=\"index, follow, max-snippet:-1, max-image-preview:large, max-video-preview:-1\" \/>\n<link rel=\"canonical\" href=\"https:\/\/www.questionpro.com\/blog\/pt-br\/delimitacao-tematica-da-pesquisa\/\" \/>\n<meta property=\"og:locale\" content=\"pt_BR\" \/>\n<meta property=\"og:type\" content=\"article\" \/>\n<meta property=\"og:title\" content=\"Delimita\u00e7\u00e3o tem\u00e1tica da pesquisa: o que \u00e9 e como definir\" \/>\n<meta property=\"og:description\" content=\"Entenda o que \u00e9 a delimita\u00e7\u00e3o tem\u00e1tica da pesquisa, por que ela determina o sucesso do estudo e como aplic\u00e1-la com ferramentas concretas.\" \/>\n<meta property=\"og:url\" content=\"https:\/\/www.questionpro.com\/blog\/pt-br\/delimitacao-tematica-da-pesquisa\/\" \/>\n<meta property=\"og:site_name\" content=\"QuestionPro\" \/>\n<meta property=\"article:publisher\" content=\"https:\/\/www.facebook.com\/questionpro\" \/>\n<meta property=\"article:published_time\" content=\"2026-09-01T11:00:00+00:00\" \/>\n<meta property=\"article:modified_time\" content=\"2026-07-23T15:32:34+00:00\" \/>\n<meta property=\"og:image\" content=\"https:\/\/www.questionpro.com\/blog\/wp-content\/uploads\/2026\/07\/cover-delimitacao-tematica-da-pesquisa.jpg\" \/>\n\t<meta property=\"og:image:width\" content=\"1255\" \/>\n\t<meta property=\"og:image:height\" content=\"705\" \/>\n\t<meta property=\"og:image:type\" content=\"image\/jpeg\" \/>\n<meta name=\"author\" content=\"Cristina Ortega\" \/>\n<meta name=\"twitter:card\" content=\"summary_large_image\" \/>\n<meta name=\"twitter:creator\" content=\"@questionpro\" \/>\n<meta name=\"twitter:site\" content=\"@questionpro\" \/>\n<meta name=\"twitter:label1\" content=\"Escrito por\" \/>\n\t<meta name=\"twitter:data1\" content=\"Cristina Ortega\" \/>\n\t<meta name=\"twitter:label2\" content=\"Est. tempo de leitura\" \/>\n\t<meta name=\"twitter:data2\" content=\"14 minutos\" \/>\n<script type=\"application\/ld+json\" class=\"yoast-schema-graph\">{\"@context\":\"https:\/\/schema.org\",\"@graph\":[{\"@type\":\"Article\",\"@id\":\"https:\/\/www.questionpro.com\/blog\/pt-br\/delimitacao-tematica-da-pesquisa\/#article\",\"isPartOf\":{\"@id\":\"https:\/\/www.questionpro.com\/blog\/pt-br\/delimitacao-tematica-da-pesquisa\/\"},\"author\":{\"name\":\"Cristina Ortega\",\"@id\":\"https:\/\/www.questionpro.com\/blog\/pt-br\/#\/schema\/person\/36aae2d8eed7708b6408f95c0198593d\"},\"headline\":\"Delimita\u00e7\u00e3o tem\u00e1tica da pesquisa: o que \u00e9 e como definir corretamente\",\"datePublished\":\"2026-09-01T11:00:00+00:00\",\"dateModified\":\"2026-07-23T15:32:34+00:00\",\"mainEntityOfPage\":{\"@id\":\"https:\/\/www.questionpro.com\/blog\/pt-br\/delimitacao-tematica-da-pesquisa\/\"},\"wordCount\":3627,\"publisher\":{\"@id\":\"https:\/\/www.questionpro.com\/blog\/pt-br\/#organization\"},\"articleSection\":[\"Pesquisa de mercado\"],\"inLanguage\":\"pt-BR\"},{\"@type\":\"WebPage\",\"@id\":\"https:\/\/www.questionpro.com\/blog\/pt-br\/delimitacao-tematica-da-pesquisa\/\",\"url\":\"https:\/\/www.questionpro.com\/blog\/pt-br\/delimitacao-tematica-da-pesquisa\/\",\"name\":\"Delimita\u00e7\u00e3o tem\u00e1tica da pesquisa: o que \u00e9 e como definir\",\"isPartOf\":{\"@id\":\"https:\/\/www.questionpro.com\/blog\/pt-br\/#website\"},\"datePublished\":\"2026-09-01T11:00:00+00:00\",\"dateModified\":\"2026-07-23T15:32:34+00:00\",\"description\":\"Entenda o que \u00e9 a delimita\u00e7\u00e3o tem\u00e1tica da pesquisa, por que ela determina o sucesso do estudo e como aplic\u00e1-la com ferramentas concretas.\",\"breadcrumb\":{\"@id\":\"https:\/\/www.questionpro.com\/blog\/pt-br\/delimitacao-tematica-da-pesquisa\/#breadcrumb\"},\"inLanguage\":\"pt-BR\",\"potentialAction\":[{\"@type\":\"ReadAction\",\"target\":[\"https:\/\/www.questionpro.com\/blog\/pt-br\/delimitacao-tematica-da-pesquisa\/\"]}]},{\"@type\":\"BreadcrumbList\",\"@id\":\"https:\/\/www.questionpro.com\/blog\/pt-br\/delimitacao-tematica-da-pesquisa\/#breadcrumb\",\"itemListElement\":[{\"@type\":\"ListItem\",\"position\":1,\"name\":\"In\u00edcio\",\"item\":\"https:\/\/www.questionpro.com\/blog\/pt-br\/\"},{\"@type\":\"ListItem\",\"position\":2,\"name\":\"Pesquisa de mercado\",\"item\":\"https:\/\/www.questionpro.com\/blog\/pt-br\/category\/pesquisa-de-mercado\/\"},{\"@type\":\"ListItem\",\"position\":3,\"name\":\"Delimita\u00e7\u00e3o tem\u00e1tica da pesquisa: o que \u00e9 e como definir corretamente\"}]},{\"@type\":\"WebSite\",\"@id\":\"https:\/\/www.questionpro.com\/blog\/pt-br\/#website\",\"url\":\"https:\/\/www.questionpro.com\/blog\/pt-br\/\",\"name\":\"QuestionPro\",\"description\":\"\",\"publisher\":{\"@id\":\"https:\/\/www.questionpro.com\/blog\/pt-br\/#organization\"},\"potentialAction\":[{\"@type\":\"SearchAction\",\"target\":{\"@type\":\"EntryPoint\",\"urlTemplate\":\"https:\/\/www.questionpro.com\/blog\/pt-br\/?s={search_term_string}\"},\"query-input\":\"required name=search_term_string\"}],\"inLanguage\":\"pt-BR\"},{\"@type\":\"Organization\",\"@id\":\"https:\/\/www.questionpro.com\/blog\/pt-br\/#organization\",\"name\":\"QuestionPro\",\"url\":\"https:\/\/www.questionpro.com\/blog\/pt-br\/\",\"logo\":{\"@type\":\"ImageObject\",\"inLanguage\":\"pt-BR\",\"@id\":\"https:\/\/www.questionpro.com\/blog\/pt-br\/#\/schema\/logo\/image\/\",\"url\":\"https:\/\/www.questionpro.com\/blog\/wp-content\/uploads\/2022\/10\/questionpro-logo.svg\",\"contentUrl\":\"https:\/\/www.questionpro.com\/blog\/wp-content\/uploads\/2022\/10\/questionpro-logo.svg\",\"caption\":\"QuestionPro\"},\"image\":{\"@id\":\"https:\/\/www.questionpro.com\/blog\/pt-br\/#\/schema\/logo\/image\/\"},\"sameAs\":[\"https:\/\/www.facebook.com\/questionpro\",\"https:\/\/twitter.com\/questionpro\",\"https:\/\/www.linkedin.com\/company\/questionpro\/\"]},{\"@type\":\"Person\",\"@id\":\"https:\/\/www.questionpro.com\/blog\/pt-br\/#\/schema\/person\/36aae2d8eed7708b6408f95c0198593d\",\"name\":\"Cristina Ortega\",\"image\":{\"@type\":\"ImageObject\",\"inLanguage\":\"pt-BR\",\"@id\":\"https:\/\/www.questionpro.com\/blog\/pt-br\/#\/schema\/person\/image\/\",\"url\":\"https:\/\/secure.gravatar.com\/avatar\/49635f2181bfe83c436d50b9a8bf1f2e?s=96&d=mm&r=g\",\"contentUrl\":\"https:\/\/secure.gravatar.com\/avatar\/49635f2181bfe83c436d50b9a8bf1f2e?s=96&d=mm&r=g\",\"caption\":\"Cristina Ortega\"},\"url\":\"https:\/\/www.questionpro.com\/blog\/pt-br\/author\/cristinaortega\/\"}]}<\/script>\n<!-- \/ Yoast SEO plugin. -->","yoast_head_json":{"title":"Delimita\u00e7\u00e3o tem\u00e1tica da pesquisa: o que \u00e9 e como definir","description":"Entenda o que \u00e9 a delimita\u00e7\u00e3o tem\u00e1tica da pesquisa, por que ela determina o sucesso do estudo e como aplic\u00e1-la com ferramentas concretas.","robots":{"index":"index","follow":"follow","max-snippet":"max-snippet:-1","max-image-preview":"max-image-preview:large","max-video-preview":"max-video-preview:-1"},"canonical":"https:\/\/www.questionpro.com\/blog\/pt-br\/delimitacao-tematica-da-pesquisa\/","og_locale":"pt_BR","og_type":"article","og_title":"Delimita\u00e7\u00e3o tem\u00e1tica da pesquisa: o que \u00e9 e como definir","og_description":"Entenda o que \u00e9 a delimita\u00e7\u00e3o tem\u00e1tica da pesquisa, por que ela determina o sucesso do estudo e como aplic\u00e1-la com ferramentas concretas.","og_url":"https:\/\/www.questionpro.com\/blog\/pt-br\/delimitacao-tematica-da-pesquisa\/","og_site_name":"QuestionPro","article_publisher":"https:\/\/www.facebook.com\/questionpro","article_published_time":"2026-09-01T11:00:00+00:00","article_modified_time":"2026-07-23T15:32:34+00:00","og_image":[{"width":1255,"height":705,"url":"https:\/\/www.questionpro.com\/blog\/wp-content\/uploads\/2026\/07\/cover-delimitacao-tematica-da-pesquisa.jpg","type":"image\/jpeg"}],"author":"Cristina Ortega","twitter_card":"summary_large_image","twitter_creator":"@questionpro","twitter_site":"@questionpro","twitter_misc":{"Escrito por":"Cristina Ortega","Est. tempo de leitura":"14 minutos"},"schema":{"@context":"https:\/\/schema.org","@graph":[{"@type":"Article","@id":"https:\/\/www.questionpro.com\/blog\/pt-br\/delimitacao-tematica-da-pesquisa\/#article","isPartOf":{"@id":"https:\/\/www.questionpro.com\/blog\/pt-br\/delimitacao-tematica-da-pesquisa\/"},"author":{"name":"Cristina Ortega","@id":"https:\/\/www.questionpro.com\/blog\/pt-br\/#\/schema\/person\/36aae2d8eed7708b6408f95c0198593d"},"headline":"Delimita\u00e7\u00e3o tem\u00e1tica da pesquisa: o que \u00e9 e como definir corretamente","datePublished":"2026-09-01T11:00:00+00:00","dateModified":"2026-07-23T15:32:34+00:00","mainEntityOfPage":{"@id":"https:\/\/www.questionpro.com\/blog\/pt-br\/delimitacao-tematica-da-pesquisa\/"},"wordCount":3627,"publisher":{"@id":"https:\/\/www.questionpro.com\/blog\/pt-br\/#organization"},"articleSection":["Pesquisa de mercado"],"inLanguage":"pt-BR"},{"@type":"WebPage","@id":"https:\/\/www.questionpro.com\/blog\/pt-br\/delimitacao-tematica-da-pesquisa\/","url":"https:\/\/www.questionpro.com\/blog\/pt-br\/delimitacao-tematica-da-pesquisa\/","name":"Delimita\u00e7\u00e3o tem\u00e1tica da pesquisa: o que \u00e9 e como definir","isPartOf":{"@id":"https:\/\/www.questionpro.com\/blog\/pt-br\/#website"},"datePublished":"2026-09-01T11:00:00+00:00","dateModified":"2026-07-23T15:32:34+00:00","description":"Entenda o que \u00e9 a delimita\u00e7\u00e3o tem\u00e1tica da pesquisa, por que ela determina o sucesso do estudo e como aplic\u00e1-la com ferramentas concretas.","breadcrumb":{"@id":"https:\/\/www.questionpro.com\/blog\/pt-br\/delimitacao-tematica-da-pesquisa\/#breadcrumb"},"inLanguage":"pt-BR","potentialAction":[{"@type":"ReadAction","target":["https:\/\/www.questionpro.com\/blog\/pt-br\/delimitacao-tematica-da-pesquisa\/"]}]},{"@type":"BreadcrumbList","@id":"https:\/\/www.questionpro.com\/blog\/pt-br\/delimitacao-tematica-da-pesquisa\/#breadcrumb","itemListElement":[{"@type":"ListItem","position":1,"name":"In\u00edcio","item":"https:\/\/www.questionpro.com\/blog\/pt-br\/"},{"@type":"ListItem","position":2,"name":"Pesquisa de mercado","item":"https:\/\/www.questionpro.com\/blog\/pt-br\/category\/pesquisa-de-mercado\/"},{"@type":"ListItem","position":3,"name":"Delimita\u00e7\u00e3o tem\u00e1tica da pesquisa: o que \u00e9 e como definir corretamente"}]},{"@type":"WebSite","@id":"https:\/\/www.questionpro.com\/blog\/pt-br\/#website","url":"https:\/\/www.questionpro.com\/blog\/pt-br\/","name":"QuestionPro","description":"","publisher":{"@id":"https:\/\/www.questionpro.com\/blog\/pt-br\/#organization"},"potentialAction":[{"@type":"SearchAction","target":{"@type":"EntryPoint","urlTemplate":"https:\/\/www.questionpro.com\/blog\/pt-br\/?s={search_term_string}"},"query-input":"required name=search_term_string"}],"inLanguage":"pt-BR"},{"@type":"Organization","@id":"https:\/\/www.questionpro.com\/blog\/pt-br\/#organization","name":"QuestionPro","url":"https:\/\/www.questionpro.com\/blog\/pt-br\/","logo":{"@type":"ImageObject","inLanguage":"pt-BR","@id":"https:\/\/www.questionpro.com\/blog\/pt-br\/#\/schema\/logo\/image\/","url":"https:\/\/www.questionpro.com\/blog\/wp-content\/uploads\/2022\/10\/questionpro-logo.svg","contentUrl":"https:\/\/www.questionpro.com\/blog\/wp-content\/uploads\/2022\/10\/questionpro-logo.svg","caption":"QuestionPro"},"image":{"@id":"https:\/\/www.questionpro.com\/blog\/pt-br\/#\/schema\/logo\/image\/"},"sameAs":["https:\/\/www.facebook.com\/questionpro","https:\/\/twitter.com\/questionpro","https:\/\/www.linkedin.com\/company\/questionpro\/"]},{"@type":"Person","@id":"https:\/\/www.questionpro.com\/blog\/pt-br\/#\/schema\/person\/36aae2d8eed7708b6408f95c0198593d","name":"Cristina Ortega","image":{"@type":"ImageObject","inLanguage":"pt-BR","@id":"https:\/\/www.questionpro.com\/blog\/pt-br\/#\/schema\/person\/image\/","url":"https:\/\/secure.gravatar.com\/avatar\/49635f2181bfe83c436d50b9a8bf1f2e?s=96&d=mm&r=g","contentUrl":"https:\/\/secure.gravatar.com\/avatar\/49635f2181bfe83c436d50b9a8bf1f2e?s=96&d=mm&r=g","caption":"Cristina Ortega"},"url":"https:\/\/www.questionpro.com\/blog\/pt-br\/author\/cristinaortega\/"}]}},"featured_image_src":"https:\/\/www.questionpro.com\/blog\/wp-content\/uploads\/2026\/07\/cover-delimitacao-tematica-da-pesquisa-600x400.jpg","featured_image_src_square":"https:\/\/www.questionpro.com\/blog\/wp-content\/uploads\/2026\/07\/cover-delimitacao-tematica-da-pesquisa-600x600.jpg","author_info":{"display_name":"Cristina Ortega","author_link":"https:\/\/www.questionpro.com\/blog\/pt-br\/author\/cristinaortega\/"},"_links":{"self":[{"href":"https:\/\/www.questionpro.com\/blog\/pt-br\/wp-json\/wp\/v2\/posts\/1089869"}],"collection":[{"href":"https:\/\/www.questionpro.com\/blog\/pt-br\/wp-json\/wp\/v2\/posts"}],"about":[{"href":"https:\/\/www.questionpro.com\/blog\/pt-br\/wp-json\/wp\/v2\/types\/post"}],"author":[{"embeddable":true,"href":"https:\/\/www.questionpro.com\/blog\/pt-br\/wp-json\/wp\/v2\/users\/42"}],"replies":[{"embeddable":true,"href":"https:\/\/www.questionpro.com\/blog\/pt-br\/wp-json\/wp\/v2\/comments?post=1089869"}],"version-history":[{"count":3,"href":"https:\/\/www.questionpro.com\/blog\/pt-br\/wp-json\/wp\/v2\/posts\/1089869\/revisions"}],"predecessor-version":[{"id":1097042,"href":"https:\/\/www.questionpro.com\/blog\/pt-br\/wp-json\/wp\/v2\/posts\/1089869\/revisions\/1097042"}],"wp:featuredmedia":[{"embeddable":true,"href":"https:\/\/www.questionpro.com\/blog\/pt-br\/wp-json\/wp\/v2\/media\/1089936"}],"wp:attachment":[{"href":"https:\/\/www.questionpro.com\/blog\/pt-br\/wp-json\/wp\/v2\/media?parent=1089869"}],"wp:term":[{"taxonomy":"category","embeddable":true,"href":"https:\/\/www.questionpro.com\/blog\/pt-br\/wp-json\/wp\/v2\/categories?post=1089869"},{"taxonomy":"post_tag","embeddable":true,"href":"https:\/\/www.questionpro.com\/blog\/pt-br\/wp-json\/wp\/v2\/tags?post=1089869"}],"curies":[{"name":"wp","href":"https:\/\/api.w.org\/{rel}","templated":true}]}},{"id":1089773,"date":"2026-08-31T04:00:00","date_gmt":"2026-08-31T11:00:00","guid":{"rendered":"https:\/\/www.questionpro.com\/blog\/?p=1089773"},"modified":"2026-07-22T17:56:04","modified_gmt":"2026-07-23T00:56:04","slug":"gestao-das-emocoes-no-trabalho","status":"publish","type":"post","link":"https:\/\/www.questionpro.com\/blog\/pt-br\/gestao-das-emocoes-no-trabalho\/","title":{"rendered":"Gest\u00e3o das emo\u00e7\u00f5es no trabalho: estrat\u00e9gias para equipes mais resilientes"},"content":{"rendered":"<p>Gerenciar o que voc\u00ea sente enquanto trabalha parece uma quest\u00e3o pessoal. E \u00e9, em parte. Mas quando o estresse se acumula, as emo\u00e7\u00f5es sem sa\u00edda se transformam em absente\u00edsmo, conflitos entre times e decis\u00f5es tomadas no modo piloto autom\u00e1tico. A <strong>gest\u00e3o das emo\u00e7\u00f5es no trabalho<\/strong> n\u00e3o \u00e9 uma habilidade comportamental opcional: \u00e9 um indicador da sa\u00fade real da sua organiza\u00e7\u00e3o.<\/p>\n<p>Se voc\u00ea lidera equipes ou atua em RH, aqui voc\u00ea vai encontrar o que a regula\u00e7\u00e3o emocional realmente significa em ambientes de trabalho, quais emo\u00e7\u00f5es mais impactam o desempenho e como medir o estado emocional da sua equipe antes que os problemas se tornem irrevers\u00edveis.<\/p>\n<style>.qp-art-summary[open] .qp-art-arrow{transform:rotate(180deg)}.qp-art-arrow{transition:transform 0.25s ease;display:inline-block;}<\/style>\n<details class=\"qp-art-summary\" style=\"background: #f8faff; border: 2px solid #2D6BE4; border-radius: 12px; margin: 1.5rem 0; font-family: Arial,sans-serif; overflow: hidden;\">\n<summary style=\"background: #1a2b5e; color: #ffffff; padding: 1rem 1.25rem; cursor: pointer; font-size: 16px; font-weight: bold; list-style: none; display: flex; align-items: center; gap: 10px; margin: 0;\"><span style=\"font-size: 20px; line-height: 1; flex-shrink: 0;\">\ud83d\udc41<\/span> Resumo do artigo<span class=\"qp-art-arrow\" style=\"margin-left: auto; font-size: 13px; opacity: 0.75;\">\u25bc<\/span><\/summary>\n<ul style=\"margin: 0; padding: 1rem 1.5rem; list-style: none;\">\n<li style=\"padding: 0.6rem 0; border-bottom: 1px solid #e5e7eb; color: #374151; font-size: 15px; line-height: 1.6; display: flex; gap: 10px; align-items: flex-start;\"><span style=\"color: #2d6be4; font-weight: bold; flex-shrink: 0; margin-top: 2px;\">\u2713<\/span> Gest\u00e3o das emo\u00e7\u00f5es no trabalho \u00e9 a capacidade de reconhecer, regular e canalizar respostas emocionais para sustentar o desempenho e os relacionamentos profissionais.<\/li>\n<li style=\"padding: 0.6rem 0; border-bottom: 1px solid #e5e7eb; color: #374151; font-size: 15px; line-height: 1.6; display: flex; gap: 10px; align-items: flex-start;\"><span style=\"color: #2d6be4; font-weight: bold; flex-shrink: 0; margin-top: 2px;\">\u2713<\/span> A OMS calcula que 12 bilh\u00f5es de dias de trabalho s\u00e3o perdidos por ano por depress\u00e3o e ansiedade, com custo de US$1 trilh\u00e3o em produtividade.<\/li>\n<li style=\"padding: 0.6rem 0; border-bottom: 1px solid #e5e7eb; color: #374151; font-size: 15px; line-height: 1.6; display: flex; gap: 10px; align-items: flex-start;\"><span style=\"color: #2d6be4; font-weight: bold; flex-shrink: 0; margin-top: 2px;\">\u2713<\/span> Estresse cr\u00f4nico, frustra\u00e7\u00e3o sustentada, medo do erro e desmotiva\u00e7\u00e3o s\u00e3o as emo\u00e7\u00f5es de maior impacto no desempenho organizacional.<\/li>\n<li style=\"padding: 0.6rem 0; border-bottom: 1px solid #e5e7eb; color: #374151; font-size: 15px; line-height: 1.6; display: flex; gap: 10px; align-items: flex-start;\"><span style=\"color: #2d6be4; font-weight: bold; flex-shrink: 0; margin-top: 2px;\">\u2713<\/span> As estrat\u00e9gias mais eficazes atuam em tr\u00eas n\u00edveis: individual, de equipe e organizacional, sem transferir a responsabilidade apenas ao colaborador.<\/li>\n<li style=\"padding: 0.6rem 0; border-bottom: 1px solid #e5e7eb; color: #374151; font-size: 15px; line-height: 1.6; display: flex; gap: 10px; align-items: flex-start;\"><span style=\"color: #2d6be4; font-weight: bold; flex-shrink: 0; margin-top: 2px;\">\u2713<\/span> QuestionPro Employee Experience permite medir emo\u00e7\u00f5es, bem-estar e estresse com BeXO, o m\u00f3dulo PulseXO e an\u00e1lise de sentimento com intelig\u00eancia artificial.<\/li>\n<li style=\"padding: 0.6rem 0; color: #374151; font-size: 15px; line-height: 1.6; display: flex; gap: 10px; align-items: flex-start;\"><span style=\"color: #2d6be4; font-weight: bold; flex-shrink: 0; margin-top: 2px;\">\u2713<\/span> Medir n\u00e3o \u00e9 suficiente: l\u00edderes de RH precisam agir sobre os dados emocionais de forma proativa para reduzir o burnout e melhorar o ambiente de trabalho.<\/li>\n<\/ul>\n<\/details>\n\n<h2>O que \u00e9 gest\u00e3o das emo\u00e7\u00f5es no trabalho?<\/h2>\n<p>Gest\u00e3o das emo\u00e7\u00f5es no trabalho \u00e9 a capacidade de identificar, compreender e regular as respostas emocionais pr\u00f3prias e alheias dentro do ambiente profissional, com o objetivo de sustentar o desempenho, preservar os relacionamentos e tomar melhores decis\u00f5es sob press\u00e3o. N\u00e3o se trata de suprimir o que voc\u00ea sente, mas de transformar essa informa\u00e7\u00e3o emocional em um recurso e n\u00e3o em um obst\u00e1culo.<\/p>\n<p>Aqui vai: as emo\u00e7\u00f5es n\u00e3o ficam em casa quando uma pessoa entra para trabalhar. Um colaborador que recebeu uma cr\u00edtica injusta na reuni\u00e3o das 9h toma decis\u00f5es diferentes na negocia\u00e7\u00e3o das 15h. Uma pessoa que h\u00e1 semanas carrega mais trabalho do que consegue absorver n\u00e3o performa igual, mesmo que &#8220;tecnicamente&#8221; esteja dispon\u00edvel. A gest\u00e3o emocional \u00e9, nesse sentido, insepar\u00e1vel da gest\u00e3o do desempenho.<\/p>\n<p>A psicologia organizacional distingue dois n\u00edveis: a regula\u00e7\u00e3o emocional individual (o que cada pessoa faz com suas pr\u00f3prias emo\u00e7\u00f5es) e o clima emocional coletivo (o tom afetivo predominante em uma equipe ou \u00e1rea). Ambos os n\u00edveis se influenciam mutuamente e ambos s\u00e3o mensur\u00e1veis, embora poucas organiza\u00e7\u00f5es fa\u00e7am isso com a sistematicidade que o tema merece.<\/p>\n<h2>Por que emo\u00e7\u00f5es n\u00e3o gerenciadas custam dinheiro<\/h2>\n<p>H\u00e1 uma tend\u00eancia em muitas empresas de tratar temas emocionais como luxo ou como algo que &#8220;n\u00e3o \u00e9 problema da empresa&#8221;. Os dados dizem o contr\u00e1rio, e os n\u00fameros s\u00e3o dif\u00edceis de ignorar.<\/p>\n<div style=\"background: #f8faff; border-left: 5px solid #2D6BE4; border-radius: 0 12px 12px 0; padding: 1.25rem 1.5rem; margin: 1.5rem 0; font-family: Arial,sans-serif;\">\n<p style=\"font-size: 26px; font-weight: 800; color: #1a2b5e; margin: 0 0 6px 0;\">12 bilh\u00f5es<\/p>\n<p style=\"font-size: 15px; color: #374151; margin: 0 0 8px 0; line-height: 1.5;\">de dias de trabalho s\u00e3o perdidos a cada ano no mundo por depress\u00e3o e ansiedade no ambiente laboral, com um custo de US$1 trilh\u00e3o em perda de produtividade.<\/p>\n<p style=\"font-size: 13px; color: #6b7280; margin: 0;\">Fonte: Organiza\u00e7\u00e3o Mundial da Sa\u00fade (OMS), 2024<\/p>\n<\/div>\n<p>Esses n\u00fameros n\u00e3o representam apenas o custo direto dos afastamentos. Incluem presente\u00edsmo (pessoas que v\u00e3o trabalhar mas operam muito abaixo da sua capacidade), alta rotatividade e o custo de substituir colaboradores que saem por esgotamento. Quando uma empresa perde algu\u00e9m por <a href=\"https:\/\/www.questionpro.com\/blog\/pt-br\/esgotamento-no-trabalho\/\" target=\"_blank\" rel=\"noopener\">burnout<\/a>, n\u00e3o perde apenas aquela pessoa: perde o conhecimento acumulado, os projetos em andamento e a energia que essa sa\u00edda gera no restante da equipe.<\/p>\n<p>Mas aten\u00e7\u00e3o: o problema nem sempre \u00e9 vis\u00edvel antes de ser tarde demais. As emo\u00e7\u00f5es dif\u00edceis como frustra\u00e7\u00e3o sustentada, medo do erro ou desmotiva\u00e7\u00e3o cr\u00f4nica raramente se manifestam como uma crise repentina. Elas se expressam lentamente, na forma de menor iniciativa, comunica\u00e7\u00e3o mais defensiva e qualidade de trabalho que cai de forma quase impercept\u00edvel semana ap\u00f3s semana.<\/p>\n<div style=\"background: #f8faff; border-left: 5px solid #2D6BE4; border-radius: 0 12px 12px 0; padding: 1.25rem 1.5rem; margin: 1.5rem 0; font-family: Arial,sans-serif;\">\n<p style=\"font-size: 26px; font-weight: 800; color: #1a2b5e; margin: 0 0 6px 0;\">48%<\/p>\n<p style=\"font-size: 15px; color: #374151; margin: 0 0 8px 0; line-height: 1.5;\">dos colaboradores em todo o mundo relatam sentir-se esgotados no trabalho. Quase um em cada dois profissionais opera em estado de exaust\u00e3o emocional que afeta seu desempenho di\u00e1rio.<\/p>\n<p style=\"font-size: 13px; color: #6b7280; margin: 0;\">Fonte: Gallup, 2024<\/p>\n<\/div>\n<p>Se esse percentual se aplica dentro de uma organiza\u00e7\u00e3o, as consequ\u00eancias se distribuem por toda a cadeia de valor: atendimento ao cliente, qualidade do produto, capacidade de inova\u00e7\u00e3o, lideran\u00e7a de equipes. A sa\u00fade mental no trabalho n\u00e3o \u00e9 uma preocupa\u00e7\u00e3o isolada do RH: atravessa cada \u00e1rea funcional da empresa.<\/p>\n<h2>As emo\u00e7\u00f5es mais frequentes em ambientes de trabalho sob press\u00e3o<\/h2>\n<p>Nem todas as emo\u00e7\u00f5es dif\u00edceis t\u00eam o mesmo impacto nem a mesma origem. Entender quais predominam em uma equipe espec\u00edfica \u00e9 o primeiro passo para agir com precis\u00e3o e n\u00e3o com generaliza\u00e7\u00f5es.<\/p>\n<p>O <a href=\"https:\/\/www.questionpro.com\/blog\/pt-br\/estresse-no-trabalho\/\" target=\"_blank\" rel=\"noopener\">estresse no trabalho<\/a> \u00e9 a resposta mais imediata a uma sobrecarga de tarefas ou a um prazo que se aproxima sem os recursos necess\u00e1rios para cumpri-lo. No curto prazo pode ser funcional: ativa a aten\u00e7\u00e3o e a energia. O problema surge quando se torna cr\u00f4nico, quando o sistema nervoso n\u00e3o tem espa\u00e7o para se recuperar entre um pico de press\u00e3o e o seguinte.<\/p>\n<p>A frustra\u00e7\u00e3o aparece quando h\u00e1 uma lacuna entre o que se espera e o que acontece: uma promessa n\u00e3o cumprida pela empresa, uma tarefa que n\u00e3o avan\u00e7a por tr\u00e2mites burocr\u00e1ticos, ou a percep\u00e7\u00e3o de que o esfor\u00e7o n\u00e3o se traduz em reconhecimento. Sustentada no tempo, a frustra\u00e7\u00e3o se transforma em cinismo e desengajamento, dois dos sintomas mais dif\u00edceis de reverter em qualquer equipe.<\/p>\n<p>O medo do erro tem um perfil diferente. Em culturas organizacionais onde errar tem um alto custo social ou profissional, as equipes param de propor, de experimentar e de dar feedback honesto. Tudo \u00e9 filtrado antes de sair. Isso paralisa a inova\u00e7\u00e3o e deteriora a qualidade da comunica\u00e7\u00e3o interna.<\/p>\n<div style=\"background: #1a2b5e; border-radius: 16px; padding: 2rem; margin: 2rem 0; font-family: Arial,sans-serif;\">\n<p style=\"text-align: center; color: #ffffff; font-size: 16px; font-weight: bold; margin: 0 0 1.5rem 0; letter-spacing: 1px; text-transform: uppercase;\">Emo\u00e7\u00f5es mais comuns no trabalho e seu impacto organizacional<\/p>\n<div style=\"background: #ffffff; border-radius: 10px; padding: 1rem 1.25rem; margin-bottom: 0.75rem; display: flex; align-items: flex-start; gap: 1rem;\">\n<div style=\"background: #2D6BE4; color: #fff; font-weight: 800; font-size: 16px; min-width: 42px; height: 42px; border-radius: 50%; display: flex; align-items: center; justify-content: center; flex-shrink: 0;\">01<\/div>\n<div>\n<p style=\"margin: 0 0 4px 0; font-weight: bold; color: #111827; font-size: 16px;\">Estresse cr\u00f4nico<\/p>\n<p style=\"margin: 0; color: #6b7280; font-size: 16px; line-height: 1.5;\">Reduz a capacidade cognitiva, aumenta os erros e dispara o absente\u00edsmo quando n\u00e3o tem canal de sa\u00edda estruturado.<\/p>\n<\/div>\n<\/div>\n<div style=\"background: #f8faff; border-radius: 10px; padding: 1rem 1.25rem; margin-bottom: 0.75rem; display: flex; align-items: flex-start; gap: 1rem;\">\n<div style=\"background: #2D6BE4; color: #fff; font-weight: 800; font-size: 16px; min-width: 42px; height: 42px; border-radius: 50%; display: flex; align-items: center; justify-content: center; flex-shrink: 0;\">02<\/div>\n<div>\n<p style=\"margin: 0 0 4px 0; font-weight: bold; color: #111827; font-size: 16px;\">Frustra\u00e7\u00e3o sustentada<\/p>\n<p style=\"margin: 0; color: #6b7280; font-size: 16px; line-height: 1.5;\">Gera desengajamento progressivo e aumenta a rotatividade volunt\u00e1ria, especialmente entre colaboradores de alto desempenho.<\/p>\n<\/div>\n<\/div>\n<div style=\"background: #ffffff; border-radius: 10px; padding: 1rem 1.25rem; margin-bottom: 0.75rem; display: flex; align-items: flex-start; gap: 1rem;\">\n<div style=\"background: #2D6BE4; color: #fff; font-weight: 800; font-size: 16px; min-width: 42px; height: 42px; border-radius: 50%; display: flex; align-items: center; justify-content: center; flex-shrink: 0;\">03<\/div>\n<div>\n<p style=\"margin: 0 0 4px 0; font-weight: bold; color: #111827; font-size: 16px;\">Medo do erro<\/p>\n<p style=\"margin: 0; color: #6b7280; font-size: 16px; line-height: 1.5;\">Paralisa a iniciativa, deteriora o feedback interno e silencia os problemas antes que possam ser resolvidos.<\/p>\n<\/div>\n<\/div>\n<div style=\"background: #f8faff; border-radius: 10px; padding: 1rem 1.25rem; display: flex; align-items: flex-start; gap: 1rem;\">\n<div style=\"background: #2D6BE4; color: #fff; font-weight: 800; font-size: 16px; min-width: 42px; height: 42px; border-radius: 50%; display: flex; align-items: center; justify-content: center; flex-shrink: 0;\">04<\/div>\n<div>\n<p style=\"margin: 0 0 4px 0; font-weight: bold; color: #111827; font-size: 16px;\">Desmotiva\u00e7\u00e3o cr\u00f4nica<\/p>\n<p style=\"margin: 0; color: #6b7280; font-size: 16px; line-height: 1.5;\">Quando um colaborador perde a conex\u00e3o entre seu trabalho e um prop\u00f3sito, o esfor\u00e7o cai sem sinais externos evidentes. \u00c9 a mais dif\u00edcil de reverter.<\/p>\n<\/div>\n<\/div>\n<\/div>\n<p>H\u00e1 mais emo\u00e7\u00f5es no espectro: ansiedade por incerteza, vergonha diante do reconhecimento p\u00fablico de erros, ressentimento acumulado por din\u00e2micas de equipe n\u00e3o resolvidas. O que todas essas emo\u00e7\u00f5es t\u00eam em comum \u00e9 que n\u00e3o desaparecem por n\u00e3o serem faladas. Elas se sedimentam, se expressam de outras formas e acabam afetando o ambiente de trabalho mesmo que ningu\u00e9m as nomeie.<\/p>\n<h2>Estrat\u00e9gias eficazes para a gest\u00e3o das emo\u00e7\u00f5es no trabalho<\/h2>\n<p>A gest\u00e3o emocional n\u00e3o \u00e9 responsabilidade exclusiva do indiv\u00edduo. As estrat\u00e9gias mais eficazes s\u00e3o aquelas que operam em v\u00e1rios n\u00edveis ao mesmo tempo: o pessoal, o da equipe e o da organiza\u00e7\u00e3o.<\/p>\n<p>No n\u00edvel individual, o autoconhecimento \u00e9 o ponto de partida. Saber identificar quais emo\u00e7\u00f5es se ativam em quais situa\u00e7\u00f5es permite antecipar antes de reagir. Isso n\u00e3o requer forma\u00e7\u00e3o em psicologia: requer pr\u00e1tica de reflex\u00e3o, que pode ser apoiada com ferramentas t\u00e3o simples quanto um registro breve ao final do dia ou t\u00e3o estruturadas quanto uma avalia\u00e7\u00e3o de compet\u00eancias comportamentais.<\/p>\n<p>A comunica\u00e7\u00e3o assertiva \u00e9 outra alavanca fundamental. Muitos conflitos emocionais no trabalho n\u00e3o surgem da emo\u00e7\u00e3o em si, mas de como ela \u00e9 expressa ou silenciada. Um colaborador que aprende a comunicar seu estado emocional com clareza, como dizer <em>&#8220;preciso de mais tempo para fazer isso bem&#8221;<\/em> ou <em>&#8220;esse feedback n\u00e3o chegou da forma mais justa&#8221;<\/em>, contribui ativamente para um ambiente onde as emo\u00e7\u00f5es n\u00e3o se acumulam em sil\u00eancio.<\/p>\n<p>No n\u00edvel organizacional, as estrat\u00e9gias de maior impacto s\u00e3o as que atacam as fontes do sofrimento, n\u00e3o seus sintomas. Isso significa revisar as cargas de trabalho, esclarecer os pap\u00e9is e expectativas, redesenhar processos que geram fric\u00e7\u00e3o desnecess\u00e1ria e construir culturas onde o erro seja um ponto de aprendizado. No Brasil, a Lei 14.831\/2024 sobre certifica\u00e7\u00e3o de empresas promotoras de sa\u00fade mental coloca o tema como prioridade estrat\u00e9gica para RH, al\u00e9m de boa pr\u00e1tica.<\/p>\n<blockquote style=\"border-left: 4px solid #2D6BE4; margin: 1.5rem 0; padding: 1rem 1.5rem; background: #f8faff; border-radius: 0 8px 8px 0; font-family: Arial,sans-serif;\">\n<p style=\"font-size: 16px; font-style: italic; color: #1a2b5e; margin: 0 0 8px 0; line-height: 1.6;\">&#8220;As organiza\u00e7\u00f5es que gerenciam o bem-estar emocional de forma proativa n\u00e3o apenas ret\u00eam melhor talentos: tomam decis\u00f5es mais r\u00e1pidas, t\u00eam equipes mais criativas e constroem ambientes onde as pessoas querem ficar.&#8221;<\/p>\n<p><cite style=\"font-size: 13px; color: #6b7280; font-style: normal;\">\u2014 QuestionPro Team, Pesquisa de Experi\u00eancia do Colaborador<\/cite><\/p><\/blockquote>\n<p>Os programas de bem-estar no trabalho, o reconhecimento expl\u00edcito dos resultados e os canais de feedback acess\u00edveis n\u00e3o s\u00e3o benef\u00edcios opcionais: s\u00e3o investimentos com retorno mensur\u00e1vel em engajamento, desempenho e reten\u00e7\u00e3o. O detalhe crucial: nenhuma dessas estrat\u00e9gias se sustenta se n\u00e3o h\u00e1 como medir se est\u00e3o funcionando.<\/p>\n<h2>Como medir o bem-estar emocional da equipe com QuestionPro<\/h2>\n<p>Falar de emo\u00e7\u00f5es no trabalho sem dados \u00e9 apostar na intui\u00e7\u00e3o. E a intui\u00e7\u00e3o de um l\u00edder, embora valiosa, tem pontos cegos: n\u00e3o v\u00ea o que n\u00e3o \u00e9 dito, n\u00e3o detecta os sinais precoces antes de se tornarem crises e n\u00e3o consegue comparar tend\u00eancias ao longo do tempo.<\/p>\n<p>QuestionPro Employee Experience permite medir e acompanhar as emo\u00e7\u00f5es, o estresse e o <a href=\"https:\/\/www.questionpro.com\/blog\/pt-br\/bem-estar-no-trabalho\/\" target=\"_blank\" rel=\"noopener\">bem-estar no trabalho<\/a> atrav\u00e9s de um ecossistema desenhado especificamente para esse prop\u00f3sito. A plataforma oferece frameworks de pesquisa preconstru\u00eddos, com destaque para o estudo BeXO (Wellbeing Experience Survey), desenhado metodologicamente para avaliar o bem-estar do pessoal com indicadores validados e prontos para implementar.<\/p>\n<p>Para um monitoramento cont\u00ednuo do estado emocional e da moral da equipe, as organiza\u00e7\u00f5es podem implementar avalia\u00e7\u00f5es de pulso de alta frequ\u00eancia por meio do m\u00f3dulo PulseXO. Diferente das avalia\u00e7\u00f5es anuais tradicionais, esse tipo de medi\u00e7\u00e3o recorrente permite detectar mudan\u00e7as de tend\u00eancia antes que se tornem problemas estruturais. Quando o estado emocional de uma equipe muda em poucas semanas, o PulseXO registra isso com antecipa\u00e7\u00e3o suficiente para agir.<\/p>\n<p>H\u00e1 um elemento que transforma completamente o valor do feedback dos colaboradores: a capacidade de entender n\u00e3o apenas o que dizem, mas como se sentem ao dizer. Para isso, QuestionPro inclui ferramentas de An\u00e1lise de Sentimento e Detec\u00e7\u00e3o de Emo\u00e7\u00f5es (Text Analysis) baseadas em intelig\u00eancia artificial. Esse sistema analisa o texto livre nas perguntas abertas e identifica automaticamente as emo\u00e7\u00f5es principais, apresentando-as por meio de indicadores visuais nos pain\u00e9is de controle.<\/p>\n<p>O resultado pr\u00e1tico para l\u00edderes de recursos humanos \u00e9 concreto: detectar precocemente sinais de burnout ou estresse, compreender o contexto emocional da equipe e tomar decis\u00f5es proativas para melhorar o ambiente de trabalho, n\u00e3o na pr\u00f3xima revis\u00e3o anual, mas enquanto ainda h\u00e1 tempo de agir.<\/p>\n<h2>O papel da lideran\u00e7a na regula\u00e7\u00e3o emocional coletiva<\/h2>\n<p>L\u00edderes s\u00e3o multiplicadores emocionais. Seu estado afetivo n\u00e3o fica no escrit\u00f3rio: se transmite para baixo por meio da forma como se comunicam, das decis\u00f5es que tomam sob press\u00e3o e dos sinais impl\u00edcitos que enviam sobre quais emo\u00e7\u00f5es s\u00e3o &#8220;aceit\u00e1veis&#8221; na equipe.<\/p>\n<p>Um l\u00edder que gerencia mal sua frustra\u00e7\u00e3o diante de um contratempo ensina implicitamente que a frustra\u00e7\u00e3o se descarrega sobre a equipe. Um l\u00edder que reconhece seu pr\u00f3prio esgotamento e estabelece limites claros ensina que o autocuidado n\u00e3o \u00e9 sinal de fraqueza, mas de profissionalismo.<\/p>\n<p>Um momento: isso n\u00e3o significa que l\u00edderes precisem se tornar terapeutas de suas equipes. O papel da lideran\u00e7a na regula\u00e7\u00e3o emocional coletiva \u00e9 muito mais simples e tamb\u00e9m mais poderoso: criar condi\u00e7\u00f5es onde as pessoas possam fazer bem seu trabalho sem que o pr\u00f3prio ambiente seja uma fonte de sofrimento. Clareza de expectativas, cargas razo\u00e1veis, feedback justo, reconhecimento oportuno. Essas quatro vari\u00e1veis explicam mais do <a href=\"https:\/\/www.questionpro.com\/blog\/pt-br\/pesquisa-sobre-bem-estar-dos-funcionarios\/\">bem-estar dos colaboradores<\/a> do que qualquer programa corporativo isolado.<\/p>\n<p>Continue lendo, porque este \u00e9 o ponto que a maioria ignora: a lideran\u00e7a emocional n\u00e3o se ensina s\u00f3 com workshops. Se constr\u00f3i com feedback sistem\u00e1tico, com dados sobre como a equipe percebe a gest\u00e3o do l\u00edder e com ferramentas que tornem vis\u00edvel o que de outra forma permaneceria invis\u00edvel.<\/p>\n<h2>Limita\u00e7\u00f5es da gest\u00e3o emocional: quando o problema \u00e9 estrutural<\/h2>\n<p>Vale dizer isso com clareza, porque poucos guias o fazem: h\u00e1 situa\u00e7\u00f5es em que a gest\u00e3o emocional individual n\u00e3o \u00e9 suficiente, nem deveria ser. Quando uma pessoa trabalha em condi\u00e7\u00f5es cr\u00f4nicas de sobrecarga, em uma cultura onde o maltrato \u00e9 tolerado ou sob uma lideran\u00e7a que sistematicamente gera medo, pedir que ela &#8220;gerencie melhor suas emo\u00e7\u00f5es&#8221; \u00e9 transferir a responsabilidade de um problema organizacional para quem o padece.<\/p>\n<p>As ferramentas de regula\u00e7\u00e3o emocional funcionam dentro de ambientes minimamente saud\u00e1veis. N\u00e3o s\u00e3o curativos para problemas estruturais. Um programa de bem-estar emocional implementado sobre uma cultura organizacional t\u00f3xica gera, na melhor das hip\u00f3teses, ceticismo.<\/p>\n<p>A medi\u00e7\u00e3o honesta do estado emocional da equipe, como a que permite fazer QuestionPro Employee Experience com suas ferramentas de <a href=\"https:\/\/www.questionpro.com\/pt-br\/analise-de-dados.html\" target=\"_blank\" rel=\"noopener\">an\u00e1lise de dados<\/a> emocionais, cumpre aqui uma fun\u00e7\u00e3o cr\u00edtica: n\u00e3o apenas para documentar o sofrimento, mas para localizar sua origem com precis\u00e3o suficiente para atac\u00e1-lo onde realmente est\u00e1.<\/p>\n<h2>Conclus\u00e3o<\/h2>\n<p>A gest\u00e3o das emo\u00e7\u00f5es no trabalho \u00e9 uma capacidade que se constr\u00f3i, se mede e se gerencia. N\u00e3o \u00e9 um tra\u00e7o fixo de cada pessoa nem um luxo reservado para empresas com grandes or\u00e7amentos de bem-estar: \u00e9 uma dimens\u00e3o do desempenho organizacional com consequ\u00eancias diretas na reten\u00e7\u00e3o, produtividade e qualidade do trabalho.<\/p>\n<p>As organiza\u00e7\u00f5es que levam isso a s\u00e9rio n\u00e3o o fazem porque os temas de sa\u00fade mental est\u00e3o em alta. Fazem porque mediram o custo de n\u00e3o fazer. Se voc\u00ea quer saber como <a href=\"https:\/\/www.questionpro.com\/pt-br\/workforce\/\">QuestionPro Employee Experience<\/a> pode ajudar sua empresa a medir o bem-estar emocional da equipe e tomar decis\u00f5es com base em dados reais, fale com nosso time hoje.<\/p>\n\n\t<div class=\"banner-section wf-section\" lang=\"\" >\n\t\t<div class=\"right-column-container\">\n\t\t\t<div class=\"bannerbg white\">\n\t\t\t\t<span class=\"h1-2\">Crie experi\u00eancias memor\u00e1veis com base em dados em tempo real, insights e an\u00e1lises avan\u00e7adas<\/span>\n\t\t\t\t<a href=\"#userliteForm\" data-toggle=\"modal\" class=\"button w-button\">Agendar demo<\/a>\n\t\t\t<\/div>\n\t\t<\/div>\n\t<\/div>\n\t<div class=\"userlite-modal modal fade\" id=\"userliteForm\" tabindex=\"-1\" role=\"dialog\" style=\"display: none;\">\n\t\t<div class=\"modal-dialog\" role=\"document\">\n\t\t\t<div class=\"modal-content\" role=\"document\">\n\t\t\t\t<div class=\"modal-body\">\n\t\t\t\t\t<div class=\"modal-header\">\n\t\t\t\t\t\t<button type=\"button\" class=\"close\" data-dismiss=\"modal\" aria-label=\"Close\">\n\t\t\t\t\t\t\t<i class=\"material-icons\">close<\/i>\n\t\t\t\t\t\t<\/button>\n\t\t\t\t\t<\/div>\n\t\t\t\t\t<div class=\"contact-us-form-wrapper contact-box\">\n\t\t\t\t\t\t<div class=\"userlite-form-wrapper\">\n\t\t\t\t\t\t\t<iframe src=\"https:\/\/www.questionpro.com\/userlite-form-blog-portuguese.html?product=Surveys&amp;referralurl=https:\/\/www.questionpro.com\/blog\/pt-br\/wp-json\/wp\/v2\/posts\/&amp;lang=pt_br&amp;cat=experiencia-do-funcionario-ex\" style=\"display: block;\" ><\/iframe>\n\t\t\t\t\t\t<\/div>\n\t\t\t\t\t\t<div class=\"demo-form-wrapper success-message-div\" style=\"display:none\">\n\t\t\t\t\t\t\t<p class=\"success-message-para\"><\/p>\n\t\t\t\t\t\t<\/div>\n\t\t\t\t\t<\/div>\n\t\t\t\t<\/div>\n\t\t\t<\/div>\n\t\t<\/div>\n\t<\/div>\n<div class=\"schema-faq wp-block-yoast-faq-block\">\n<div class=\"schema-faq-section\"><strong class=\"schema-faq-question\">Por que a gest\u00e3o das emo\u00e7\u00f5es no trabalho \u00e9 importante?<\/strong><\/p>\n<p class=\"schema-faq-answer\">A gest\u00e3o das emo\u00e7\u00f5es no trabalho \u00e9 importante porque emo\u00e7\u00f5es n\u00e3o gerenciadas afetam diretamente a tomada de decis\u00f5es, os relacionamentos entre colegas e o desempenho individual. A Organiza\u00e7\u00e3o Mundial da Sa\u00fade calcula que depress\u00e3o e ansiedade custam US$1 trilh\u00e3o por ano em perda de produtividade no mundo todo. Gerenciar o estado emocional da equipe n\u00e3o \u00e9 uma quest\u00e3o de bem-estar isolada: tem impacto direto nos resultados do neg\u00f3cio.<\/p>\n<\/div>\n<div class=\"schema-faq-section\"><strong class=\"schema-faq-question\">Quais estrat\u00e9gias ajudam na gest\u00e3o das emo\u00e7\u00f5es no ambiente de trabalho?<\/strong><\/p>\n<p class=\"schema-faq-answer\">As estrat\u00e9gias mais eficazes operam em tr\u00eas n\u00edveis. No n\u00edvel pessoal: desenvolver autoconhecimento e praticar comunica\u00e7\u00e3o assertiva. No n\u00edvel da equipe: construir espa\u00e7os de feedback seguro e reconhecer o esfor\u00e7o de forma expl\u00edcita. No n\u00edvel organizacional: revisar as cargas de trabalho, esclarecer os pap\u00e9is e construir culturas onde o erro seja aprendizado. As melhores empresas combinam os tr\u00eas n\u00edveis em vez de deixar a responsabilidade apenas no indiv\u00edduo.<\/p>\n<\/div>\n<div class=\"schema-faq-section\"><strong class=\"schema-faq-question\">Como medir o bem-estar emocional dos colaboradores?<\/strong><\/p>\n<p class=\"schema-faq-answer\">O bem-estar emocional pode ser medido por meio de pesquisas estruturadas de pulso de alta frequ\u00eancia, frameworks de avalia\u00e7\u00e3o de bem-estar validados e ferramentas de an\u00e1lise de sentimento que processam respostas de texto livre. QuestionPro Employee Experience oferece o framework BeXO para avaliar o bem-estar do pessoal, o m\u00f3dulo PulseXO para monitoramento cont\u00ednuo e ferramentas de detec\u00e7\u00e3o de emo\u00e7\u00f5es com IA que identificam automaticamente o estado emocional predominante nas respostas dos colaboradores.<\/p>\n<\/div>\n<div class=\"schema-faq-section\"><strong class=\"schema-faq-question\">Qual \u00e9 a diferen\u00e7a entre gest\u00e3o emocional individual e clima emocional organizacional?<\/strong><\/p>\n<p class=\"schema-faq-answer\">A gest\u00e3o emocional individual se refere \u00e0s habilidades de cada pessoa para reconhecer e regular suas pr\u00f3prias emo\u00e7\u00f5es. O clima emocional organizacional \u00e9 o tom afetivo coletivo que predomina em uma equipe ou \u00e1rea, determinado por fatores como lideran\u00e7a, cultura, cargas de trabalho e qualidade da comunica\u00e7\u00e3o interna. Ambos os n\u00edveis interagem constantemente: um colaborador com alta capacidade de regula\u00e7\u00e3o emocional pode se deteriorar em um clima organizacional t\u00f3xica, e vice-versa.<\/p>\n<\/div>\n<div class=\"schema-faq-section\"><strong class=\"schema-faq-question\">Como detectar sinais precoces de burnout na equipe?<\/strong><\/p>\n<p class=\"schema-faq-answer\">Os sinais precoces de burnout incluem queda progressiva na iniciativa, comunica\u00e7\u00e3o mais defensiva, menor qualidade nas entregas e aumento do absente\u00edsmo. Esses sinais s\u00e3o dif\u00edceis de detectar manualmente em equipes grandes. As ferramentas de an\u00e1lise de sentimento e as pesquisas de pulso recorrentes permitem identificar mudan\u00e7as de tend\u00eancia no estado emocional da equipe com antecipa\u00e7\u00e3o suficiente para agir antes que o problema se torne irrevers\u00edvel.<\/p>\n<\/div>\n<\/div>\n","protected":false},"excerpt":{"rendered":"<p>Entenda o que \u00e9 gest\u00e3o das emo\u00e7\u00f5es no trabalho, por que afeta o desempenho e como medir o bem-estar emocional da sua equipe com ferramentas especializadas.<\/p>\n","protected":false},"author":42,"featured_media":1089793,"comment_status":"closed","ping_status":"closed","sticky":false,"template":"","format":"standard","meta":{"_yoast_wpseo_focuskw":"gest\u00e3o das emo\u00e7\u00f5es no trabalho","_yoast_wpseo_title":"Gest\u00e3o das emo\u00e7\u00f5es no trabalho: estrat\u00e9gias para RH","_yoast_wpseo_metadesc":"Entenda o que \u00e9 gest\u00e3o das emo\u00e7\u00f5es no trabalho, por que afeta o desempenho e como medir o bem-estar emocional da sua equipe com ferramentas especializadas.","_genesis_hide_title":false,"_genesis_hide_breadcrumbs":false,"_genesis_hide_singular_image":false,"_genesis_hide_footer_widgets":false,"_genesis_custom_body_class":"","_genesis_custom_post_class":"","_genesis_layout":"","footnotes":""},"categories":[216],"tags":[],"yoast_head":"<!-- This site is optimized with the Yoast SEO plugin v20.4 - https:\/\/yoast.com\/wordpress\/plugins\/seo\/ -->\n<title>Gest\u00e3o das emo\u00e7\u00f5es no trabalho: estrat\u00e9gias para RH<\/title>\n<meta name=\"description\" content=\"Entenda o que \u00e9 gest\u00e3o das emo\u00e7\u00f5es no trabalho, por que afeta o desempenho e como medir o bem-estar emocional da sua equipe com ferramentas especializadas.\" \/>\n<meta name=\"robots\" content=\"index, follow, max-snippet:-1, max-image-preview:large, max-video-preview:-1\" \/>\n<link rel=\"canonical\" href=\"https:\/\/www.questionpro.com\/blog\/pt-br\/gestao-das-emocoes-no-trabalho\/\" \/>\n<meta property=\"og:locale\" content=\"pt_BR\" \/>\n<meta property=\"og:type\" content=\"article\" \/>\n<meta property=\"og:title\" content=\"Gest\u00e3o das emo\u00e7\u00f5es no trabalho: estrat\u00e9gias para RH\" \/>\n<meta property=\"og:description\" content=\"Entenda o que \u00e9 gest\u00e3o das emo\u00e7\u00f5es no trabalho, por que afeta o desempenho e como medir o bem-estar emocional da sua equipe com ferramentas especializadas.\" \/>\n<meta property=\"og:url\" content=\"https:\/\/www.questionpro.com\/blog\/pt-br\/gestao-das-emocoes-no-trabalho\/\" \/>\n<meta property=\"og:site_name\" content=\"QuestionPro\" \/>\n<meta property=\"article:publisher\" content=\"https:\/\/www.facebook.com\/questionpro\" \/>\n<meta property=\"article:published_time\" content=\"2026-08-31T11:00:00+00:00\" \/>\n<meta property=\"article:modified_time\" content=\"2026-07-23T00:56:04+00:00\" \/>\n<meta property=\"og:image\" content=\"https:\/\/www.questionpro.com\/blog\/wp-content\/uploads\/2026\/07\/cover-gestao-das-emocoes-no-trabalho-guia-para-equipes-.jpg\" \/>\n\t<meta property=\"og:image:width\" content=\"1255\" \/>\n\t<meta property=\"og:image:height\" content=\"705\" \/>\n\t<meta property=\"og:image:type\" content=\"image\/jpeg\" \/>\n<meta name=\"author\" content=\"Cristina Ortega\" \/>\n<meta name=\"twitter:card\" content=\"summary_large_image\" \/>\n<meta name=\"twitter:creator\" content=\"@questionpro\" \/>\n<meta name=\"twitter:site\" content=\"@questionpro\" \/>\n<meta name=\"twitter:label1\" content=\"Escrito por\" \/>\n\t<meta name=\"twitter:data1\" content=\"Cristina Ortega\" \/>\n\t<meta name=\"twitter:label2\" content=\"Est. tempo de leitura\" \/>\n\t<meta name=\"twitter:data2\" content=\"12 minutos\" \/>\n<script type=\"application\/ld+json\" class=\"yoast-schema-graph\">{\"@context\":\"https:\/\/schema.org\",\"@graph\":[{\"@type\":\"Article\",\"@id\":\"https:\/\/www.questionpro.com\/blog\/pt-br\/gestao-das-emocoes-no-trabalho\/#article\",\"isPartOf\":{\"@id\":\"https:\/\/www.questionpro.com\/blog\/pt-br\/gestao-das-emocoes-no-trabalho\/\"},\"author\":{\"name\":\"Cristina Ortega\",\"@id\":\"https:\/\/www.questionpro.com\/blog\/pt-br\/#\/schema\/person\/36aae2d8eed7708b6408f95c0198593d\"},\"headline\":\"Gest\u00e3o das emo\u00e7\u00f5es no trabalho: estrat\u00e9gias para equipes mais resilientes\",\"datePublished\":\"2026-08-31T11:00:00+00:00\",\"dateModified\":\"2026-07-23T00:56:04+00:00\",\"mainEntityOfPage\":{\"@id\":\"https:\/\/www.questionpro.com\/blog\/pt-br\/gestao-das-emocoes-no-trabalho\/\"},\"wordCount\":2933,\"publisher\":{\"@id\":\"https:\/\/www.questionpro.com\/blog\/pt-br\/#organization\"},\"articleSection\":[\"Experi\u00eancia do colaborador - EX\"],\"inLanguage\":\"pt-BR\"},{\"@type\":\"WebPage\",\"@id\":\"https:\/\/www.questionpro.com\/blog\/pt-br\/gestao-das-emocoes-no-trabalho\/\",\"url\":\"https:\/\/www.questionpro.com\/blog\/pt-br\/gestao-das-emocoes-no-trabalho\/\",\"name\":\"Gest\u00e3o das emo\u00e7\u00f5es no trabalho: estrat\u00e9gias para RH\",\"isPartOf\":{\"@id\":\"https:\/\/www.questionpro.com\/blog\/pt-br\/#website\"},\"datePublished\":\"2026-08-31T11:00:00+00:00\",\"dateModified\":\"2026-07-23T00:56:04+00:00\",\"description\":\"Entenda o que \u00e9 gest\u00e3o das emo\u00e7\u00f5es no trabalho, por que afeta o desempenho e como medir o bem-estar emocional da sua equipe com ferramentas especializadas.\",\"breadcrumb\":{\"@id\":\"https:\/\/www.questionpro.com\/blog\/pt-br\/gestao-das-emocoes-no-trabalho\/#breadcrumb\"},\"inLanguage\":\"pt-BR\",\"potentialAction\":[{\"@type\":\"ReadAction\",\"target\":[\"https:\/\/www.questionpro.com\/blog\/pt-br\/gestao-das-emocoes-no-trabalho\/\"]}]},{\"@type\":\"BreadcrumbList\",\"@id\":\"https:\/\/www.questionpro.com\/blog\/pt-br\/gestao-das-emocoes-no-trabalho\/#breadcrumb\",\"itemListElement\":[{\"@type\":\"ListItem\",\"position\":1,\"name\":\"In\u00edcio\",\"item\":\"https:\/\/www.questionpro.com\/blog\/pt-br\/\"},{\"@type\":\"ListItem\",\"position\":2,\"name\":\"Experi\u00eancia do colaborador - EX\",\"item\":\"https:\/\/www.questionpro.com\/blog\/pt-br\/category\/experiencia-do-funcionario-ex\/\"},{\"@type\":\"ListItem\",\"position\":3,\"name\":\"Gest\u00e3o das emo\u00e7\u00f5es no trabalho: estrat\u00e9gias para equipes mais resilientes\"}]},{\"@type\":\"WebSite\",\"@id\":\"https:\/\/www.questionpro.com\/blog\/pt-br\/#website\",\"url\":\"https:\/\/www.questionpro.com\/blog\/pt-br\/\",\"name\":\"QuestionPro\",\"description\":\"\",\"publisher\":{\"@id\":\"https:\/\/www.questionpro.com\/blog\/pt-br\/#organization\"},\"potentialAction\":[{\"@type\":\"SearchAction\",\"target\":{\"@type\":\"EntryPoint\",\"urlTemplate\":\"https:\/\/www.questionpro.com\/blog\/pt-br\/?s={search_term_string}\"},\"query-input\":\"required name=search_term_string\"}],\"inLanguage\":\"pt-BR\"},{\"@type\":\"Organization\",\"@id\":\"https:\/\/www.questionpro.com\/blog\/pt-br\/#organization\",\"name\":\"QuestionPro\",\"url\":\"https:\/\/www.questionpro.com\/blog\/pt-br\/\",\"logo\":{\"@type\":\"ImageObject\",\"inLanguage\":\"pt-BR\",\"@id\":\"https:\/\/www.questionpro.com\/blog\/pt-br\/#\/schema\/logo\/image\/\",\"url\":\"https:\/\/www.questionpro.com\/blog\/wp-content\/uploads\/2022\/10\/questionpro-logo.svg\",\"contentUrl\":\"https:\/\/www.questionpro.com\/blog\/wp-content\/uploads\/2022\/10\/questionpro-logo.svg\",\"caption\":\"QuestionPro\"},\"image\":{\"@id\":\"https:\/\/www.questionpro.com\/blog\/pt-br\/#\/schema\/logo\/image\/\"},\"sameAs\":[\"https:\/\/www.facebook.com\/questionpro\",\"https:\/\/twitter.com\/questionpro\",\"https:\/\/www.linkedin.com\/company\/questionpro\/\"]},{\"@type\":\"Person\",\"@id\":\"https:\/\/www.questionpro.com\/blog\/pt-br\/#\/schema\/person\/36aae2d8eed7708b6408f95c0198593d\",\"name\":\"Cristina Ortega\",\"image\":{\"@type\":\"ImageObject\",\"inLanguage\":\"pt-BR\",\"@id\":\"https:\/\/www.questionpro.com\/blog\/pt-br\/#\/schema\/person\/image\/\",\"url\":\"https:\/\/secure.gravatar.com\/avatar\/49635f2181bfe83c436d50b9a8bf1f2e?s=96&d=mm&r=g\",\"contentUrl\":\"https:\/\/secure.gravatar.com\/avatar\/49635f2181bfe83c436d50b9a8bf1f2e?s=96&d=mm&r=g\",\"caption\":\"Cristina Ortega\"},\"url\":\"https:\/\/www.questionpro.com\/blog\/pt-br\/author\/cristinaortega\/\"}]}<\/script>\n<!-- \/ Yoast SEO plugin. -->","yoast_head_json":{"title":"Gest\u00e3o das emo\u00e7\u00f5es no trabalho: estrat\u00e9gias para RH","description":"Entenda o que \u00e9 gest\u00e3o das emo\u00e7\u00f5es no trabalho, por que afeta o desempenho e como medir o bem-estar emocional da sua equipe com ferramentas especializadas.","robots":{"index":"index","follow":"follow","max-snippet":"max-snippet:-1","max-image-preview":"max-image-preview:large","max-video-preview":"max-video-preview:-1"},"canonical":"https:\/\/www.questionpro.com\/blog\/pt-br\/gestao-das-emocoes-no-trabalho\/","og_locale":"pt_BR","og_type":"article","og_title":"Gest\u00e3o das emo\u00e7\u00f5es no trabalho: estrat\u00e9gias para RH","og_description":"Entenda o que \u00e9 gest\u00e3o das emo\u00e7\u00f5es no trabalho, por que afeta o desempenho e como medir o bem-estar emocional da sua equipe com ferramentas especializadas.","og_url":"https:\/\/www.questionpro.com\/blog\/pt-br\/gestao-das-emocoes-no-trabalho\/","og_site_name":"QuestionPro","article_publisher":"https:\/\/www.facebook.com\/questionpro","article_published_time":"2026-08-31T11:00:00+00:00","article_modified_time":"2026-07-23T00:56:04+00:00","og_image":[{"width":1255,"height":705,"url":"https:\/\/www.questionpro.com\/blog\/wp-content\/uploads\/2026\/07\/cover-gestao-das-emocoes-no-trabalho-guia-para-equipes-.jpg","type":"image\/jpeg"}],"author":"Cristina Ortega","twitter_card":"summary_large_image","twitter_creator":"@questionpro","twitter_site":"@questionpro","twitter_misc":{"Escrito por":"Cristina Ortega","Est. tempo de leitura":"12 minutos"},"schema":{"@context":"https:\/\/schema.org","@graph":[{"@type":"Article","@id":"https:\/\/www.questionpro.com\/blog\/pt-br\/gestao-das-emocoes-no-trabalho\/#article","isPartOf":{"@id":"https:\/\/www.questionpro.com\/blog\/pt-br\/gestao-das-emocoes-no-trabalho\/"},"author":{"name":"Cristina Ortega","@id":"https:\/\/www.questionpro.com\/blog\/pt-br\/#\/schema\/person\/36aae2d8eed7708b6408f95c0198593d"},"headline":"Gest\u00e3o das emo\u00e7\u00f5es no trabalho: estrat\u00e9gias para equipes mais resilientes","datePublished":"2026-08-31T11:00:00+00:00","dateModified":"2026-07-23T00:56:04+00:00","mainEntityOfPage":{"@id":"https:\/\/www.questionpro.com\/blog\/pt-br\/gestao-das-emocoes-no-trabalho\/"},"wordCount":2933,"publisher":{"@id":"https:\/\/www.questionpro.com\/blog\/pt-br\/#organization"},"articleSection":["Experi\u00eancia do colaborador - EX"],"inLanguage":"pt-BR"},{"@type":"WebPage","@id":"https:\/\/www.questionpro.com\/blog\/pt-br\/gestao-das-emocoes-no-trabalho\/","url":"https:\/\/www.questionpro.com\/blog\/pt-br\/gestao-das-emocoes-no-trabalho\/","name":"Gest\u00e3o das emo\u00e7\u00f5es no trabalho: estrat\u00e9gias para RH","isPartOf":{"@id":"https:\/\/www.questionpro.com\/blog\/pt-br\/#website"},"datePublished":"2026-08-31T11:00:00+00:00","dateModified":"2026-07-23T00:56:04+00:00","description":"Entenda o que \u00e9 gest\u00e3o das emo\u00e7\u00f5es no trabalho, por que afeta o desempenho e como medir o bem-estar emocional da sua equipe com ferramentas especializadas.","breadcrumb":{"@id":"https:\/\/www.questionpro.com\/blog\/pt-br\/gestao-das-emocoes-no-trabalho\/#breadcrumb"},"inLanguage":"pt-BR","potentialAction":[{"@type":"ReadAction","target":["https:\/\/www.questionpro.com\/blog\/pt-br\/gestao-das-emocoes-no-trabalho\/"]}]},{"@type":"BreadcrumbList","@id":"https:\/\/www.questionpro.com\/blog\/pt-br\/gestao-das-emocoes-no-trabalho\/#breadcrumb","itemListElement":[{"@type":"ListItem","position":1,"name":"In\u00edcio","item":"https:\/\/www.questionpro.com\/blog\/pt-br\/"},{"@type":"ListItem","position":2,"name":"Experi\u00eancia do colaborador - EX","item":"https:\/\/www.questionpro.com\/blog\/pt-br\/category\/experiencia-do-funcionario-ex\/"},{"@type":"ListItem","position":3,"name":"Gest\u00e3o das emo\u00e7\u00f5es no trabalho: estrat\u00e9gias para equipes mais resilientes"}]},{"@type":"WebSite","@id":"https:\/\/www.questionpro.com\/blog\/pt-br\/#website","url":"https:\/\/www.questionpro.com\/blog\/pt-br\/","name":"QuestionPro","description":"","publisher":{"@id":"https:\/\/www.questionpro.com\/blog\/pt-br\/#organization"},"potentialAction":[{"@type":"SearchAction","target":{"@type":"EntryPoint","urlTemplate":"https:\/\/www.questionpro.com\/blog\/pt-br\/?s={search_term_string}"},"query-input":"required name=search_term_string"}],"inLanguage":"pt-BR"},{"@type":"Organization","@id":"https:\/\/www.questionpro.com\/blog\/pt-br\/#organization","name":"QuestionPro","url":"https:\/\/www.questionpro.com\/blog\/pt-br\/","logo":{"@type":"ImageObject","inLanguage":"pt-BR","@id":"https:\/\/www.questionpro.com\/blog\/pt-br\/#\/schema\/logo\/image\/","url":"https:\/\/www.questionpro.com\/blog\/wp-content\/uploads\/2022\/10\/questionpro-logo.svg","contentUrl":"https:\/\/www.questionpro.com\/blog\/wp-content\/uploads\/2022\/10\/questionpro-logo.svg","caption":"QuestionPro"},"image":{"@id":"https:\/\/www.questionpro.com\/blog\/pt-br\/#\/schema\/logo\/image\/"},"sameAs":["https:\/\/www.facebook.com\/questionpro","https:\/\/twitter.com\/questionpro","https:\/\/www.linkedin.com\/company\/questionpro\/"]},{"@type":"Person","@id":"https:\/\/www.questionpro.com\/blog\/pt-br\/#\/schema\/person\/36aae2d8eed7708b6408f95c0198593d","name":"Cristina Ortega","image":{"@type":"ImageObject","inLanguage":"pt-BR","@id":"https:\/\/www.questionpro.com\/blog\/pt-br\/#\/schema\/person\/image\/","url":"https:\/\/secure.gravatar.com\/avatar\/49635f2181bfe83c436d50b9a8bf1f2e?s=96&d=mm&r=g","contentUrl":"https:\/\/secure.gravatar.com\/avatar\/49635f2181bfe83c436d50b9a8bf1f2e?s=96&d=mm&r=g","caption":"Cristina Ortega"},"url":"https:\/\/www.questionpro.com\/blog\/pt-br\/author\/cristinaortega\/"}]}},"featured_image_src":"https:\/\/www.questionpro.com\/blog\/wp-content\/uploads\/2026\/07\/cover-gestao-das-emocoes-no-trabalho-guia-para-equipes--600x400.jpg","featured_image_src_square":"https:\/\/www.questionpro.com\/blog\/wp-content\/uploads\/2026\/07\/cover-gestao-das-emocoes-no-trabalho-guia-para-equipes--600x600.jpg","author_info":{"display_name":"Cristina Ortega","author_link":"https:\/\/www.questionpro.com\/blog\/pt-br\/author\/cristinaortega\/"},"_links":{"self":[{"href":"https:\/\/www.questionpro.com\/blog\/pt-br\/wp-json\/wp\/v2\/posts\/1089773"}],"collection":[{"href":"https:\/\/www.questionpro.com\/blog\/pt-br\/wp-json\/wp\/v2\/posts"}],"about":[{"href":"https:\/\/www.questionpro.com\/blog\/pt-br\/wp-json\/wp\/v2\/types\/post"}],"author":[{"embeddable":true,"href":"https:\/\/www.questionpro.com\/blog\/pt-br\/wp-json\/wp\/v2\/users\/42"}],"replies":[{"embeddable":true,"href":"https:\/\/www.questionpro.com\/blog\/pt-br\/wp-json\/wp\/v2\/comments?post=1089773"}],"version-history":[{"count":4,"href":"https:\/\/www.questionpro.com\/blog\/pt-br\/wp-json\/wp\/v2\/posts\/1089773\/revisions"}],"predecessor-version":[{"id":1096984,"href":"https:\/\/www.questionpro.com\/blog\/pt-br\/wp-json\/wp\/v2\/posts\/1089773\/revisions\/1096984"}],"wp:featuredmedia":[{"embeddable":true,"href":"https:\/\/www.questionpro.com\/blog\/pt-br\/wp-json\/wp\/v2\/media\/1089793"}],"wp:attachment":[{"href":"https:\/\/www.questionpro.com\/blog\/pt-br\/wp-json\/wp\/v2\/media?parent=1089773"}],"wp:term":[{"taxonomy":"category","embeddable":true,"href":"https:\/\/www.questionpro.com\/blog\/pt-br\/wp-json\/wp\/v2\/categories?post=1089773"},{"taxonomy":"post_tag","embeddable":true,"href":"https:\/\/www.questionpro.com\/blog\/pt-br\/wp-json\/wp\/v2\/tags?post=1089773"}],"curies":[{"name":"wp","href":"https:\/\/api.w.org\/{rel}","templated":true}]}},{"id":1089537,"date":"2026-08-30T04:00:00","date_gmt":"2026-08-30T11:00:00","guid":{"rendered":"https:\/\/www.questionpro.com\/blog\/?p=1089537"},"modified":"2026-07-22T17:53:29","modified_gmt":"2026-07-23T00:53:29","slug":"comprometimento-de-continuidade","status":"publish","type":"post","link":"https:\/\/www.questionpro.com\/blog\/pt-br\/comprometimento-de-continuidade\/","title":{"rendered":"Comprometimento de continuidade: o que \u00e9, como medir e por que importa na reten\u00e7\u00e3o de talentos"},"content":{"rendered":"<p>Sua equipe nem sempre fica porque quer. \u00c0s vezes fica porque sair custa caro demais: perder o plano de sa\u00fade, abrir m\u00e3o da estabilidade, deixar para tr\u00e1s um sal\u00e1rio que dificilmente encontrar\u00e1 em outro lugar. Isso, em termos de gest\u00e3o organizacional, se chama <strong>comprometimento de continuidade<\/strong>, e entend\u00ea-lo pode mudar radicalmente sua estrat\u00e9gia de reten\u00e7\u00e3o.<\/p>\n<p>O comprometimento de continuidade \u00e9 um dos tr\u00eas componentes do modelo de comprometimento organizacional de Allen e Meyer, e se refere ao v\u00ednculo que um colaborador mant\u00e9m com sua empresa n\u00e3o por identifica\u00e7\u00e3o emocional, mas por uma avalia\u00e7\u00e3o racional de custos. Neste artigo voc\u00ea vai entender o que o diferencia dos outros tipos de comprometimento, quais fatores o impulsionam, como medi-lo com precis\u00e3o e o que fazer quando descobre que sua reten\u00e7\u00e3o depende mais da necessidade do que da motiva\u00e7\u00e3o.<\/p>\n<style>.qp-art-summary[open] .qp-art-arrow{transform:rotate(180deg)}.qp-art-arrow{transition:transform 0.25s ease;display:inline-block;}<\/style>\n<details class=\"qp-art-summary\" style=\"background: #f8faff; border: 2px solid #2D6BE4; border-radius: 12px; margin: 1.5rem 0; font-family: Arial,sans-serif; overflow: hidden;\">\n<summary style=\"background: #1a2b5e; color: #ffffff; padding: 1rem 1.25rem; cursor: pointer; font-size: 16px; font-weight: bold; list-style: none; display: flex; align-items: center; gap: 10px; margin: 0;\"><span style=\"font-size: 20px; line-height: 1; flex-shrink: 0;\">\ud83d\udc41<\/span> Resumo do artigo<span class=\"qp-art-arrow\" style=\"margin-left: auto; font-size: 13px; opacity: 0.75;\">\u25bc<\/span><\/summary>\n<ul style=\"margin: 0; padding: 1rem 1.5rem; list-style: none;\">\n<li style=\"padding: 0.6rem 0; border-bottom: 1px solid #e5e7eb; color: #374151; font-size: 15px; line-height: 1.6; display: flex; gap: 10px; align-items: flex-start;\"><span style=\"color: #2d6be4; font-weight: bold; flex-shrink: 0; margin-top: 2px;\">\u2713<\/span> O comprometimento de continuidade \u00e9 o v\u00ednculo com a organiza\u00e7\u00e3o baseado na percep\u00e7\u00e3o dos custos de sair, n\u00e3o no apego emocional.<\/li>\n<li style=\"padding: 0.6rem 0; border-bottom: 1px solid #e5e7eb; color: #374151; font-size: 15px; line-height: 1.6; display: flex; gap: 10px; align-items: flex-start;\"><span style=\"color: #2d6be4; font-weight: bold; flex-shrink: 0; margin-top: 2px;\">\u2713<\/span> Diferencia-se do comprometimento afetivo (desejo de pertencer) e normativo (senso de obriga\u00e7\u00e3o) dentro do modelo de Allen e Meyer.<\/li>\n<li style=\"padding: 0.6rem 0; border-bottom: 1px solid #e5e7eb; color: #374151; font-size: 15px; line-height: 1.6; display: flex; gap: 10px; align-items: flex-start;\"><span style=\"color: #2d6be4; font-weight: bold; flex-shrink: 0; margin-top: 2px;\">\u2713<\/span> Os principais fatores incluem investimentos acumulados, alternativas percebidas no mercado e benef\u00edcios dif\u00edceis de replicar.<\/li>\n<li style=\"padding: 0.6rem 0; border-bottom: 1px solid #e5e7eb; color: #374151; font-size: 15px; line-height: 1.6; display: flex; gap: 10px; align-items: flex-start;\"><span style=\"color: #2d6be4; font-weight: bold; flex-shrink: 0; margin-top: 2px;\">\u2713<\/span> Medi-lo corretamente requer pesquisas de engajamento, avalia\u00e7\u00f5es de pulso e an\u00e1lise por segmentos organizacionais.<\/li>\n<li style=\"padding: 0.6rem 0; border-bottom: 1px solid #e5e7eb; color: #374151; font-size: 15px; line-height: 1.6; display: flex; gap: 10px; align-items: flex-start;\"><span style=\"color: #2d6be4; font-weight: bold; flex-shrink: 0; margin-top: 2px;\">\u2713<\/span> Um n\u00edvel alto sem comprometimento afetivo pode ser um sinal de alerta para produtividade e clima organizacional.<\/li>\n<li style=\"padding: 0.6rem 0; color: #374151; font-size: 15px; line-height: 1.6; display: flex; gap: 10px; align-items: flex-start;\"><span style=\"color: #2d6be4; font-weight: bold; flex-shrink: 0; margin-top: 2px;\">\u2713<\/span> O QuestionPro Employee Experience permite medir esse tipo de comprometimento com pesquisas personalizadas, dashboards em tempo real e anonimato garantido.<\/li>\n<\/ul>\n<\/details>\n\n<h2>O que \u00e9 comprometimento de continuidade?<\/h2>\n<p>O comprometimento de continuidade \u00e9 a dimens\u00e3o do comprometimento organizacional que reflete a percep\u00e7\u00e3o de um colaborador sobre o que perderia se deixasse a empresa. N\u00e3o se trata de lealdade nem de satisfa\u00e7\u00e3o: \u00e9 um c\u00e1lculo. O colaborador avalia seus investimentos acumulados (tempo, habilidades especializadas, benef\u00edcios adquiridos, rede de contatos interna) frente \u00e0s alternativas dispon\u00edveis no mercado de trabalho e decide ficar porque os custos de sair superam os benef\u00edcios.<\/p>\n<p>Esse conceito foi formalizado por Natalie Allen e John Meyer em seu modelo de tr\u00eas componentes do comprometimento organizacional, publicado originalmente em 1991. O modelo distingue entre comprometimento afetivo (quero ficar), comprometimento normativo (devo ficar) e comprometimento de continuidade (preciso ficar). Os tr\u00eas podem coexistir em propor\u00e7\u00f5es diferentes dentro de um mesmo colaborador, e \u00e9 exatamente isso que torna t\u00e3o relevante medi-los separadamente para a \u00e1rea de recursos humanos.<\/p>\n<p>E por que importa distingui-lo? Porque uma equipe que fica unicamente por comprometimento de continuidade pode ter baixa rotatividade, mas tamb\u00e9m baixa produtividade, baixo engajamento e uma cultura organizacional passiva. Reter talentos n\u00e3o \u00e9 o mesmo que reter corpos em cadeiras, e essa diferen\u00e7a pode custar milh\u00f5es a uma organiza\u00e7\u00e3o que n\u00e3o a detecta a tempo.<\/p>\n<div style=\"background: #f8faff; border-left: 5px solid #2D6BE4; border-radius: 0 12px 12px 0; padding: 1.25rem 1.5rem; margin: 1.5rem 0; font-family: Arial,sans-serif;\">\n<p style=\"font-size: 26px; font-weight: 800; color: #1a2b5e; margin: 0 0 6px 0;\">42%<\/p>\n<p style=\"font-size: 15px; color: #374151; margin: 0 0 8px 0; line-height: 1.5;\">da rotatividade volunt\u00e1ria \u00e9 evit\u00e1vel, segundo colaboradores que deixaram suas organiza\u00e7\u00f5es. A maioria indicou que seu gestor ou a empresa poderia ter feito algo para evitar a sa\u00edda.<\/p>\n<p style=\"font-size: 13px; color: #6b7280; margin: 0;\">Fonte: Gallup, 2025<\/p>\n<\/div>\n<p>Esse dado coloca em perspectiva algo importante: se uma parte significativa da rotatividade poderia ter sido evitada, isso significa que as organiza\u00e7\u00f5es est\u00e3o perdendo talentos n\u00e3o porque as pessoas querem sair, mas porque ningu\u00e9m avaliou as raz\u00f5es reais da perman\u00eancia. Muitos desses colaboradores provavelmente operavam com um comprometimento de continuidade alto que nunca foi diagnosticado.<\/p>\n<h2>Diferen\u00e7a entre comprometimento de continuidade, afetivo e normativo<\/h2>\n<p>Entender os tr\u00eas componentes do modelo de Allen e Meyer n\u00e3o \u00e9 um exerc\u00edcio acad\u00eamico: \u00e9 a base para desenhar estrat\u00e9gias de reten\u00e7\u00e3o que realmente funcionem. Cada tipo de comprometimento impulsiona comportamentos distintos, e confundi-los leva a interven\u00e7\u00f5es equivocadas.<\/p>\n<table style=\"border-collapse: collapse; width: 100%; margin: 1.5rem 0;\">\n<thead>\n<tr>\n<th style=\"background: #1a2b5e; color: #fff; padding: 10px 14px; border: 1px solid #c5cfe8; font-size: 14px; text-align: left;\">Tipo de comprometimento<\/th>\n<th style=\"background: #162450; color: #fff; padding: 10px 14px; border: 1px solid #c5cfe8; font-size: 14px; text-align: left;\">Motiva\u00e7\u00e3o principal<\/th>\n<th style=\"background: #1a2b5e; color: #fff; padding: 10px 14px; border: 1px solid #c5cfe8; font-size: 14px; text-align: left;\">Frase representativa<\/th>\n<th style=\"background: #162450; color: #fff; padding: 10px 14px; border: 1px solid #c5cfe8; font-size: 14px; text-align: left;\">Risco se dominar<\/th>\n<\/tr>\n<\/thead>\n<tbody>\n<tr>\n<td style=\"background: #ffffff; padding: 9px 14px; border: 1px solid #e5e7eb; font-size: 14px;\">Afetivo<\/td>\n<td style=\"background: #f0f4ff; padding: 9px 14px; border: 1px solid #e5e7eb; font-size: 14px;\">Identifica\u00e7\u00e3o emocional com a organiza\u00e7\u00e3o<\/td>\n<td style=\"background: #ffffff; padding: 9px 14px; border: 1px solid #e5e7eb; font-size: 14px;\"><em>&#8220;Fico porque me sinto parte disso&#8221;<\/em><\/td>\n<td style=\"background: #f0f4ff; padding: 9px 14px; border: 1px solid #e5e7eb; font-size: 14px;\">Baixo se as condi\u00e7\u00f5es emocionais forem mantidas<\/td>\n<\/tr>\n<tr>\n<td style=\"background: #f0f4ff; padding: 9px 14px; border: 1px solid #e5e7eb; font-size: 14px;\">Normativo<\/td>\n<td style=\"background: #ffffff; padding: 9px 14px; border: 1px solid #e5e7eb; font-size: 14px;\">Senso de obriga\u00e7\u00e3o moral ou reciprocidade<\/td>\n<td style=\"background: #f0f4ff; padding: 9px 14px; border: 1px solid #e5e7eb; font-size: 14px;\"><em>&#8220;Fico porque sinto que devo algo \u00e0 empresa&#8221;<\/em><\/td>\n<td style=\"background: #ffffff; padding: 9px 14px; border: 1px solid #e5e7eb; font-size: 14px;\">Ressentimento se a obriga\u00e7\u00e3o n\u00e3o corresponder a um tratamento justo<\/td>\n<\/tr>\n<tr>\n<td style=\"background: #ffffff; padding: 9px 14px; border: 1px solid #e5e7eb; font-size: 14px;\">De continuidade<\/td>\n<td style=\"background: #f0f4ff; padding: 9px 14px; border: 1px solid #e5e7eb; font-size: 14px;\">Avalia\u00e7\u00e3o de custos e falta de alternativas<\/td>\n<td style=\"background: #ffffff; padding: 9px 14px; border: 1px solid #e5e7eb; font-size: 14px;\"><em>&#8220;Fico porque sair me custaria caro demais&#8221;<\/em><\/td>\n<td style=\"background: #f0f4ff; padding: 9px 14px; border: 1px solid #e5e7eb; font-size: 14px;\">Desmotiva\u00e7\u00e3o, baixo desempenho, cultura de in\u00e9rcia<\/td>\n<\/tr>\n<\/tbody>\n<\/table>\n<p>A chave n\u00e3o est\u00e1 em eliminar o comprometimento de continuidade, porque \u00e9 uma realidade do mercado de trabalho. A chave est\u00e1 em que ele n\u00e3o seja o \u00fanico pilar de reten\u00e7\u00e3o da sua organiza\u00e7\u00e3o. Quando o comprometimento afetivo acompanha o de continuidade, o colaborador n\u00e3o s\u00f3 fica, como se envolve. Quando s\u00f3 existe o de continuidade, voc\u00ea tem uma equipe que aparece todos os dias, mas opera no piloto autom\u00e1tico.<\/p>\n<p>Imagine um desenvolvedor s\u00eanior com dez anos de empresa. Ele tem stock options que se consolidam em dois anos, um plano de previd\u00eancia significativo e um financiamento imobili\u00e1rio atrelado \u00e0 sua renda atual. Seu comprometimento de continuidade \u00e9 alt\u00edssimo. Mas se nesses dez anos ele nunca recebeu reconhecimento, se seu l\u00edder nunca perguntou sobre suas aspira\u00e7\u00f5es de carreira e se a cultura foi se deteriorando, seu comprometimento afetivo \u00e9 praticamente nulo. Ele fica? Sim. Inova, colabora, d\u00e1 o melhor de si? Muito provavelmente n\u00e3o.<\/p>\n<p>Aqui vai: a necessidade de medir cada tipo separadamente s\u00f3 \u00e9 poss\u00edvel com instrumentos desenhados para desagregar essas dimens\u00f5es.<\/p>\n<h2>Fatores que impulsionam o comprometimento de continuidade<\/h2>\n<p>O comprometimento de continuidade n\u00e3o surge do nada. Ele se constr\u00f3i (\u00e0s vezes sem inten\u00e7\u00e3o) a partir de fatores estruturais que fazem com que o custo de sair aumente com o tempo. Reconhec\u00ea-los permite ao RH decidir quais refor\u00e7ar e quais compensar com estrat\u00e9gias de engajamento emocional.<\/p>\n<div style=\"background: #1a2b5e; border-radius: 16px; padding: 2rem; margin: 2rem 0; font-family: Arial,sans-serif;\">\n<p style=\"text-align: center; color: #ffffff; font-size: 16px; font-weight: bold; margin: 0 0 1.5rem 0; letter-spacing: 1px; text-transform: uppercase;\">Fatores-chave do comprometimento de continuidade<\/p>\n<div style=\"background: #ffffff; border-radius: 10px; padding: 1rem 1.25rem; margin-bottom: 0.75rem; display: flex; align-items: flex-start; gap: 1rem;\">\n<div style=\"background: #2D6BE4; color: #fff; font-weight: 800; font-size: 16px; min-width: 42px; height: 42px; border-radius: 50%; display: flex; align-items: center; justify-content: center; flex-shrink: 0;\">01<\/div>\n<div>\n<p style=\"margin: 0 0 4px 0; font-weight: bold; color: #111827; font-size: 16px;\">Investimentos acumulados<\/p>\n<p style=\"margin: 0; color: #6b7280; font-size: 16px; line-height: 1.5;\">Tempo de casa, habilidades especializadas n\u00e3o transfer\u00edveis, relacionamentos internos, conhecimento institucional. Tudo que o colaborador perde se sair.<\/p>\n<\/div>\n<\/div>\n<div style=\"background: #ffffff; border-radius: 10px; padding: 1rem 1.25rem; margin-bottom: 0.75rem; display: flex; align-items: flex-start; gap: 1rem;\">\n<div style=\"background: #2D6BE4; color: #fff; font-weight: 800; font-size: 16px; min-width: 42px; height: 42px; border-radius: 50%; display: flex; align-items: center; justify-content: center; flex-shrink: 0;\">02<\/div>\n<div>\n<p style=\"margin: 0 0 4px 0; font-weight: bold; color: #111827; font-size: 16px;\">Percep\u00e7\u00e3o de alternativas limitadas<\/p>\n<p style=\"margin: 0; color: #6b7280; font-size: 16px; line-height: 1.5;\">Se o colaborador percebe que o mercado oferece poucas op\u00e7\u00f5es no seu n\u00edvel, o custo de sair aumenta. Isso varia muito por setor e regi\u00e3o.<\/p>\n<\/div>\n<\/div>\n<div style=\"background: #ffffff; border-radius: 10px; padding: 1rem 1.25rem; margin-bottom: 0.75rem; display: flex; align-items: flex-start; gap: 1rem;\">\n<div style=\"background: #2D6BE4; color: #fff; font-weight: 800; font-size: 16px; min-width: 42px; height: 42px; border-radius: 50%; display: flex; align-items: center; justify-content: center; flex-shrink: 0;\">03<\/div>\n<div>\n<p style=\"margin: 0 0 4px 0; font-weight: bold; color: #111827; font-size: 16px;\">Benef\u00edcios diferenciadores<\/p>\n<p style=\"margin: 0; color: #6b7280; font-size: 16px; line-height: 1.5;\">Planos de previd\u00eancia, planos de sa\u00fade familiares, b\u00f4nus por perman\u00eancia, programas educacionais. Quanto mais dif\u00edceis de replicar, maior a ancoragem.<\/p>\n<\/div>\n<\/div>\n<div style=\"background: #ffffff; border-radius: 10px; padding: 1rem 1.25rem; margin-bottom: 0.75rem; display: flex; align-items: flex-start; gap: 1rem;\">\n<div style=\"background: #2D6BE4; color: #fff; font-weight: 800; font-size: 16px; min-width: 42px; height: 42px; border-radius: 50%; display: flex; align-items: center; justify-content: center; flex-shrink: 0;\">04<\/div>\n<div>\n<p style=\"margin: 0 0 4px 0; font-weight: bold; color: #111827; font-size: 16px;\">Custos de transi\u00e7\u00e3o pessoal<\/p>\n<p style=\"margin: 0; color: #6b7280; font-size: 16px; line-height: 1.5;\">Mudan\u00e7a geogr\u00e1fica, altera\u00e7\u00e3o na rotina familiar, perda de estabilidade financeira a curto prazo. Nem todos os custos s\u00e3o profissionais.<\/p>\n<\/div>\n<\/div>\n<div style=\"background: #ffffff; border-radius: 10px; padding: 1rem 1.25rem; display: flex; align-items: flex-start; gap: 1rem;\">\n<div style=\"background: #2D6BE4; color: #fff; font-weight: 800; font-size: 16px; min-width: 42px; height: 42px; border-radius: 50%; display: flex; align-items: center; justify-content: center; flex-shrink: 0;\">05<\/div>\n<div>\n<p style=\"margin: 0 0 4px 0; font-weight: bold; color: #111827; font-size: 16px;\">Contexto econ\u00f4mico externo<\/p>\n<p style=\"margin: 0; color: #6b7280; font-size: 16px; line-height: 1.5;\">Recess\u00f5es, mercados de trabalho retra\u00eddos ou incerteza econ\u00f4mica regional amplificam o comprometimento de continuidade de forma generalizada.<\/p>\n<\/div>\n<\/div>\n<\/div>\n<p>Mas aten\u00e7\u00e3o: nenhum desses fatores garante que o colaborador esteja satisfeito ou emocionalmente engajado. Na pr\u00e1tica, pesquisas recentes mostram que o comprometimento de continuidade pode ter uma correla\u00e7\u00e3o negativa com o desempenho quando n\u00e3o \u00e9 acompanhado de comprometimento afetivo.<\/p>\n<p>Pense assim: um mercado de trabalho deprimido pode elevar o comprometimento de continuidade de toda a sua equipe de um dia para o outro, sem que voc\u00ea tenha feito nada como organiza\u00e7\u00e3o. E quando esse mercado se reativar, a rotatividade pode disparar porque voc\u00ea nunca construiu um v\u00ednculo real.<\/p>\n<h2>Como medir o comprometimento de continuidade na sua organiza\u00e7\u00e3o<\/h2>\n<p>Medir o comprometimento de continuidade requer ferramentas que v\u00e3o al\u00e9m da pergunta gen\u00e9rica <em>&#8220;Qu\u00e3o satisfeito voc\u00ea est\u00e1 com seu trabalho?&#8221;<\/em>. Voc\u00ea precisa de perguntas desenhadas especificamente para captar a percep\u00e7\u00e3o de custos, a avalia\u00e7\u00e3o de alternativas e a sensa\u00e7\u00e3o de depend\u00eancia que caracterizam esse tipo de comprometimento.<\/p>\n<p>O instrumento mais utilizado em pesquisa organizacional \u00e9 a escala de Allen e Meyer, que inclui itens como <em>&#8220;Sinto que tenho poucas op\u00e7\u00f5es para considerar deixar esta organiza\u00e7\u00e3o&#8221;<\/em> ou <em>&#8220;Seria muito dif\u00edcil para mim deixar minha organiza\u00e7\u00e3o neste momento, mesmo que eu quisesse&#8221;<\/em>. Essas perguntas, adaptadas ao contexto da sua empresa, se integram em pesquisas de engajamento ou avalia\u00e7\u00f5es de pulso.<\/p>\n<p>Aqui vai o detalhe: n\u00e3o basta aplicar a pesquisa e tirar uma m\u00e9dia geral. O valor real aparece quando voc\u00ea segmenta os resultados por departamento, tempo de casa, n\u00edvel hier\u00e1rquico e localiza\u00e7\u00e3o geogr\u00e1fica.<\/p>\n<div style=\"background: #f8faff; border-left: 5px solid #2D6BE4; border-radius: 0 12px 12px 0; padding: 1.25rem 1.5rem; margin: 1.5rem 0; font-family: Arial,sans-serif;\">\n<p style=\"font-size: 26px; font-weight: 800; color: #1a2b5e; margin: 0 0 6px 0;\">51%<\/p>\n<p style=\"font-size: 15px; color: #374151; margin: 0 0 8px 0; line-height: 1.5;\">dos colaboradores nos EUA est\u00e3o buscando ativamente um novo emprego ou monitorando oportunidades, o n\u00edvel mais alto desde 2015. Isso sugere que o comprometimento de longo prazo com as organiza\u00e7\u00f5es est\u00e1 no ponto mais baixo em quase uma d\u00e9cada.<\/p>\n<p style=\"font-size: 13px; color: #6b7280; margin: 0;\">Fonte: Gallup, 2025<\/p>\n<\/div>\n<p>Esse dado refor\u00e7a a urg\u00eancia de medir, n\u00e3o presumir. Se metade da for\u00e7a de trabalho est\u00e1 avaliando op\u00e7\u00f5es, o comprometimento de continuidade de quem fica n\u00e3o indica necessariamente satisfa\u00e7\u00e3o: pode indicar que ainda n\u00e3o encontraram uma alternativa vi\u00e1vel.<\/p>\n<h2>Vantagens e limita\u00e7\u00f5es do comprometimento de continuidade<\/h2>\n<p>Seria f\u00e1cil apresentar o comprometimento de continuidade como algo negativo, mas a realidade \u00e9 mais matizada. Ele tem vantagens concretas quando gerenciado corretamente, e tamb\u00e9m riscos reais quando ignorado ou confundido com engajamento genu\u00edno.<\/p>\n<h3>Vantagens<\/h3>\n<p>A mais \u00f3bvia \u00e9 a estabilidade do quadro. Quando os custos de sa\u00edda s\u00e3o altos, a rotatividade diminui, reduzindo gastos com recrutamento, onboarding e curva de aprendizagem. A Gallup estima que o custo de substituir um colaborador varia entre 40% do sal\u00e1rio anual (para posi\u00e7\u00f5es operacionais) e 200% (para cargos de lideran\u00e7a).<\/p>\n<p>Tamb\u00e9m gera continuidade operacional. Equipes com baixa rotatividade mant\u00eam o conhecimento institucional, os relacionamentos com clientes e os processos internos sem interrup\u00e7\u00f5es.<\/p>\n<h3>Limita\u00e7\u00f5es (e aqui vem o que ningu\u00e9m conta)<\/h3>\n<p>O comprometimento de continuidade, quando \u00e9 a \u00fanica raz\u00e3o pela qual as pessoas ficam, gera o que alguns pesquisadores chamam de &#8220;presente\u00edsmo motivacional&#8221;: o colaborador est\u00e1 presente, cumpre o m\u00ednimo necess\u00e1rio, mas n\u00e3o contribui com ideias, n\u00e3o colabora ativamente e n\u00e3o se esfor\u00e7a al\u00e9m da sua descri\u00e7\u00e3o de cargo.<\/p>\n<blockquote style=\"border-left: 4px solid #2D6BE4; margin: 1.5rem 0; padding: 1rem 1.5rem; background: #f8faff; border-radius: 0 8px 8px 0; font-family: Arial,sans-serif;\">\n<p style=\"font-size: 16px; font-style: italic; color: #1a2b5e; margin: 0 0 8px 0; line-height: 1.6;\">&#8220;O comprometimento de continuidade sem comprometimento afetivo \u00e9 como um casamento por conveni\u00eancia: pode durar muito tempo, mas n\u00e3o produz os resultados que um relacionamento genu\u00edno gera.&#8221;<\/p>\n<p><cite style=\"font-size: 13px; color: #6b7280; font-style: normal;\">\u2014 QuestionPro Research Team<\/cite><\/p><\/blockquote>\n<p>Outra limita\u00e7\u00e3o frequente \u00e9 que organiza\u00e7\u00f5es que dependem do comprometimento de continuidade tendem a investir mais em &#8220;travas&#8221; (b\u00f4nus de perman\u00eancia, cl\u00e1usulas de n\u00e3o concorr\u00eancia, planos de previd\u00eancia de longo prazo) do que em construir uma cultura que as pessoas escolham.<\/p>\n<h2>Estrat\u00e9gias para gerenciar o comprometimento de continuidade<\/h2>\n<p>A pergunta certa n\u00e3o \u00e9 <em>&#8220;Como aumento o comprometimento de continuidade?&#8221;<\/em>, mas sim <em>&#8220;Como equilibro o comprometimento de continuidade com um v\u00ednculo emocional genu\u00edno?&#8221;<\/em>. Aqui \u00e9 onde a gest\u00e3o estrat\u00e9gica de talentos faz a diferen\u00e7a.<\/p>\n<p>A primeira estrat\u00e9gia \u00e9 diagnosticar antes de agir. Sem dados desagregados por tipo de comprometimento, qualquer interven\u00e7\u00e3o \u00e9 um tiro no escuro. A segunda \u00e9 complementar os &#8220;custos de sa\u00edda&#8221; com raz\u00f5es positivas para ficar: programas de reconhecimento genu\u00ednos, planos de carreira claros e um estilo de lideran\u00e7a que pergunte, escute e aja.<\/p>\n<div style=\"background: #f8faff; border-left: 5px solid #2D6BE4; border-radius: 0 12px 12px 0; padding: 1.25rem 1.5rem; margin: 1.5rem 0; font-family: Arial,sans-serif;\">\n<p style=\"font-size: 26px; font-weight: 800; color: #1a2b5e; margin: 0 0 6px 0;\">200%<\/p>\n<p style=\"font-size: 15px; color: #374151; margin: 0 0 8px 0; line-height: 1.5;\">do sal\u00e1rio anual \u00e9 o custo estimado de substituir um l\u00edder ou gestor que pede demiss\u00e3o. Para fun\u00e7\u00f5es t\u00e9cnicas o custo \u00e9 de 80%, e para posi\u00e7\u00f5es operacionais de 40%.<\/p>\n<p style=\"font-size: 13px; color: #6b7280; margin: 0;\">Fonte: Gallup, 2025<\/p>\n<\/div>\n<p>Esses n\u00fameros transformam a gest\u00e3o do comprometimento em uma decis\u00e3o financeira, n\u00e3o apenas de clima organizacional. A terceira estrat\u00e9gia \u00e9 implementar avalia\u00e7\u00f5es de pulso frequentes (mensais ou trimestrais) que detectem mudan\u00e7as no tipo de comprometimento dominante antes que se transformem em pedidos de demiss\u00e3o.<\/p>\n<h2>Como o QuestionPro Employee Experience ajuda a medir o comprometimento de continuidade<\/h2>\n<p>O QuestionPro conta com a capacidade de medir o comprometimento de continuidade dos colaboradores atrav\u00e9s do <a href=\"https:\/\/www.questionpro.com\/pt-br\/workforce\/\">QuestionPro Employee Experience<\/a>, a solu\u00e7\u00e3o dedicada \u00e0 gest\u00e3o da experi\u00eancia do colaborador.<\/p>\n<p>A plataforma permite que sua equipe de RH desenhe e implemente pesquisas de engajamento, pesquisas de clima organizacional e avalia\u00e7\u00f5es de pulso personalizadas para medir a inten\u00e7\u00e3o de reten\u00e7\u00e3o e os fatores que vinculam os colaboradores \u00e0 empresa por necessidade ou avalia\u00e7\u00e3o de custos. Atrav\u00e9s de dashboards anal\u00edticos em tempo real, voc\u00ea pode desagregar esses dados segundo a estrutura da sua organiza\u00e7\u00e3o, identificando riscos de rotatividade e implementando estrat\u00e9gias de reten\u00e7\u00e3o precisas, garantindo em todo momento o anonimato do respondente para promover respostas honestas.<\/p>\n<p>Al\u00e9m disso, o QuestionPro Employee Experience permite cruzar os resultados de comprometimento de continuidade com outros indicadores como <a href=\"https:\/\/www.questionpro.com\/blog\/pt-br\/enps-employee-net-promoter-score\/\">eNPS<\/a> (Employee Net Promoter Score), satisfa\u00e7\u00e3o com a lideran\u00e7a e percep\u00e7\u00e3o de oportunidades de crescimento, proporcionando uma radiografia completa de por que sua equipe fica e o que voc\u00ea precisa mudar.<\/p>\n<h2>Conclus\u00e3o<\/h2>\n<p>O comprometimento de continuidade \u00e9 uma realidade em toda organiza\u00e7\u00e3o, e n\u00e3o \u00e9 inerentemente negativo. O problema surge quando \u00e9 o \u00fanico tipo de comprometimento que ret\u00e9m sua equipe, porque ent\u00e3o voc\u00ea tem estabilidade sem engajamento, presen\u00e7a sem produtividade real e uma bomba-rel\u00f3gio que explode quando o mercado de trabalho se reativa.<\/p>\n<p>A chave est\u00e1 em medir, diagnosticar e agir. Quer saber como o QuestionPro Employee Experience pode ajudar sua organiza\u00e7\u00e3o a medir o comprometimento de continuidade? Fale com nossa equipe hoje e descubra como transformar dados de reten\u00e7\u00e3o em estrat\u00e9gias de talento acion\u00e1veis.<\/p>\n\n\t<div class=\"banner-section wf-section\" lang=\"\" >\n\t\t<div class=\"right-column-container\">\n\t\t\t<div class=\"bannerbg white\">\n\t\t\t\t<span class=\"h1-2\">Crie experi\u00eancias memor\u00e1veis com base em dados em tempo real, insights e an\u00e1lises avan\u00e7adas<\/span>\n\t\t\t\t<a href=\"#userliteForm\" data-toggle=\"modal\" class=\"button w-button\">Agendar demo<\/a>\n\t\t\t<\/div>\n\t\t<\/div>\n\t<\/div>\n\t<div class=\"userlite-modal modal fade\" id=\"userliteForm\" tabindex=\"-1\" role=\"dialog\" style=\"display: none;\">\n\t\t<div class=\"modal-dialog\" role=\"document\">\n\t\t\t<div class=\"modal-content\" role=\"document\">\n\t\t\t\t<div class=\"modal-body\">\n\t\t\t\t\t<div class=\"modal-header\">\n\t\t\t\t\t\t<button type=\"button\" class=\"close\" data-dismiss=\"modal\" aria-label=\"Close\">\n\t\t\t\t\t\t\t<i class=\"material-icons\">close<\/i>\n\t\t\t\t\t\t<\/button>\n\t\t\t\t\t<\/div>\n\t\t\t\t\t<div class=\"contact-us-form-wrapper contact-box\">\n\t\t\t\t\t\t<div class=\"userlite-form-wrapper\">\n\t\t\t\t\t\t\t<iframe src=\"https:\/\/www.questionpro.com\/userlite-form-blog-portuguese.html?product=Surveys&amp;referralurl=https:\/\/www.questionpro.com\/blog\/pt-br\/wp-json\/wp\/v2\/posts\/&amp;lang=pt_br&amp;cat=experiencia-do-funcionario-ex\" style=\"display: block;\" ><\/iframe>\n\t\t\t\t\t\t<\/div>\n\t\t\t\t\t\t<div class=\"demo-form-wrapper success-message-div\" style=\"display:none\">\n\t\t\t\t\t\t\t<p class=\"success-message-para\"><\/p>\n\t\t\t\t\t\t<\/div>\n\t\t\t\t\t<\/div>\n\t\t\t\t<\/div>\n\t\t\t<\/div>\n\t\t<\/div>\n\t<\/div>\n<div class=\"schema-faq wp-block-yoast-faq-block\">\n<div class=\"schema-faq-section\"><strong class=\"schema-faq-question\">O que \u00e9 comprometimento de continuidade em uma organiza\u00e7\u00e3o?<\/strong><\/p>\n<p class=\"schema-faq-answer\">O comprometimento de continuidade \u00e9 o v\u00ednculo que um colaborador mant\u00e9m com sua organiza\u00e7\u00e3o baseado na percep\u00e7\u00e3o dos custos associados a sair. N\u00e3o se fundamenta no apego emocional nem na obriga\u00e7\u00e3o moral, mas em uma avalia\u00e7\u00e3o racional do que se perderia ao ir embora, como benef\u00edcios acumulados, tempo de casa, estabilidade financeira e disponibilidade de alternativas no mercado.<\/p>\n<\/div>\n<div class=\"schema-faq-section\"><strong class=\"schema-faq-question\">Qual a diferen\u00e7a entre comprometimento afetivo e comprometimento de continuidade?<\/strong><\/p>\n<p class=\"schema-faq-answer\">O comprometimento afetivo se baseia na identifica\u00e7\u00e3o emocional do colaborador com a organiza\u00e7\u00e3o: ele fica porque quer. O comprometimento de continuidade, por outro lado, se baseia na avalia\u00e7\u00e3o de custos: fica porque sair custaria caro demais. Ambos fazem parte do modelo de Allen e Meyer junto com o comprometimento normativo, e podem coexistir em propor\u00e7\u00f5es diferentes.<\/p>\n<\/div>\n<div class=\"schema-faq-section\"><strong class=\"schema-faq-question\">Como medir o comprometimento de continuidade dos colaboradores?<\/strong><\/p>\n<p class=\"schema-faq-answer\">Mede-se atrav\u00e9s de pesquisas de engajamento com itens espec\u00edficos que avaliam a percep\u00e7\u00e3o de custos de sa\u00edda e a disponibilidade de alternativas no mercado. Ferramentas como o QuestionPro Employee Experience permitem aplicar essas pesquisas com anonimato garantido e segmentar os resultados por departamento, tempo de casa e n\u00edvel hier\u00e1rquico.<\/p>\n<\/div>\n<div class=\"schema-faq-section\"><strong class=\"schema-faq-question\">\u00c9 ruim ter um comprometimento de continuidade alto na organiza\u00e7\u00e3o?<\/strong><\/p>\n<p class=\"schema-faq-answer\">N\u00e3o necessariamente. O comprometimento de continuidade reduz a rotatividade e gera estabilidade operacional. O problema aparece quando \u00e9 o \u00fanico tipo de comprometimento presente, pois pode gerar baixa produtividade, falta de inova\u00e7\u00e3o e uma cultura de in\u00e9rcia. O ideal \u00e9 que coexista com um comprometimento afetivo saud\u00e1vel.<\/p>\n<\/div>\n<div class=\"schema-faq-section\"><strong class=\"schema-faq-question\">Quais estrat\u00e9gias reduzem a depend\u00eancia do comprometimento de continuidade?<\/strong><\/p>\n<p class=\"schema-faq-answer\">As mais eficazes incluem implementar programas de reconhecimento, criar planos de carreira claros, fortalecer a lideran\u00e7a no n\u00edvel de gestores diretos e realizar avalia\u00e7\u00f5es de pulso frequentes que detectem mudan\u00e7as no tipo de comprometimento dominante. O objetivo n\u00e3o \u00e9 eliminar o comprometimento de continuidade, mas complement\u00e1-lo com v\u00ednculos emocionais genu\u00ednos.<\/p>\n<\/div>\n<\/div>\n","protected":false},"excerpt":{"rendered":"<p>O comprometimento de continuidade \u00e9 o v\u00ednculo baseado na avalia\u00e7\u00e3o de custos de sa\u00edda. Descubra como medi-lo, diferenci\u00e1-lo do afetivo e gerenci\u00e1-lo para reter talentos.<\/p>\n","protected":false},"author":42,"featured_media":1089669,"comment_status":"closed","ping_status":"closed","sticky":false,"template":"","format":"standard","meta":{"_yoast_wpseo_focuskw":"comprometimento de continuidade","_yoast_wpseo_title":"Comprometimento de continuidade: o que \u00e9 e como medir","_yoast_wpseo_metadesc":"O comprometimento de continuidade \u00e9 o v\u00ednculo baseado na avalia\u00e7\u00e3o de custos de sa\u00edda. Descubra como medi-lo, diferenci\u00e1-lo do afetivo e gerenci\u00e1-lo para reter talentos.","_genesis_hide_title":false,"_genesis_hide_breadcrumbs":false,"_genesis_hide_singular_image":false,"_genesis_hide_footer_widgets":false,"_genesis_custom_body_class":"","_genesis_custom_post_class":"","_genesis_layout":"","footnotes":""},"categories":[216],"tags":[],"yoast_head":"<!-- This site is optimized with the Yoast SEO plugin v20.4 - https:\/\/yoast.com\/wordpress\/plugins\/seo\/ -->\n<title>Comprometimento de continuidade: o que \u00e9 e como medir<\/title>\n<meta name=\"description\" content=\"O comprometimento de continuidade \u00e9 o v\u00ednculo baseado na avalia\u00e7\u00e3o de custos de sa\u00edda. Descubra como medi-lo, diferenci\u00e1-lo do afetivo e gerenci\u00e1-lo para reter talentos.\" \/>\n<meta name=\"robots\" content=\"index, follow, max-snippet:-1, max-image-preview:large, max-video-preview:-1\" \/>\n<link rel=\"canonical\" href=\"https:\/\/www.questionpro.com\/blog\/pt-br\/comprometimento-de-continuidade\/\" \/>\n<meta property=\"og:locale\" content=\"pt_BR\" \/>\n<meta property=\"og:type\" content=\"article\" \/>\n<meta property=\"og:title\" content=\"Comprometimento de continuidade: o que \u00e9 e como medir\" \/>\n<meta property=\"og:description\" content=\"O comprometimento de continuidade \u00e9 o v\u00ednculo baseado na avalia\u00e7\u00e3o de custos de sa\u00edda. Descubra como medi-lo, diferenci\u00e1-lo do afetivo e gerenci\u00e1-lo para reter talentos.\" \/>\n<meta property=\"og:url\" content=\"https:\/\/www.questionpro.com\/blog\/pt-br\/comprometimento-de-continuidade\/\" \/>\n<meta property=\"og:site_name\" content=\"QuestionPro\" \/>\n<meta property=\"article:publisher\" content=\"https:\/\/www.facebook.com\/questionpro\" \/>\n<meta property=\"article:published_time\" content=\"2026-08-30T11:00:00+00:00\" \/>\n<meta property=\"article:modified_time\" content=\"2026-07-23T00:53:29+00:00\" \/>\n<meta property=\"og:image\" content=\"https:\/\/www.questionpro.com\/blog\/wp-content\/uploads\/2026\/07\/cover-comprometimento-de-continuidade-o-que-e-como-med-2.jpg\" \/>\n\t<meta property=\"og:image:width\" content=\"1255\" \/>\n\t<meta property=\"og:image:height\" content=\"705\" \/>\n\t<meta property=\"og:image:type\" content=\"image\/jpeg\" \/>\n<meta name=\"author\" content=\"Cristina Ortega\" \/>\n<meta name=\"twitter:card\" content=\"summary_large_image\" \/>\n<meta name=\"twitter:creator\" content=\"@questionpro\" \/>\n<meta name=\"twitter:site\" content=\"@questionpro\" \/>\n<meta name=\"twitter:label1\" content=\"Escrito por\" \/>\n\t<meta name=\"twitter:data1\" content=\"Cristina Ortega\" \/>\n\t<meta name=\"twitter:label2\" content=\"Est. tempo de leitura\" \/>\n\t<meta name=\"twitter:data2\" content=\"11 minutos\" \/>\n<script type=\"application\/ld+json\" class=\"yoast-schema-graph\">{\"@context\":\"https:\/\/schema.org\",\"@graph\":[{\"@type\":\"Article\",\"@id\":\"https:\/\/www.questionpro.com\/blog\/pt-br\/comprometimento-de-continuidade\/#article\",\"isPartOf\":{\"@id\":\"https:\/\/www.questionpro.com\/blog\/pt-br\/comprometimento-de-continuidade\/\"},\"author\":{\"name\":\"Cristina Ortega\",\"@id\":\"https:\/\/www.questionpro.com\/blog\/pt-br\/#\/schema\/person\/36aae2d8eed7708b6408f95c0198593d\"},\"headline\":\"Comprometimento de continuidade: o que \u00e9, como medir e por que importa na reten\u00e7\u00e3o de talentos\",\"datePublished\":\"2026-08-30T11:00:00+00:00\",\"dateModified\":\"2026-07-23T00:53:29+00:00\",\"mainEntityOfPage\":{\"@id\":\"https:\/\/www.questionpro.com\/blog\/pt-br\/comprometimento-de-continuidade\/\"},\"wordCount\":2554,\"publisher\":{\"@id\":\"https:\/\/www.questionpro.com\/blog\/pt-br\/#organization\"},\"articleSection\":[\"Experi\u00eancia do colaborador - EX\"],\"inLanguage\":\"pt-BR\"},{\"@type\":\"WebPage\",\"@id\":\"https:\/\/www.questionpro.com\/blog\/pt-br\/comprometimento-de-continuidade\/\",\"url\":\"https:\/\/www.questionpro.com\/blog\/pt-br\/comprometimento-de-continuidade\/\",\"name\":\"Comprometimento de continuidade: o que \u00e9 e como medir\",\"isPartOf\":{\"@id\":\"https:\/\/www.questionpro.com\/blog\/pt-br\/#website\"},\"datePublished\":\"2026-08-30T11:00:00+00:00\",\"dateModified\":\"2026-07-23T00:53:29+00:00\",\"description\":\"O comprometimento de continuidade \u00e9 o v\u00ednculo baseado na avalia\u00e7\u00e3o de custos de sa\u00edda. Descubra como medi-lo, diferenci\u00e1-lo do afetivo e gerenci\u00e1-lo para reter talentos.\",\"breadcrumb\":{\"@id\":\"https:\/\/www.questionpro.com\/blog\/pt-br\/comprometimento-de-continuidade\/#breadcrumb\"},\"inLanguage\":\"pt-BR\",\"potentialAction\":[{\"@type\":\"ReadAction\",\"target\":[\"https:\/\/www.questionpro.com\/blog\/pt-br\/comprometimento-de-continuidade\/\"]}]},{\"@type\":\"BreadcrumbList\",\"@id\":\"https:\/\/www.questionpro.com\/blog\/pt-br\/comprometimento-de-continuidade\/#breadcrumb\",\"itemListElement\":[{\"@type\":\"ListItem\",\"position\":1,\"name\":\"In\u00edcio\",\"item\":\"https:\/\/www.questionpro.com\/blog\/pt-br\/\"},{\"@type\":\"ListItem\",\"position\":2,\"name\":\"Experi\u00eancia do colaborador - EX\",\"item\":\"https:\/\/www.questionpro.com\/blog\/pt-br\/category\/experiencia-do-funcionario-ex\/\"},{\"@type\":\"ListItem\",\"position\":3,\"name\":\"Comprometimento de continuidade: o que \u00e9, como medir e por que importa na reten\u00e7\u00e3o de talentos\"}]},{\"@type\":\"WebSite\",\"@id\":\"https:\/\/www.questionpro.com\/blog\/pt-br\/#website\",\"url\":\"https:\/\/www.questionpro.com\/blog\/pt-br\/\",\"name\":\"QuestionPro\",\"description\":\"\",\"publisher\":{\"@id\":\"https:\/\/www.questionpro.com\/blog\/pt-br\/#organization\"},\"potentialAction\":[{\"@type\":\"SearchAction\",\"target\":{\"@type\":\"EntryPoint\",\"urlTemplate\":\"https:\/\/www.questionpro.com\/blog\/pt-br\/?s={search_term_string}\"},\"query-input\":\"required name=search_term_string\"}],\"inLanguage\":\"pt-BR\"},{\"@type\":\"Organization\",\"@id\":\"https:\/\/www.questionpro.com\/blog\/pt-br\/#organization\",\"name\":\"QuestionPro\",\"url\":\"https:\/\/www.questionpro.com\/blog\/pt-br\/\",\"logo\":{\"@type\":\"ImageObject\",\"inLanguage\":\"pt-BR\",\"@id\":\"https:\/\/www.questionpro.com\/blog\/pt-br\/#\/schema\/logo\/image\/\",\"url\":\"https:\/\/www.questionpro.com\/blog\/wp-content\/uploads\/2022\/10\/questionpro-logo.svg\",\"contentUrl\":\"https:\/\/www.questionpro.com\/blog\/wp-content\/uploads\/2022\/10\/questionpro-logo.svg\",\"caption\":\"QuestionPro\"},\"image\":{\"@id\":\"https:\/\/www.questionpro.com\/blog\/pt-br\/#\/schema\/logo\/image\/\"},\"sameAs\":[\"https:\/\/www.facebook.com\/questionpro\",\"https:\/\/twitter.com\/questionpro\",\"https:\/\/www.linkedin.com\/company\/questionpro\/\"]},{\"@type\":\"Person\",\"@id\":\"https:\/\/www.questionpro.com\/blog\/pt-br\/#\/schema\/person\/36aae2d8eed7708b6408f95c0198593d\",\"name\":\"Cristina Ortega\",\"image\":{\"@type\":\"ImageObject\",\"inLanguage\":\"pt-BR\",\"@id\":\"https:\/\/www.questionpro.com\/blog\/pt-br\/#\/schema\/person\/image\/\",\"url\":\"https:\/\/secure.gravatar.com\/avatar\/49635f2181bfe83c436d50b9a8bf1f2e?s=96&d=mm&r=g\",\"contentUrl\":\"https:\/\/secure.gravatar.com\/avatar\/49635f2181bfe83c436d50b9a8bf1f2e?s=96&d=mm&r=g\",\"caption\":\"Cristina Ortega\"},\"url\":\"https:\/\/www.questionpro.com\/blog\/pt-br\/author\/cristinaortega\/\"}]}<\/script>\n<!-- \/ Yoast SEO plugin. -->","yoast_head_json":{"title":"Comprometimento de continuidade: o que \u00e9 e como medir","description":"O comprometimento de continuidade \u00e9 o v\u00ednculo baseado na avalia\u00e7\u00e3o de custos de sa\u00edda. Descubra como medi-lo, diferenci\u00e1-lo do afetivo e gerenci\u00e1-lo para reter talentos.","robots":{"index":"index","follow":"follow","max-snippet":"max-snippet:-1","max-image-preview":"max-image-preview:large","max-video-preview":"max-video-preview:-1"},"canonical":"https:\/\/www.questionpro.com\/blog\/pt-br\/comprometimento-de-continuidade\/","og_locale":"pt_BR","og_type":"article","og_title":"Comprometimento de continuidade: o que \u00e9 e como medir","og_description":"O comprometimento de continuidade \u00e9 o v\u00ednculo baseado na avalia\u00e7\u00e3o de custos de sa\u00edda. Descubra como medi-lo, diferenci\u00e1-lo do afetivo e gerenci\u00e1-lo para reter talentos.","og_url":"https:\/\/www.questionpro.com\/blog\/pt-br\/comprometimento-de-continuidade\/","og_site_name":"QuestionPro","article_publisher":"https:\/\/www.facebook.com\/questionpro","article_published_time":"2026-08-30T11:00:00+00:00","article_modified_time":"2026-07-23T00:53:29+00:00","og_image":[{"width":1255,"height":705,"url":"https:\/\/www.questionpro.com\/blog\/wp-content\/uploads\/2026\/07\/cover-comprometimento-de-continuidade-o-que-e-como-med-2.jpg","type":"image\/jpeg"}],"author":"Cristina Ortega","twitter_card":"summary_large_image","twitter_creator":"@questionpro","twitter_site":"@questionpro","twitter_misc":{"Escrito por":"Cristina Ortega","Est. tempo de leitura":"11 minutos"},"schema":{"@context":"https:\/\/schema.org","@graph":[{"@type":"Article","@id":"https:\/\/www.questionpro.com\/blog\/pt-br\/comprometimento-de-continuidade\/#article","isPartOf":{"@id":"https:\/\/www.questionpro.com\/blog\/pt-br\/comprometimento-de-continuidade\/"},"author":{"name":"Cristina Ortega","@id":"https:\/\/www.questionpro.com\/blog\/pt-br\/#\/schema\/person\/36aae2d8eed7708b6408f95c0198593d"},"headline":"Comprometimento de continuidade: o que \u00e9, como medir e por que importa na reten\u00e7\u00e3o de talentos","datePublished":"2026-08-30T11:00:00+00:00","dateModified":"2026-07-23T00:53:29+00:00","mainEntityOfPage":{"@id":"https:\/\/www.questionpro.com\/blog\/pt-br\/comprometimento-de-continuidade\/"},"wordCount":2554,"publisher":{"@id":"https:\/\/www.questionpro.com\/blog\/pt-br\/#organization"},"articleSection":["Experi\u00eancia do colaborador - EX"],"inLanguage":"pt-BR"},{"@type":"WebPage","@id":"https:\/\/www.questionpro.com\/blog\/pt-br\/comprometimento-de-continuidade\/","url":"https:\/\/www.questionpro.com\/blog\/pt-br\/comprometimento-de-continuidade\/","name":"Comprometimento de continuidade: o que \u00e9 e como medir","isPartOf":{"@id":"https:\/\/www.questionpro.com\/blog\/pt-br\/#website"},"datePublished":"2026-08-30T11:00:00+00:00","dateModified":"2026-07-23T00:53:29+00:00","description":"O comprometimento de continuidade \u00e9 o v\u00ednculo baseado na avalia\u00e7\u00e3o de custos de sa\u00edda. Descubra como medi-lo, diferenci\u00e1-lo do afetivo e gerenci\u00e1-lo para reter talentos.","breadcrumb":{"@id":"https:\/\/www.questionpro.com\/blog\/pt-br\/comprometimento-de-continuidade\/#breadcrumb"},"inLanguage":"pt-BR","potentialAction":[{"@type":"ReadAction","target":["https:\/\/www.questionpro.com\/blog\/pt-br\/comprometimento-de-continuidade\/"]}]},{"@type":"BreadcrumbList","@id":"https:\/\/www.questionpro.com\/blog\/pt-br\/comprometimento-de-continuidade\/#breadcrumb","itemListElement":[{"@type":"ListItem","position":1,"name":"In\u00edcio","item":"https:\/\/www.questionpro.com\/blog\/pt-br\/"},{"@type":"ListItem","position":2,"name":"Experi\u00eancia do colaborador - EX","item":"https:\/\/www.questionpro.com\/blog\/pt-br\/category\/experiencia-do-funcionario-ex\/"},{"@type":"ListItem","position":3,"name":"Comprometimento de continuidade: o que \u00e9, como medir e por que importa na reten\u00e7\u00e3o de talentos"}]},{"@type":"WebSite","@id":"https:\/\/www.questionpro.com\/blog\/pt-br\/#website","url":"https:\/\/www.questionpro.com\/blog\/pt-br\/","name":"QuestionPro","description":"","publisher":{"@id":"https:\/\/www.questionpro.com\/blog\/pt-br\/#organization"},"potentialAction":[{"@type":"SearchAction","target":{"@type":"EntryPoint","urlTemplate":"https:\/\/www.questionpro.com\/blog\/pt-br\/?s={search_term_string}"},"query-input":"required name=search_term_string"}],"inLanguage":"pt-BR"},{"@type":"Organization","@id":"https:\/\/www.questionpro.com\/blog\/pt-br\/#organization","name":"QuestionPro","url":"https:\/\/www.questionpro.com\/blog\/pt-br\/","logo":{"@type":"ImageObject","inLanguage":"pt-BR","@id":"https:\/\/www.questionpro.com\/blog\/pt-br\/#\/schema\/logo\/image\/","url":"https:\/\/www.questionpro.com\/blog\/wp-content\/uploads\/2022\/10\/questionpro-logo.svg","contentUrl":"https:\/\/www.questionpro.com\/blog\/wp-content\/uploads\/2022\/10\/questionpro-logo.svg","caption":"QuestionPro"},"image":{"@id":"https:\/\/www.questionpro.com\/blog\/pt-br\/#\/schema\/logo\/image\/"},"sameAs":["https:\/\/www.facebook.com\/questionpro","https:\/\/twitter.com\/questionpro","https:\/\/www.linkedin.com\/company\/questionpro\/"]},{"@type":"Person","@id":"https:\/\/www.questionpro.com\/blog\/pt-br\/#\/schema\/person\/36aae2d8eed7708b6408f95c0198593d","name":"Cristina Ortega","image":{"@type":"ImageObject","inLanguage":"pt-BR","@id":"https:\/\/www.questionpro.com\/blog\/pt-br\/#\/schema\/person\/image\/","url":"https:\/\/secure.gravatar.com\/avatar\/49635f2181bfe83c436d50b9a8bf1f2e?s=96&d=mm&r=g","contentUrl":"https:\/\/secure.gravatar.com\/avatar\/49635f2181bfe83c436d50b9a8bf1f2e?s=96&d=mm&r=g","caption":"Cristina Ortega"},"url":"https:\/\/www.questionpro.com\/blog\/pt-br\/author\/cristinaortega\/"}]}},"featured_image_src":"https:\/\/www.questionpro.com\/blog\/wp-content\/uploads\/2026\/07\/cover-comprometimento-de-continuidade-o-que-e-como-med-2-600x400.jpg","featured_image_src_square":"https:\/\/www.questionpro.com\/blog\/wp-content\/uploads\/2026\/07\/cover-comprometimento-de-continuidade-o-que-e-como-med-2-600x600.jpg","author_info":{"display_name":"Cristina Ortega","author_link":"https:\/\/www.questionpro.com\/blog\/pt-br\/author\/cristinaortega\/"},"_links":{"self":[{"href":"https:\/\/www.questionpro.com\/blog\/pt-br\/wp-json\/wp\/v2\/posts\/1089537"}],"collection":[{"href":"https:\/\/www.questionpro.com\/blog\/pt-br\/wp-json\/wp\/v2\/posts"}],"about":[{"href":"https:\/\/www.questionpro.com\/blog\/pt-br\/wp-json\/wp\/v2\/types\/post"}],"author":[{"embeddable":true,"href":"https:\/\/www.questionpro.com\/blog\/pt-br\/wp-json\/wp\/v2\/users\/42"}],"replies":[{"embeddable":true,"href":"https:\/\/www.questionpro.com\/blog\/pt-br\/wp-json\/wp\/v2\/comments?post=1089537"}],"version-history":[{"count":3,"href":"https:\/\/www.questionpro.com\/blog\/pt-br\/wp-json\/wp\/v2\/posts\/1089537\/revisions"}],"predecessor-version":[{"id":1096982,"href":"https:\/\/www.questionpro.com\/blog\/pt-br\/wp-json\/wp\/v2\/posts\/1089537\/revisions\/1096982"}],"wp:featuredmedia":[{"embeddable":true,"href":"https:\/\/www.questionpro.com\/blog\/pt-br\/wp-json\/wp\/v2\/media\/1089669"}],"wp:attachment":[{"href":"https:\/\/www.questionpro.com\/blog\/pt-br\/wp-json\/wp\/v2\/media?parent=1089537"}],"wp:term":[{"taxonomy":"category","embeddable":true,"href":"https:\/\/www.questionpro.com\/blog\/pt-br\/wp-json\/wp\/v2\/categories?post=1089537"},{"taxonomy":"post_tag","embeddable":true,"href":"https:\/\/www.questionpro.com\/blog\/pt-br\/wp-json\/wp\/v2\/tags?post=1089537"}],"curies":[{"name":"wp","href":"https:\/\/api.w.org\/{rel}","templated":true}]}},{"id":1089420,"date":"2026-08-29T04:00:00","date_gmt":"2026-08-29T11:00:00","guid":{"rendered":"https:\/\/www.questionpro.com\/blog\/?p=1089420"},"modified":"2026-07-22T17:50:15","modified_gmt":"2026-07-23T00:50:15","slug":"tipos-de-comprometimento-organizacional","status":"publish","type":"post","link":"https:\/\/www.questionpro.com\/blog\/pt-br\/tipos-de-comprometimento-organizacional\/","title":{"rendered":"Tipos de comprometimento organizacional: o que s\u00e3o, diferen\u00e7as e como mensur\u00e1-los"},"content":{"rendered":"<p>Os <strong>tipos de comprometimento organizacional<\/strong> explicam por que alguns colaboradores d\u00e3o o melhor de si enquanto outros fazem o m\u00ednimo necess\u00e1rio, mesmo quando os benef\u00edcios s\u00e3o similares. A diferen\u00e7a n\u00e3o est\u00e1 no sal\u00e1rio nem no cargo, mas na natureza do v\u00ednculo que une cada pessoa \u00e0 organiza\u00e7\u00e3o.<\/p>\n<p>Desde 1990, o modelo de Meyer e Allen define tr\u00eas dimens\u00f5es psicol\u00f3gicas que coexistem em propor\u00e7\u00f5es distintas em cada colaborador. Conhec\u00ea-las muda completamente a forma como uma equipe de recursos humanos desenha suas estrat\u00e9gias de reten\u00e7\u00e3o, porque aponta algo que os relat\u00f3rios de turnover n\u00e3o conseguem ver: nem todos os que ficam ficam pelo mesmo motivo.<\/p>\n<p>Neste artigo voc\u00ea vai ver cada tipo, as diferen\u00e7as fundamentais entre eles e as ferramentas concretas para mensur\u00e1-los antes que a rotatividade se torne um problema vis\u00edvel no seu neg\u00f3cio.<\/p>\n<style>.qp-art-summary[open] .qp-art-arrow{transform:rotate(180deg)}.qp-art-arrow{transition:transform 0.25s ease;display:inline-block;}<\/style>\n<details class=\"qp-art-summary\" style=\"background: #f8faff; border: 2px solid #2D6BE4; border-radius: 12px; margin: 1.5rem 0; font-family: Arial,sans-serif; overflow: hidden;\">\n<summary style=\"background: #1a2b5e; color: #ffffff; padding: 1rem 1.25rem; cursor: pointer; font-size: 16px; font-weight: bold; list-style: none; display: flex; align-items: center; gap: 10px; margin: 0;\"><span style=\"font-size: 20px; line-height: 1; flex-shrink: 0;\">\ud83d\udc41<\/span> Resumo do artigo<span class=\"qp-art-arrow\" style=\"margin-left: auto; font-size: 13px; opacity: 0.75;\">\u25bc<\/span><\/summary>\n<ul style=\"margin: 0; padding: 1rem 1.5rem; list-style: none;\">\n<li style=\"padding: 0.6rem 0; border-bottom: 1px solid #e5e7eb; color: #374151; font-size: 15px; line-height: 1.6; display: flex; gap: 10px; align-items: flex-start;\"><span style=\"color: #2d6be4; font-weight: bold; flex-shrink: 0; margin-top: 2px;\">\u2713<\/span> O comprometimento organizacional tem tr\u00eas dimens\u00f5es: afetiva, instrumental e normativa, segundo o modelo de Meyer e Allen (1990).<\/li>\n<li style=\"padding: 0.6rem 0; border-bottom: 1px solid #e5e7eb; color: #374151; font-size: 15px; line-height: 1.6; display: flex; gap: 10px; align-items: flex-start;\"><span style=\"color: #2d6be4; font-weight: bold; flex-shrink: 0; margin-top: 2px;\">\u2713<\/span> O comprometimento afetivo \u00e9 o mais valioso: o colaborador fica porque quer, n\u00e3o por necessidade ou obriga\u00e7\u00e3o.<\/li>\n<li style=\"padding: 0.6rem 0; border-bottom: 1px solid #e5e7eb; color: #374151; font-size: 15px; line-height: 1.6; display: flex; gap: 10px; align-items: flex-start;\"><span style=\"color: #2d6be4; font-weight: bold; flex-shrink: 0; margin-top: 2px;\">\u2713<\/span> Apenas 21% dos colaboradores no mundo se sentem comprometidos com sua organiza\u00e7\u00e3o, segundo o Gallup (2024).<\/li>\n<li style=\"padding: 0.6rem 0; border-bottom: 1px solid #e5e7eb; color: #374151; font-size: 15px; line-height: 1.6; display: flex; gap: 10px; align-items: flex-start;\"><span style=\"color: #2d6be4; font-weight: bold; flex-shrink: 0; margin-top: 2px;\">\u2713<\/span> Distinguir os tr\u00eas tipos permite antecipar riscos de rotatividade com meses de anteced\u00eancia, antes que apare\u00e7am nos relat\u00f3rios.<\/li>\n<li style=\"padding: 0.6rem 0; border-bottom: 1px solid #e5e7eb; color: #374151; font-size: 15px; line-height: 1.6; display: flex; gap: 10px; align-items: flex-start;\"><span style=\"color: #2d6be4; font-weight: bold; flex-shrink: 0; margin-top: 2px;\">\u2713<\/span> O QuestionPro Employee Experience permite medir as tr\u00eas dimens\u00f5es com pesquisas de engajamento, clima e pulso segmentadas por equipe, departamento ou fun\u00e7\u00e3o.<\/li>\n<\/ul>\n<\/details>\n\n<h2>O que \u00e9 comprometimento organizacional?<\/h2>\n<p>O comprometimento organizacional descreve o grau em que um colaborador se identifica com sua organiza\u00e7\u00e3o, seus objetivos e seus valores, e a disposi\u00e7\u00e3o que tem para manter sua perman\u00eancia nela. N\u00e3o \u00e9 um conceito unidimensional: inclui atitudes, emo\u00e7\u00f5es e c\u00e1lculos que operam de formas distintas em cada pessoa.<\/p>\n<p>A defini\u00e7\u00e3o mais citada na literatura acad\u00eamica vem de John Meyer e Natalie Allen, que em 1990 propuseram que o comprometimento n\u00e3o \u00e9 um estado \u00fanico, mas o resultado de tr\u00eas componentes psicol\u00f3gicos que podem coexistir em propor\u00e7\u00f5es distintas. Essa perspectiva transformou a forma como as organiza\u00e7\u00f5es entendem a reten\u00e7\u00e3o de talentos, ao apontar que a perman\u00eancia de um colaborador n\u00e3o diz nada sobre a qualidade desse v\u00ednculo.<\/p>\n<p>O comportamento de um colaborador com alto comprometimento afetivo e o de um comprometido apenas por in\u00e9rcia podem parecer iguais na superf\u00edcie, mas respondem de forma completamente diferente diante do estresse, das mudan\u00e7as organizacionais e das oportunidades externas. A\u00ed est\u00e1 a diferen\u00e7a que importa.<\/p>\n<p>Por que isso deve preocupar sua lideran\u00e7a? Porque uma organiza\u00e7\u00e3o que n\u00e3o distingue os tipos de comprometimento corre o risco de confundir lealdade com in\u00e9rcia e de interpretar mal os sinais de um colaborador que est\u00e1 prestes a pedir demiss\u00e3o.<\/p>\n<h2>Os 3 tipos de comprometimento organizacional segundo Meyer e Allen<\/h2>\n<p>O modelo tridimensional de Meyer e Allen continua sendo o framework mais robusto para analisar o v\u00ednculo entre colaborador e organiza\u00e7\u00e3o. Cada tipo responde a uma l\u00f3gica diferente, e conhec\u00ea-la muda completamente a estrat\u00e9gia de reten\u00e7\u00e3o.<\/p>\n<h3>1. Comprometimento afetivo<\/h3>\n<p>O comprometimento afetivo se baseia no apego emocional do colaborador \u00e0 organiza\u00e7\u00e3o. A pessoa fica porque quer: sente que a empresa compartilha seus valores, encontra significado no trabalho e tem v\u00ednculos genu\u00ednos com a equipe.<\/p>\n<p>Esse tipo tem o maior impacto sobre a produtividade, a iniciativa e a qualidade do trabalho. Um colaborador com alto comprometimento afetivo n\u00e3o espera instru\u00e7\u00f5es para resolver um problema, n\u00e3o faz o m\u00ednimo indispens\u00e1vel e raramente busca emprego ativamente. Sua perman\u00eancia \u00e9 volunt\u00e1ria e motivada.<\/p>\n<p>O problema \u00e9 que tamb\u00e9m \u00e9 o mais fr\u00e1gil. Constr\u00f3i-se devagar, com experi\u00eancias consistentes de confian\u00e7a, reconhecimento e prop\u00f3sito, e pode ser erodido rapidamente se a organiza\u00e7\u00e3o n\u00e3o cuida desse v\u00ednculo. Uma mudan\u00e7a de lideran\u00e7a, uma promessa n\u00e3o cumprida ou uma <a href=\"https:\/\/www.questionpro.com\/blog\/pt-br\/cultura-organizacional\/\">cultura organizacional<\/a> t\u00f3xica podem destruir em semanas o que levou anos para construir.<\/p>\n<h3>2. Comprometimento instrumental ou de continua\u00e7\u00e3o<\/h3>\n<p>O comprometimento instrumental aparece quando o colaborador percebe que os custos de deixar a organiza\u00e7\u00e3o superam os benef\u00edcios de faz\u00ea-lo. N\u00e3o se trata de amar o trabalho, mas de um c\u00e1lculo racional: os anos investidos, o sal\u00e1rio dif\u00edcil de replicar, o tempo de casa acumulado ou simplesmente a incerteza do mercado de trabalho.<\/p>\n<p>Esse tipo pode sustentar a perman\u00eancia, mas tem um teto claro: o colaborador que fica por esse motivo tende a fazer o estritamente necess\u00e1rio, evita riscos e n\u00e3o inova. A <a href=\"https:\/\/www.questionpro.com\/blog\/pt-br\/desmotivacao-no-trabalho\/\">desmotiva\u00e7\u00e3o no trabalho<\/a> cr\u00f4nica \u00e9 um sintoma frequente desse perfil.<\/p>\n<p>Aqui vai a armadilha que muitas equipes de RH n\u00e3o antecipam: quando as circunst\u00e2ncias mudam, por exemplo quando surge uma oferta suficientemente boa ou o mercado de trabalho melhora, esses colaboradores v\u00e3o embora sem aviso pr\u00e9vio e com pouco senso de perda.<\/p>\n<h3>3. Comprometimento normativo<\/h3>\n<p>O comprometimento normativo se sustenta no senso de dever. O colaborador permanece porque sente que seria incorreto ou desleal ir embora, especialmente se a organiza\u00e7\u00e3o investiu em seu desenvolvimento, se ele recebeu benef\u00edcios significativos ou se a cultura valoriza a lealdade como norma social impl\u00edcita.<\/p>\n<p>Ao contr\u00e1rio do comprometimento instrumental, esse tipo n\u00e3o se baseia no medo de perder algo, mas em um conjunto de valores internalizados sobre reciprocidade e obriga\u00e7\u00e3o moral. Em algumas culturas empresariais brasileiras, esse componente tem um peso consider\u00e1vel que modelos desenhados em contextos anglo-sax\u00f4nicos \u00e0s vezes subestimam.<\/p>\n<p>O comprometimento normativo contribui para a estabilidade, mas tamb\u00e9m pode gerar colaboradores que se sentem &#8220;presos&#8221; emocionalmente, com n\u00edveis moderados de satisfa\u00e7\u00e3o e pouca iniciativa proativa. Continue lendo, porque esse matiz muda a forma como voc\u00ea deve interpretar seus resultados de pesquisa de clima.<\/p>\n<div style=\"background: #f8faff; border-radius: 16px; padding: 2rem; margin: 2rem 0; font-family: Arial,sans-serif; border: 2px solid #1a2b5e;\">\n<p style=\"text-align: center; color: #1a2b5e; font-size: 16px; font-weight: bold; margin: 0 0 1.5rem 0; text-transform: uppercase; letter-spacing: 1px;\">Os 3 tipos de comprometimento organizacional<\/p>\n<div style=\"display: grid; grid-template-columns: 1fr 1fr 1fr; gap: 1rem;\">\n<div style=\"background: #1a2b5e; border-radius: 12px; padding: 1.25rem; text-align: center;\">\n<div style=\"width: 48px; height: 48px; background: #2D6BE4; border-radius: 50%; display: flex; align-items: center; justify-content: center; margin: 0 auto 12px auto; font-weight: 800; color: #fff; font-size: 20px;\">1<\/div>\n<p style=\"color: #ffffff; font-weight: bold; font-size: 16px; margin: 0 0 8px 0;\">Afetivo<\/p>\n<p style=\"color: rgba(255,255,255,0.85); font-size: 15px; margin: 0; line-height: 1.5;\">Fica porque <em>quer<\/em>. Apego emocional, valores compartilhados e satisfa\u00e7\u00e3o genu\u00edna.<\/p>\n<\/div>\n<div style=\"background: #2D6BE4; border-radius: 12px; padding: 1.25rem; text-align: center;\">\n<div style=\"width: 48px; height: 48px; background: #1a2b5e; border-radius: 50%; display: flex; align-items: center; justify-content: center; margin: 0 auto 12px auto; font-weight: 800; color: #fff; font-size: 20px;\">2<\/div>\n<p style=\"color: #ffffff; font-weight: bold; font-size: 16px; margin: 0 0 8px 0;\">Instrumental<\/p>\n<p style=\"color: rgba(255,255,255,0.85); font-size: 15px; margin: 0; line-height: 1.5;\">Fica porque <em>precisa<\/em>. Calcula os custos de sair e conclui que n\u00e3o pode se dar ao luxo.<\/p>\n<\/div>\n<div style=\"background: #1a2b5e; border-radius: 12px; padding: 1.25rem; text-align: center;\">\n<div style=\"width: 48px; height: 48px; background: #2D6BE4; border-radius: 50%; display: flex; align-items: center; justify-content: center; margin: 0 auto 12px auto; font-weight: 800; color: #fff; font-size: 20px;\">3<\/div>\n<p style=\"color: #ffffff; font-weight: bold; font-size: 16px; margin: 0 0 8px 0;\">Normativo<\/p>\n<p style=\"color: rgba(255,255,255,0.85); font-size: 15px; margin: 0; line-height: 1.5;\">Fica porque <em>deve<\/em>. Sente obriga\u00e7\u00e3o moral de reciprocidade com a organiza\u00e7\u00e3o.<\/p>\n<\/div>\n<\/div>\n<\/div>\n<h2>Diferen\u00e7as fundamentais entre os tr\u00eas tipos<\/h2>\n<p>Os tr\u00eas tipos podem coexistir em um mesmo colaborador, mas em propor\u00e7\u00f5es muito distintas. A combina\u00e7\u00e3o que predomina determina a qualidade e a solidez do v\u00ednculo com a organiza\u00e7\u00e3o. Esta tabela resume as diferen\u00e7as principais para facilitar o diagn\u00f3stico em ambientes de gest\u00e3o de talentos:<\/p>\n<table style=\"border-collapse: collapse; width: 100%; margin: 1.5rem 0;\">\n<thead>\n<tr>\n<th style=\"background: #1a2b5e; color: #fff; padding: 10px 14px; border: 1px solid #c5cfe8; font-size: 14px; text-align: left;\">Dimens\u00e3o<\/th>\n<th style=\"background: #162450; color: #fff; padding: 10px 14px; border: 1px solid #c5cfe8; font-size: 14px; text-align: left;\">Afetivo<\/th>\n<th style=\"background: #1a2b5e; color: #fff; padding: 10px 14px; border: 1px solid #c5cfe8; font-size: 14px; text-align: left;\">Instrumental<\/th>\n<th style=\"background: #162450; color: #fff; padding: 10px 14px; border: 1px solid #c5cfe8; font-size: 14px; text-align: left;\">Normativo<\/th>\n<\/tr>\n<\/thead>\n<tbody>\n<tr>\n<td style=\"background: #ffffff; padding: 9px 14px; border: 1px solid #e5e7eb; font-size: 14px; vertical-align: top; font-weight: 600;\">Motivo de perman\u00eancia<\/td>\n<td style=\"background: #f0f4ff; padding: 9px 14px; border: 1px solid #e5e7eb; font-size: 14px; vertical-align: top;\">Desejo genu\u00edno<\/td>\n<td style=\"background: #ffffff; padding: 9px 14px; border: 1px solid #e5e7eb; font-size: 14px; vertical-align: top;\">Necessidade ou custo<\/td>\n<td style=\"background: #f0f4ff; padding: 9px 14px; border: 1px solid #e5e7eb; font-size: 14px; vertical-align: top;\">Dever ou obriga\u00e7\u00e3o<\/td>\n<\/tr>\n<tr>\n<td style=\"background: #ffffff; padding: 9px 14px; border: 1px solid #e5e7eb; font-size: 14px; vertical-align: top; font-weight: 600;\">Base psicol\u00f3gica<\/td>\n<td style=\"background: #f0f4ff; padding: 9px 14px; border: 1px solid #e5e7eb; font-size: 14px; vertical-align: top;\">Emo\u00e7\u00e3o e identidade<\/td>\n<td style=\"background: #ffffff; padding: 9px 14px; border: 1px solid #e5e7eb; font-size: 14px; vertical-align: top;\">C\u00e1lculo racional<\/td>\n<td style=\"background: #f0f4ff; padding: 9px 14px; border: 1px solid #e5e7eb; font-size: 14px; vertical-align: top;\">Norma moral internalizada<\/td>\n<\/tr>\n<tr>\n<td style=\"background: #ffffff; padding: 9px 14px; border: 1px solid #e5e7eb; font-size: 14px; vertical-align: top; font-weight: 600;\">Impacto na produtividade<\/td>\n<td style=\"background: #f0f4ff; padding: 9px 14px; border: 1px solid #e5e7eb; font-size: 14px; vertical-align: top;\">Alto<\/td>\n<td style=\"background: #ffffff; padding: 9px 14px; border: 1px solid #e5e7eb; font-size: 14px; vertical-align: top;\">Moderado ou baixo<\/td>\n<td style=\"background: #f0f4ff; padding: 9px 14px; border: 1px solid #e5e7eb; font-size: 14px; vertical-align: top;\">Moderado<\/td>\n<\/tr>\n<tr>\n<td style=\"background: #ffffff; padding: 9px 14px; border: 1px solid #e5e7eb; font-size: 14px; vertical-align: top; font-weight: 600;\">Risco de rotatividade<\/td>\n<td style=\"background: #f0f4ff; padding: 9px 14px; border: 1px solid #e5e7eb; font-size: 14px; vertical-align: top;\">Baixo<\/td>\n<td style=\"background: #ffffff; padding: 9px 14px; border: 1px solid #e5e7eb; font-size: 14px; vertical-align: top;\">Alto se as circunst\u00e2ncias mudarem<\/td>\n<td style=\"background: #f0f4ff; padding: 9px 14px; border: 1px solid #e5e7eb; font-size: 14px; vertical-align: top;\">M\u00e9dio<\/td>\n<\/tr>\n<tr>\n<td style=\"background: #ffffff; padding: 9px 14px; border: 1px solid #e5e7eb; font-size: 14px; vertical-align: top; font-weight: 600;\">Iniciativa e proatividade<\/td>\n<td style=\"background: #f0f4ff; padding: 9px 14px; border: 1px solid #e5e7eb; font-size: 14px; vertical-align: top;\">Alta<\/td>\n<td style=\"background: #ffffff; padding: 9px 14px; border: 1px solid #e5e7eb; font-size: 14px; vertical-align: top;\">Baixa<\/td>\n<td style=\"background: #f0f4ff; padding: 9px 14px; border: 1px solid #e5e7eb; font-size: 14px; vertical-align: top;\">Moderada<\/td>\n<\/tr>\n<\/tbody>\n<\/table>\n<p>Saber em qual quadrante se encontra a maioria da sua equipe n\u00e3o \u00e9 um exerc\u00edcio acad\u00eamico: \u00e9 informa\u00e7\u00e3o acion\u00e1vel. Uma equipe dominada pelo comprometimento instrumental pode parecer est\u00e1vel nos relat\u00f3rios, mas se torna um risco silencioso quando as condi\u00e7\u00f5es do mercado mudam ou quando um concorrente lan\u00e7a uma oferta atraente.<\/p>\n<h2>Por que mensurar os tipos de comprometimento organizacional?<\/h2>\n<p>Mensurar o comprometimento sem distinguir seus tipos \u00e9 como medir a temperatura de um paciente sem saber quais s\u00e3o os sintomas: o dado existe, mas n\u00e3o diz o que fazer. A diferencia\u00e7\u00e3o entre as tr\u00eas dimens\u00f5es permite diagn\u00f3sticos muito mais precisos e decis\u00f5es mais fundamentadas.<\/p>\n<div style=\"background: #f8faff; border-left: 5px solid #2D6BE4; border-radius: 0 12px 12px 0; padding: 1.25rem 1.5rem; margin: 1.5rem 0; font-family: Arial,sans-serif;\">\n<p style=\"font-size: 26px; font-weight: 800; color: #1a2b5e; margin: 0 0 6px 0;\">21%<\/p>\n<p style=\"font-size: 15px; color: #374151; margin: 0 0 8px 0; line-height: 1.5;\">Apenas 21% dos colaboradores no mundo relatam se sentir comprometidos com sua organiza\u00e7\u00e3o. A maioria faz seu trabalho sem maior conex\u00e3o emocional com a empresa.<\/p>\n<p style=\"font-size: 13px; color: #6b7280; margin: 0;\">Fonte: Gallup, State of the Global Workplace 2024<\/p>\n<\/div>\n<p>Esse n\u00famero \u00e9 alarmante, mas esconde uma realidade mais complexa: nem todos os colaboradores &#8220;n\u00e3o comprometidos&#8221; s\u00e3o iguais. Alguns est\u00e3o no modo instrumental, presos pela in\u00e9rcia. Outros est\u00e3o em queda livre afetiva, um processo que costuma preceder o pedido de demiss\u00e3o por v\u00e1rios meses. E outros t\u00eam o comprometimento normativo intacto mas est\u00e3o esgotados. Cada perfil requer uma interven\u00e7\u00e3o diferente.<\/p>\n<div style=\"background: #f8faff; border-left: 5px solid #2D6BE4; border-radius: 0 12px 12px 0; padding: 1.25rem 1.5rem; margin: 1.5rem 0; font-family: Arial,sans-serif;\">\n<p style=\"font-size: 26px; font-weight: 800; color: #1a2b5e; margin: 0 0 6px 0;\">23%<\/p>\n<p style=\"font-size: 15px; color: #374151; margin: 0 0 8px 0; line-height: 1.5;\">Maior lucratividade registram as organiza\u00e7\u00f5es com equipes de alto comprometimento afetivo em compara\u00e7\u00e3o com as que t\u00eam equipes desconectadas. Equipes engajadas tamb\u00e9m s\u00e3o 18% mais produtivas.<\/p>\n<p style=\"font-size: 13px; color: #6b7280; margin: 0;\">Fonte: Gallup, meta-an\u00e1lise de equipes de alto desempenho, 2024<\/p>\n<\/div>\n<p>Tem mais: o Gallup documentou que a <a href=\"https:\/\/www.questionpro.com\/blog\/pt-br\/rotatividade-de-funcionarios\/\">rotatividade de funcion\u00e1rios<\/a> em equipes com baixo comprometimento \u00e9 entre 18% e 43% maior conforme o setor. Isso n\u00e3o \u00e9 apenas um problema de talentos, \u00e9 um problema financeiro direto. A an\u00e1lise de dados do comprometimento por tipo permite antecipar onde est\u00e3o esses riscos antes que se tornem demiss\u00f5es reais.<\/p>\n<h2>Fatores que influenciam cada tipo de comprometimento<\/h2>\n<p>O comprometimento n\u00e3o surge sozinho nem se sustenta sem condi\u00e7\u00f5es. Cada uma das tr\u00eas dimens\u00f5es responde a alavancas distintas, e reconhec\u00ea-las \u00e9 fundamental para desenhar interven\u00e7\u00f5es eficazes a partir da \u00e1rea de pessoas.<\/p>\n<p>O comprometimento afetivo se constr\u00f3i com lideran\u00e7a emp\u00e1tica, reconhecimento genu\u00edno, senso de prop\u00f3sito e oportunidades de desenvolvimento. Nenhuma dessas alavancas funciona de forma isolada: um programa de benef\u00edcios extraordin\u00e1rio que n\u00e3o \u00e9 acompanhado de uma lideran\u00e7a que gera confian\u00e7a pode sustentar o comprometimento instrumental por um tempo, mas nunca vai transformar um colaborador em um defensor ativo da organiza\u00e7\u00e3o.<\/p>\n<p>O comprometimento instrumental, por sua vez, se alimenta de fatores econ\u00f4micos, de estabilidade percebida e dos custos de transi\u00e7\u00e3o para o mercado externo. \u00c9 leg\u00edtimo em certa medida, mas geri-lo como \u00fanico indicador de reten\u00e7\u00e3o \u00e9 uma estrat\u00e9gia de curto prazo.<\/p>\n<p>O comprometimento normativo depende da cultura de reciprocidade que a organiza\u00e7\u00e3o construiu ao longo do tempo: o investimento vis\u00edvel no desenvolvimento do colaborador, o reconhecimento de sua trajet\u00f3ria e as normas sociais do setor. Em ambientes de alto comprometimento normativo, a forma como a empresa trata quem vai embora importa tanto quanto como trata quem fica.<\/p>\n<div style=\"background: #1a2b5e; border-radius: 16px; padding: 2rem; margin: 2rem 0; font-family: Arial,sans-serif;\">\n<p style=\"text-align: center; color: #ffffff; font-size: 16px; font-weight: bold; margin: 0 0 1.5rem 0; letter-spacing: 1px; text-transform: uppercase;\">Alavancas por tipo de comprometimento<\/p>\n<div style=\"background: #ffffff; border-radius: 10px; padding: 1rem 1.25rem; margin-bottom: 0.75rem; display: flex; align-items: flex-start; gap: 1rem;\">\n<div style=\"background: #2D6BE4; color: #fff; font-weight: 800; font-size: 16px; min-width: 42px; height: 42px; border-radius: 50%; display: flex; align-items: center; justify-content: center; flex-shrink: 0;\">A<\/div>\n<div>\n<p style=\"margin: 0 0 4px 0; font-weight: bold; color: #111827; font-size: 16px;\">Afetivo<\/p>\n<p style=\"margin: 0; color: #6b7280; font-size: 16px; line-height: 1.5;\">Lideran\u00e7a emp\u00e1tica, reconhecimento genu\u00edno, senso de prop\u00f3sito, confian\u00e7a psicol\u00f3gica e oportunidades reais de crescimento.<\/p>\n<\/div>\n<\/div>\n<div style=\"background: #ffffff; border-radius: 10px; padding: 1rem 1.25rem; margin-bottom: 0.75rem; display: flex; align-items: flex-start; gap: 1rem;\">\n<div style=\"background: #2D6BE4; color: #fff; font-weight: 800; font-size: 16px; min-width: 42px; height: 42px; border-radius: 50%; display: flex; align-items: center; justify-content: center; flex-shrink: 0;\">I<\/div>\n<div>\n<p style=\"margin: 0 0 4px 0; font-weight: bold; color: #111827; font-size: 16px;\">Instrumental<\/p>\n<p style=\"margin: 0; color: #6b7280; font-size: 16px; line-height: 1.5;\">Benef\u00edcios econ\u00f4micos dif\u00edceis de replicar, tempo de casa, v\u00ednculos sociais internos e incerteza do mercado de trabalho externo.<\/p>\n<\/div>\n<\/div>\n<div style=\"background: #ffffff; border-radius: 10px; padding: 1rem 1.25rem; display: flex; align-items: flex-start; gap: 1rem;\">\n<div style=\"background: #2D6BE4; color: #fff; font-weight: 800; font-size: 16px; min-width: 42px; height: 42px; border-radius: 50%; display: flex; align-items: center; justify-content: center; flex-shrink: 0;\">N<\/div>\n<div>\n<p style=\"margin: 0 0 4px 0; font-weight: bold; color: #111827; font-size: 16px;\">Normativo<\/p>\n<p style=\"margin: 0; color: #6b7280; font-size: 16px; line-height: 1.5;\">Investimento vis\u00edvel no desenvolvimento do colaborador, cultura de reciprocidade e normas sociais de lealdade pr\u00f3prias do setor ou da cultura da empresa.<\/p>\n<\/div>\n<\/div>\n<\/div>\n<h2>Como mensurar os tipos de comprometimento organizacional na sua empresa<\/h2>\n<p>A mensura\u00e7\u00e3o \u00e9 o passo que transforma o modelo de Meyer e Allen de um framework te\u00f3rico em uma ferramenta de gest\u00e3o real. Sem dados segmentados e compar\u00e1veis, o diagn\u00f3stico \u00e9 intuitivo e a interven\u00e7\u00e3o, reativa.<\/p>\n<p>\u00c9 aqui que a tecnologia faz uma diferen\u00e7a pr\u00e1tica. O <strong>QuestionPro Employee Experience<\/strong> ajuda voc\u00ea a mensurar e gerenciar os distintos tipos de comprometimento organizacional e a experi\u00eancia geral do colaborador. Nossa solu\u00e7\u00e3o permite que as organiza\u00e7\u00f5es configurem e implementem pesquisas de engajamento (Engagement Surveys), avalia\u00e7\u00f5es de clima organizacional e pesquisas de pulso adaptadas para avaliar as dimens\u00f5es afetivas, instrumentais e normativas do comprometimento da sua equipe.<\/p>\n<p>A plataforma inclui um sistema avan\u00e7ado de gest\u00e3o de hierarquias organizacionais, que permite segmentar e analisar os dados em tempo real por departamento, equipe ou fun\u00e7\u00e3o, mantendo em todo momento o anonimato do respondente para garantir respostas honestas. Por meio dos pain\u00e9is anal\u00edticos interativos, sua equipe de RH poder\u00e1 visualizar o <a href=\"https:\/\/www.questionpro.com\/blog\/pt-br\/enps\/\">eNPS<\/a>, identificar \u00e1reas de risco de rotatividade e descobrir os fatores-chave que impulsionam a motiva\u00e7\u00e3o e a reten\u00e7\u00e3o de talentos na sua organiza\u00e7\u00e3o.<\/p>\n<p>Como isso funciona na pr\u00e1tica? Uma equipe de RH que detecta, pelos dados, que o comprometimento afetivo de um departamento caiu 15 pontos em dois trimestres tem a oportunidade de intervir antes que essa queda se traduza em demiss\u00f5es. Sem essa visibilidade, s\u00f3 reage quando j\u00e1 \u00e9 tarde demais.<\/p>\n<blockquote style=\"border-left: 4px solid #2D6BE4; margin: 1.5rem 0; padding: 1rem 1.5rem; background: #f8faff; border-radius: 0 8px 8px 0; font-family: Arial,sans-serif;\">\n<p style=\"font-size: 16px; font-style: italic; color: #1a2b5e; margin: 0 0 8px 0; line-height: 1.6;\">&#8220;As pesquisas de pulso nos permitem detectar mudan\u00e7as no comprometimento afetivo com uma cad\u00eancia que as pesquisas anuais n\u00e3o conseguem igualar. A velocidade do dado \u00e9 parte da solu\u00e7\u00e3o.&#8221;<\/p>\n<p><cite style=\"font-size: 13px; color: #6b7280; font-style: normal;\">\u2014 QuestionPro Employee Experience Team<\/cite><\/p><\/blockquote>\n<p>As pesquisas de pulso s\u00e3o especialmente \u00fateis para rastrear o componente afetivo, que \u00e9 o mais vol\u00e1til. Aplic\u00e1-las com frequ\u00eancia quinzenal ou mensal nas equipes com maior risco de rotatividade fornece o sinal de alerta precoce que os relat\u00f3rios anuais de clima n\u00e3o conseguem oferecer. A <a href=\"https:\/\/www.questionpro.com\/blog\/pt-br\/pesquisa-de-clima-organizacional\/\">pesquisa de clima organizacional<\/a> frequente transforma como a \u00e1rea de pessoas prioriza suas a\u00e7\u00f5es.<\/p>\n<h2>Comprometimento organizacional versus employee engagement: qual a diferen\u00e7a?<\/h2>\n<p>Um erro frequente nas equipes de gest\u00e3o de pessoas \u00e9 usar os dois termos como sin\u00f4nimos. N\u00e3o s\u00e3o, e a distin\u00e7\u00e3o importa.<\/p>\n<p>O employee engagement mede o n\u00edvel de energia, dedica\u00e7\u00e3o e absor\u00e7\u00e3o que o colaborador experimenta no trabalho di\u00e1rio. O comprometimento organizacional, por sua vez, mede o v\u00ednculo com a organiza\u00e7\u00e3o como entidade: o quanto ele se identifica com seus valores, objetivos e pertencimento a longo prazo.<\/p>\n<p>Um colaborador pode ter alto engajamento no projeto atual, mas baixo comprometimento afetivo com a empresa, o que significa que quando o projeto terminar ou surgir uma oferta melhor, ele vai sem hesitar. O <a href=\"https:\/\/www.questionpro.com\/blog\/pt-br\/futuro-do-employee-experience\/\">futuro do Employee Experience<\/a> aponta exatamente para a necessidade de trabalhar ambas as dimens\u00f5es de forma simult\u00e2nea e cont\u00ednua.<\/p>\n<h2>Limita\u00e7\u00f5es do modelo de Meyer e Allen<\/h2>\n<p>Nenhum modelo captura toda a realidade, e o de Meyer e Allen n\u00e3o \u00e9 exce\u00e7\u00e3o. Conhecer suas limita\u00e7\u00f5es vai ajudar voc\u00ea a us\u00e1-lo com mais rigor.<\/p>\n<p>A primeira \u00e9 de mensura\u00e7\u00e3o: os instrumentos mais usados para avaliar o comprometimento normativo t\u00eam uma validade psicom\u00e9trica menor que os das outras duas dimens\u00f5es, especialmente quando aplicados em contextos culturais distintos do anglo-sax\u00e3o original. Em organiza\u00e7\u00f5es brasileiras, os itens que medem obriga\u00e7\u00e3o moral frequentemente se confundem com itens de lealdade afetiva.<\/p>\n<p>A segunda limita\u00e7\u00e3o \u00e9 temporal: o modelo descreve um estado, n\u00e3o um processo. N\u00e3o explica com suficiente detalhe como um colaborador transita do comprometimento afetivo para o instrumental, que \u00e9 exatamente o trajeto que precede a maioria dos pedidos de demiss\u00e3o silenciosos. A an\u00e1lise longitudinal de dados, poss\u00edvel com ferramentas como o QuestionPro Employee Experience, oferece o que o modelo te\u00f3rico n\u00e3o alcan\u00e7a mostrar.<\/p>\n<p>A terceira \u00e9 contextual: o peso relativo de cada dimens\u00e3o varia conforme o setor, o n\u00edvel hier\u00e1rquico e a gera\u00e7\u00e3o do colaborador. Os colaboradores mais jovens tendem a mostrar n\u00edveis de comprometimento normativo mais baixos e a priorizar o afetivo. Ignorar essas diferen\u00e7as leva a pol\u00edticas de reten\u00e7\u00e3o gen\u00e9ricas que n\u00e3o funcionam para ningu\u00e9m em particular.<\/p>\n<h2>Conclus\u00e3o<\/h2>\n<p>Os tipos de comprometimento organizacional n\u00e3o s\u00e3o categorias abstratas: s\u00e3o o mapa que explica por que alguns colaboradores d\u00e3o o melhor de si enquanto outros fazem o m\u00ednimo necess\u00e1rio, mesmo quando os benef\u00edcios s\u00e3o similares. Distinguir entre o comprometimento afetivo, o instrumental e o normativo \u00e9 o primeiro passo para desenhar estrat\u00e9gias de reten\u00e7\u00e3o que v\u00e3o al\u00e9m dos incentivos econ\u00f4micos.<\/p>\n<p>O desafio n\u00e3o \u00e9 apenas mensur\u00e1-lo uma vez, mas tornar essa an\u00e1lise um processo cont\u00ednuo que informe as decis\u00f5es de lideran\u00e7a e cultura ao longo do tempo. Quer saber como o <a href=\"https:\/\/www.questionpro.com\/pt-br\/\">QuestionPro<\/a> pode ajudar voc\u00ea a fazer isso? Fale com nossa equipe hoje.<\/p>\n\n\t<div class=\"banner-section wf-section\" lang=\"\" >\n\t\t<div class=\"right-column-container\">\n\t\t\t<div class=\"bannerbg white\">\n\t\t\t\t<span class=\"h1-2\">Crie experi\u00eancias memor\u00e1veis com base em dados em tempo real, insights e an\u00e1lises avan\u00e7adas<\/span>\n\t\t\t\t<a href=\"#userliteForm\" data-toggle=\"modal\" class=\"button w-button\">Agendar demo<\/a>\n\t\t\t<\/div>\n\t\t<\/div>\n\t<\/div>\n\t<div class=\"userlite-modal modal fade\" id=\"userliteForm\" tabindex=\"-1\" role=\"dialog\" style=\"display: none;\">\n\t\t<div class=\"modal-dialog\" role=\"document\">\n\t\t\t<div class=\"modal-content\" role=\"document\">\n\t\t\t\t<div class=\"modal-body\">\n\t\t\t\t\t<div class=\"modal-header\">\n\t\t\t\t\t\t<button type=\"button\" class=\"close\" data-dismiss=\"modal\" aria-label=\"Close\">\n\t\t\t\t\t\t\t<i class=\"material-icons\">close<\/i>\n\t\t\t\t\t\t<\/button>\n\t\t\t\t\t<\/div>\n\t\t\t\t\t<div class=\"contact-us-form-wrapper contact-box\">\n\t\t\t\t\t\t<div class=\"userlite-form-wrapper\">\n\t\t\t\t\t\t\t<iframe src=\"https:\/\/www.questionpro.com\/userlite-form-blog-portuguese.html?product=Surveys&amp;referralurl=https:\/\/www.questionpro.com\/blog\/pt-br\/wp-json\/wp\/v2\/posts\/&amp;lang=pt_br&amp;cat=experiencia-do-funcionario-ex\" style=\"display: block;\" ><\/iframe>\n\t\t\t\t\t\t<\/div>\n\t\t\t\t\t\t<div class=\"demo-form-wrapper success-message-div\" style=\"display:none\">\n\t\t\t\t\t\t\t<p class=\"success-message-para\"><\/p>\n\t\t\t\t\t\t<\/div>\n\t\t\t\t\t<\/div>\n\t\t\t\t<\/div>\n\t\t\t<\/div>\n\t\t<\/div>\n\t<\/div>\n<div class=\"schema-faq wp-block-yoast-faq-block\">\n<div class=\"schema-faq-section\"><strong class=\"schema-faq-question\">Quais s\u00e3o os 3 tipos de comprometimento organizacional?<\/strong><\/p>\n<p class=\"schema-faq-answer\">Os tr\u00eas tipos de comprometimento organizacional segundo o modelo de Meyer e Allen s\u00e3o: o comprometimento afetivo, baseado no apego emocional e na identifica\u00e7\u00e3o com a empresa; o comprometimento instrumental, baseado no c\u00e1lculo dos custos de sair; e o comprometimento normativo, baseado no senso de dever e reciprocidade. Cada tipo responde a motiva\u00e7\u00f5es psicol\u00f3gicas distintas e tem implica\u00e7\u00f5es diferentes para a produtividade e a reten\u00e7\u00e3o de talentos.<\/p>\n<\/div>\n<div class=\"schema-faq-section\"><strong class=\"schema-faq-question\">Qual tipo de comprometimento organizacional \u00e9 mais valioso para as organiza\u00e7\u00f5es?<\/strong><\/p>\n<p class=\"schema-faq-answer\">O comprometimento afetivo \u00e9 o mais valioso, porque o colaborador permanece por escolha pr\u00f3pria e est\u00e1 emocionalmente conectado com os objetivos da empresa. Est\u00e1 associado a maior produtividade, menor rotatividade, mais iniciativa e maior disposi\u00e7\u00e3o para contribuir al\u00e9m do exigido. O comprometimento instrumental pode sustentar a perman\u00eancia no curto prazo, mas n\u00e3o gera o mesmo n\u00edvel de desempenho nem de identifica\u00e7\u00e3o organizacional.<\/p>\n<\/div>\n<div class=\"schema-faq-section\"><strong class=\"schema-faq-question\">Como se mensura o comprometimento organizacional em uma empresa?<\/strong><\/p>\n<p class=\"schema-faq-answer\">O comprometimento organizacional \u00e9 mensurado por meio de pesquisas de engajamento, avalia\u00e7\u00f5es de clima organizacional e pesquisas de pulso que rastreiam mudan\u00e7as ao longo do tempo. Plataformas como o QuestionPro Employee Experience permitem configurar instrumentos espec\u00edficos para as tr\u00eas dimens\u00f5es, segmentar os resultados por equipe ou departamento e visualiz\u00e1-los em pain\u00e9is anal\u00edticos em tempo real, facilitando a tomada de decis\u00f5es fundamentadas para as equipes de RH.<\/p>\n<\/div>\n<div class=\"schema-faq-section\"><strong class=\"schema-faq-question\">Qual \u00e9 a diferen\u00e7a entre comprometimento organizacional e employee engagement?<\/strong><\/p>\n<p class=\"schema-faq-answer\">O comprometimento organizacional mede o v\u00ednculo do colaborador com a organiza\u00e7\u00e3o como entidade: sua identifica\u00e7\u00e3o com seus valores, objetivos e pertencimento a longo prazo. O employee engagement mede o n\u00edvel de energia, dedica\u00e7\u00e3o e absor\u00e7\u00e3o no trabalho di\u00e1rio. Ambos est\u00e3o relacionados, mas n\u00e3o s\u00e3o sin\u00f4nimos: um colaborador pode ter alto engajamento nas tarefas e baixo comprometimento afetivo com a empresa, o que aumenta seu risco de rotatividade quando surge uma oferta externa atrativa.<\/p>\n<\/div>\n<div class=\"schema-faq-section\"><strong class=\"schema-faq-question\">O comprometimento organizacional pode mudar com o tempo?<\/strong><\/p>\n<p class=\"schema-faq-answer\">Sim, o comprometimento organizacional \u00e9 din\u00e2mico e pode variar de forma significativa ao longo da trajet\u00f3ria de um colaborador. Mudan\u00e7as na lideran\u00e7a, na cultura da empresa, nas condi\u00e7\u00f5es do mercado de trabalho ou na vida pessoal do colaborador podem aumentar ou reduzir cada uma das tr\u00eas dimens\u00f5es. Por isso \u00e9 fundamental mensurar o comprometimento com uma frequ\u00eancia que permita detectar mudan\u00e7as antes que se tornem sinais de pedido de demiss\u00e3o iminente.<\/p>\n<\/div>\n<\/div>\n","protected":false},"excerpt":{"rendered":"<p>Conhe\u00e7a os 3 tipos de comprometimento organizacional: afetivo, instrumental e normativo. Saiba como mensur\u00e1-los e reduzir o turnover na sua empresa.<\/p>\n","protected":false},"author":42,"featured_media":1089441,"comment_status":"closed","ping_status":"closed","sticky":false,"template":"","format":"standard","meta":{"_yoast_wpseo_focuskw":"tipos de comprometimento organizacional","_yoast_wpseo_title":"Tipos de comprometimento organizacional | QuestionPro","_yoast_wpseo_metadesc":"Conhe\u00e7a os 3 tipos de comprometimento organizacional: afetivo, instrumental e normativo. Saiba como mensur\u00e1-los e reduzir o turnover na sua empresa.","_genesis_hide_title":false,"_genesis_hide_breadcrumbs":false,"_genesis_hide_singular_image":false,"_genesis_hide_footer_widgets":false,"_genesis_custom_body_class":"","_genesis_custom_post_class":"","_genesis_layout":"","footnotes":""},"categories":[216],"tags":[],"yoast_head":"<!-- This site is optimized with the Yoast SEO plugin v20.4 - https:\/\/yoast.com\/wordpress\/plugins\/seo\/ -->\n<title>Tipos de comprometimento organizacional | QuestionPro<\/title>\n<meta name=\"description\" content=\"Conhe\u00e7a os 3 tipos de comprometimento organizacional: afetivo, instrumental e normativo. Saiba como mensur\u00e1-los e reduzir o turnover na sua empresa.\" \/>\n<meta name=\"robots\" content=\"index, follow, max-snippet:-1, max-image-preview:large, max-video-preview:-1\" \/>\n<link rel=\"canonical\" href=\"https:\/\/www.questionpro.com\/blog\/pt-br\/tipos-de-comprometimento-organizacional\/\" \/>\n<meta property=\"og:locale\" content=\"pt_BR\" \/>\n<meta property=\"og:type\" content=\"article\" \/>\n<meta property=\"og:title\" content=\"Tipos de comprometimento organizacional | QuestionPro\" \/>\n<meta property=\"og:description\" content=\"Conhe\u00e7a os 3 tipos de comprometimento organizacional: afetivo, instrumental e normativo. Saiba como mensur\u00e1-los e reduzir o turnover na sua empresa.\" \/>\n<meta property=\"og:url\" content=\"https:\/\/www.questionpro.com\/blog\/pt-br\/tipos-de-comprometimento-organizacional\/\" \/>\n<meta property=\"og:site_name\" content=\"QuestionPro\" \/>\n<meta property=\"article:publisher\" content=\"https:\/\/www.facebook.com\/questionpro\" \/>\n<meta property=\"article:published_time\" content=\"2026-08-29T11:00:00+00:00\" \/>\n<meta property=\"article:modified_time\" content=\"2026-07-23T00:50:15+00:00\" \/>\n<meta property=\"og:image\" content=\"https:\/\/www.questionpro.com\/blog\/wp-content\/uploads\/2026\/07\/cover-tipos-de-comprometimento-organizacional-o-que-sao.jpg\" \/>\n\t<meta property=\"og:image:width\" content=\"1255\" \/>\n\t<meta property=\"og:image:height\" content=\"705\" \/>\n\t<meta property=\"og:image:type\" content=\"image\/jpeg\" \/>\n<meta name=\"author\" content=\"Cristina Ortega\" \/>\n<meta name=\"twitter:card\" content=\"summary_large_image\" \/>\n<meta name=\"twitter:creator\" content=\"@questionpro\" \/>\n<meta name=\"twitter:site\" content=\"@questionpro\" \/>\n<meta name=\"twitter:label1\" content=\"Escrito por\" \/>\n\t<meta name=\"twitter:data1\" content=\"Cristina Ortega\" \/>\n\t<meta name=\"twitter:label2\" content=\"Est. tempo de leitura\" \/>\n\t<meta name=\"twitter:data2\" content=\"13 minutos\" \/>\n<script type=\"application\/ld+json\" class=\"yoast-schema-graph\">{\"@context\":\"https:\/\/schema.org\",\"@graph\":[{\"@type\":\"Article\",\"@id\":\"https:\/\/www.questionpro.com\/blog\/pt-br\/tipos-de-comprometimento-organizacional\/#article\",\"isPartOf\":{\"@id\":\"https:\/\/www.questionpro.com\/blog\/pt-br\/tipos-de-comprometimento-organizacional\/\"},\"author\":{\"name\":\"Cristina Ortega\",\"@id\":\"https:\/\/www.questionpro.com\/blog\/pt-br\/#\/schema\/person\/36aae2d8eed7708b6408f95c0198593d\"},\"headline\":\"Tipos de comprometimento organizacional: o que s\u00e3o, diferen\u00e7as e como mensur\u00e1-los\",\"datePublished\":\"2026-08-29T11:00:00+00:00\",\"dateModified\":\"2026-07-23T00:50:15+00:00\",\"mainEntityOfPage\":{\"@id\":\"https:\/\/www.questionpro.com\/blog\/pt-br\/tipos-de-comprometimento-organizacional\/\"},\"wordCount\":3068,\"publisher\":{\"@id\":\"https:\/\/www.questionpro.com\/blog\/pt-br\/#organization\"},\"articleSection\":[\"Experi\u00eancia do colaborador - EX\"],\"inLanguage\":\"pt-BR\"},{\"@type\":\"WebPage\",\"@id\":\"https:\/\/www.questionpro.com\/blog\/pt-br\/tipos-de-comprometimento-organizacional\/\",\"url\":\"https:\/\/www.questionpro.com\/blog\/pt-br\/tipos-de-comprometimento-organizacional\/\",\"name\":\"Tipos de comprometimento organizacional | QuestionPro\",\"isPartOf\":{\"@id\":\"https:\/\/www.questionpro.com\/blog\/pt-br\/#website\"},\"datePublished\":\"2026-08-29T11:00:00+00:00\",\"dateModified\":\"2026-07-23T00:50:15+00:00\",\"description\":\"Conhe\u00e7a os 3 tipos de comprometimento organizacional: afetivo, instrumental e normativo. Saiba como mensur\u00e1-los e reduzir o turnover na sua empresa.\",\"breadcrumb\":{\"@id\":\"https:\/\/www.questionpro.com\/blog\/pt-br\/tipos-de-comprometimento-organizacional\/#breadcrumb\"},\"inLanguage\":\"pt-BR\",\"potentialAction\":[{\"@type\":\"ReadAction\",\"target\":[\"https:\/\/www.questionpro.com\/blog\/pt-br\/tipos-de-comprometimento-organizacional\/\"]}]},{\"@type\":\"BreadcrumbList\",\"@id\":\"https:\/\/www.questionpro.com\/blog\/pt-br\/tipos-de-comprometimento-organizacional\/#breadcrumb\",\"itemListElement\":[{\"@type\":\"ListItem\",\"position\":1,\"name\":\"In\u00edcio\",\"item\":\"https:\/\/www.questionpro.com\/blog\/pt-br\/\"},{\"@type\":\"ListItem\",\"position\":2,\"name\":\"Experi\u00eancia do colaborador - EX\",\"item\":\"https:\/\/www.questionpro.com\/blog\/pt-br\/category\/experiencia-do-funcionario-ex\/\"},{\"@type\":\"ListItem\",\"position\":3,\"name\":\"Tipos de comprometimento organizacional: o que s\u00e3o, diferen\u00e7as e como mensur\u00e1-los\"}]},{\"@type\":\"WebSite\",\"@id\":\"https:\/\/www.questionpro.com\/blog\/pt-br\/#website\",\"url\":\"https:\/\/www.questionpro.com\/blog\/pt-br\/\",\"name\":\"QuestionPro\",\"description\":\"\",\"publisher\":{\"@id\":\"https:\/\/www.questionpro.com\/blog\/pt-br\/#organization\"},\"potentialAction\":[{\"@type\":\"SearchAction\",\"target\":{\"@type\":\"EntryPoint\",\"urlTemplate\":\"https:\/\/www.questionpro.com\/blog\/pt-br\/?s={search_term_string}\"},\"query-input\":\"required name=search_term_string\"}],\"inLanguage\":\"pt-BR\"},{\"@type\":\"Organization\",\"@id\":\"https:\/\/www.questionpro.com\/blog\/pt-br\/#organization\",\"name\":\"QuestionPro\",\"url\":\"https:\/\/www.questionpro.com\/blog\/pt-br\/\",\"logo\":{\"@type\":\"ImageObject\",\"inLanguage\":\"pt-BR\",\"@id\":\"https:\/\/www.questionpro.com\/blog\/pt-br\/#\/schema\/logo\/image\/\",\"url\":\"https:\/\/www.questionpro.com\/blog\/wp-content\/uploads\/2022\/10\/questionpro-logo.svg\",\"contentUrl\":\"https:\/\/www.questionpro.com\/blog\/wp-content\/uploads\/2022\/10\/questionpro-logo.svg\",\"caption\":\"QuestionPro\"},\"image\":{\"@id\":\"https:\/\/www.questionpro.com\/blog\/pt-br\/#\/schema\/logo\/image\/\"},\"sameAs\":[\"https:\/\/www.facebook.com\/questionpro\",\"https:\/\/twitter.com\/questionpro\",\"https:\/\/www.linkedin.com\/company\/questionpro\/\"]},{\"@type\":\"Person\",\"@id\":\"https:\/\/www.questionpro.com\/blog\/pt-br\/#\/schema\/person\/36aae2d8eed7708b6408f95c0198593d\",\"name\":\"Cristina Ortega\",\"image\":{\"@type\":\"ImageObject\",\"inLanguage\":\"pt-BR\",\"@id\":\"https:\/\/www.questionpro.com\/blog\/pt-br\/#\/schema\/person\/image\/\",\"url\":\"https:\/\/secure.gravatar.com\/avatar\/49635f2181bfe83c436d50b9a8bf1f2e?s=96&d=mm&r=g\",\"contentUrl\":\"https:\/\/secure.gravatar.com\/avatar\/49635f2181bfe83c436d50b9a8bf1f2e?s=96&d=mm&r=g\",\"caption\":\"Cristina Ortega\"},\"url\":\"https:\/\/www.questionpro.com\/blog\/pt-br\/author\/cristinaortega\/\"}]}<\/script>\n<!-- \/ Yoast SEO plugin. -->","yoast_head_json":{"title":"Tipos de comprometimento organizacional | QuestionPro","description":"Conhe\u00e7a os 3 tipos de comprometimento organizacional: afetivo, instrumental e normativo. Saiba como mensur\u00e1-los e reduzir o turnover na sua empresa.","robots":{"index":"index","follow":"follow","max-snippet":"max-snippet:-1","max-image-preview":"max-image-preview:large","max-video-preview":"max-video-preview:-1"},"canonical":"https:\/\/www.questionpro.com\/blog\/pt-br\/tipos-de-comprometimento-organizacional\/","og_locale":"pt_BR","og_type":"article","og_title":"Tipos de comprometimento organizacional | QuestionPro","og_description":"Conhe\u00e7a os 3 tipos de comprometimento organizacional: afetivo, instrumental e normativo. Saiba como mensur\u00e1-los e reduzir o turnover na sua empresa.","og_url":"https:\/\/www.questionpro.com\/blog\/pt-br\/tipos-de-comprometimento-organizacional\/","og_site_name":"QuestionPro","article_publisher":"https:\/\/www.facebook.com\/questionpro","article_published_time":"2026-08-29T11:00:00+00:00","article_modified_time":"2026-07-23T00:50:15+00:00","og_image":[{"width":1255,"height":705,"url":"https:\/\/www.questionpro.com\/blog\/wp-content\/uploads\/2026\/07\/cover-tipos-de-comprometimento-organizacional-o-que-sao.jpg","type":"image\/jpeg"}],"author":"Cristina Ortega","twitter_card":"summary_large_image","twitter_creator":"@questionpro","twitter_site":"@questionpro","twitter_misc":{"Escrito por":"Cristina Ortega","Est. tempo de leitura":"13 minutos"},"schema":{"@context":"https:\/\/schema.org","@graph":[{"@type":"Article","@id":"https:\/\/www.questionpro.com\/blog\/pt-br\/tipos-de-comprometimento-organizacional\/#article","isPartOf":{"@id":"https:\/\/www.questionpro.com\/blog\/pt-br\/tipos-de-comprometimento-organizacional\/"},"author":{"name":"Cristina Ortega","@id":"https:\/\/www.questionpro.com\/blog\/pt-br\/#\/schema\/person\/36aae2d8eed7708b6408f95c0198593d"},"headline":"Tipos de comprometimento organizacional: o que s\u00e3o, diferen\u00e7as e como mensur\u00e1-los","datePublished":"2026-08-29T11:00:00+00:00","dateModified":"2026-07-23T00:50:15+00:00","mainEntityOfPage":{"@id":"https:\/\/www.questionpro.com\/blog\/pt-br\/tipos-de-comprometimento-organizacional\/"},"wordCount":3068,"publisher":{"@id":"https:\/\/www.questionpro.com\/blog\/pt-br\/#organization"},"articleSection":["Experi\u00eancia do colaborador - EX"],"inLanguage":"pt-BR"},{"@type":"WebPage","@id":"https:\/\/www.questionpro.com\/blog\/pt-br\/tipos-de-comprometimento-organizacional\/","url":"https:\/\/www.questionpro.com\/blog\/pt-br\/tipos-de-comprometimento-organizacional\/","name":"Tipos de comprometimento organizacional | QuestionPro","isPartOf":{"@id":"https:\/\/www.questionpro.com\/blog\/pt-br\/#website"},"datePublished":"2026-08-29T11:00:00+00:00","dateModified":"2026-07-23T00:50:15+00:00","description":"Conhe\u00e7a os 3 tipos de comprometimento organizacional: afetivo, instrumental e normativo. Saiba como mensur\u00e1-los e reduzir o turnover na sua empresa.","breadcrumb":{"@id":"https:\/\/www.questionpro.com\/blog\/pt-br\/tipos-de-comprometimento-organizacional\/#breadcrumb"},"inLanguage":"pt-BR","potentialAction":[{"@type":"ReadAction","target":["https:\/\/www.questionpro.com\/blog\/pt-br\/tipos-de-comprometimento-organizacional\/"]}]},{"@type":"BreadcrumbList","@id":"https:\/\/www.questionpro.com\/blog\/pt-br\/tipos-de-comprometimento-organizacional\/#breadcrumb","itemListElement":[{"@type":"ListItem","position":1,"name":"In\u00edcio","item":"https:\/\/www.questionpro.com\/blog\/pt-br\/"},{"@type":"ListItem","position":2,"name":"Experi\u00eancia do colaborador - EX","item":"https:\/\/www.questionpro.com\/blog\/pt-br\/category\/experiencia-do-funcionario-ex\/"},{"@type":"ListItem","position":3,"name":"Tipos de comprometimento organizacional: o que s\u00e3o, diferen\u00e7as e como mensur\u00e1-los"}]},{"@type":"WebSite","@id":"https:\/\/www.questionpro.com\/blog\/pt-br\/#website","url":"https:\/\/www.questionpro.com\/blog\/pt-br\/","name":"QuestionPro","description":"","publisher":{"@id":"https:\/\/www.questionpro.com\/blog\/pt-br\/#organization"},"potentialAction":[{"@type":"SearchAction","target":{"@type":"EntryPoint","urlTemplate":"https:\/\/www.questionpro.com\/blog\/pt-br\/?s={search_term_string}"},"query-input":"required name=search_term_string"}],"inLanguage":"pt-BR"},{"@type":"Organization","@id":"https:\/\/www.questionpro.com\/blog\/pt-br\/#organization","name":"QuestionPro","url":"https:\/\/www.questionpro.com\/blog\/pt-br\/","logo":{"@type":"ImageObject","inLanguage":"pt-BR","@id":"https:\/\/www.questionpro.com\/blog\/pt-br\/#\/schema\/logo\/image\/","url":"https:\/\/www.questionpro.com\/blog\/wp-content\/uploads\/2022\/10\/questionpro-logo.svg","contentUrl":"https:\/\/www.questionpro.com\/blog\/wp-content\/uploads\/2022\/10\/questionpro-logo.svg","caption":"QuestionPro"},"image":{"@id":"https:\/\/www.questionpro.com\/blog\/pt-br\/#\/schema\/logo\/image\/"},"sameAs":["https:\/\/www.facebook.com\/questionpro","https:\/\/twitter.com\/questionpro","https:\/\/www.linkedin.com\/company\/questionpro\/"]},{"@type":"Person","@id":"https:\/\/www.questionpro.com\/blog\/pt-br\/#\/schema\/person\/36aae2d8eed7708b6408f95c0198593d","name":"Cristina Ortega","image":{"@type":"ImageObject","inLanguage":"pt-BR","@id":"https:\/\/www.questionpro.com\/blog\/pt-br\/#\/schema\/person\/image\/","url":"https:\/\/secure.gravatar.com\/avatar\/49635f2181bfe83c436d50b9a8bf1f2e?s=96&d=mm&r=g","contentUrl":"https:\/\/secure.gravatar.com\/avatar\/49635f2181bfe83c436d50b9a8bf1f2e?s=96&d=mm&r=g","caption":"Cristina Ortega"},"url":"https:\/\/www.questionpro.com\/blog\/pt-br\/author\/cristinaortega\/"}]}},"featured_image_src":"https:\/\/www.questionpro.com\/blog\/wp-content\/uploads\/2026\/07\/cover-tipos-de-comprometimento-organizacional-o-que-sao-600x400.jpg","featured_image_src_square":"https:\/\/www.questionpro.com\/blog\/wp-content\/uploads\/2026\/07\/cover-tipos-de-comprometimento-organizacional-o-que-sao-600x600.jpg","author_info":{"display_name":"Cristina Ortega","author_link":"https:\/\/www.questionpro.com\/blog\/pt-br\/author\/cristinaortega\/"},"_links":{"self":[{"href":"https:\/\/www.questionpro.com\/blog\/pt-br\/wp-json\/wp\/v2\/posts\/1089420"}],"collection":[{"href":"https:\/\/www.questionpro.com\/blog\/pt-br\/wp-json\/wp\/v2\/posts"}],"about":[{"href":"https:\/\/www.questionpro.com\/blog\/pt-br\/wp-json\/wp\/v2\/types\/post"}],"author":[{"embeddable":true,"href":"https:\/\/www.questionpro.com\/blog\/pt-br\/wp-json\/wp\/v2\/users\/42"}],"replies":[{"embeddable":true,"href":"https:\/\/www.questionpro.com\/blog\/pt-br\/wp-json\/wp\/v2\/comments?post=1089420"}],"version-history":[{"count":3,"href":"https:\/\/www.questionpro.com\/blog\/pt-br\/wp-json\/wp\/v2\/posts\/1089420\/revisions"}],"predecessor-version":[{"id":1096981,"href":"https:\/\/www.questionpro.com\/blog\/pt-br\/wp-json\/wp\/v2\/posts\/1089420\/revisions\/1096981"}],"wp:featuredmedia":[{"embeddable":true,"href":"https:\/\/www.questionpro.com\/blog\/pt-br\/wp-json\/wp\/v2\/media\/1089441"}],"wp:attachment":[{"href":"https:\/\/www.questionpro.com\/blog\/pt-br\/wp-json\/wp\/v2\/media?parent=1089420"}],"wp:term":[{"taxonomy":"category","embeddable":true,"href":"https:\/\/www.questionpro.com\/blog\/pt-br\/wp-json\/wp\/v2\/categories?post=1089420"},{"taxonomy":"post_tag","embeddable":true,"href":"https:\/\/www.questionpro.com\/blog\/pt-br\/wp-json\/wp\/v2\/tags?post=1089420"}],"curies":[{"name":"wp","href":"https:\/\/api.w.org\/{rel}","templated":true}]}},{"id":1089102,"date":"2026-08-28T04:00:00","date_gmt":"2026-08-28T11:00:00","guid":{"rendered":"https:\/\/www.questionpro.com\/blog\/?p=1089102"},"modified":"2026-07-22T17:47:13","modified_gmt":"2026-07-23T00:47:13","slug":"engajamento-dos-colaboradores","status":"publish","type":"post","link":"https:\/\/www.questionpro.com\/blog\/pt-br\/engajamento-dos-colaboradores\/","title":{"rendered":"Engajamento dos colaboradores: o que \u00e9, fatores-chave e como medir na sua empresa"},"content":{"rendered":"<p>Investir em benef\u00edcios, oferecer treinamentos e manter um clima organizacional &#8220;razo\u00e1vel&#8221; j\u00e1 n\u00e3o \u00e9 suficiente. Enquanto os times de RH executam programas gen\u00e9ricos, o <strong>engajamento dos colaboradores<\/strong> no mundo caiu ao n\u00edvel mais baixo em cinco anos, e essa queda tem um custo concreto: bilh\u00f5es de d\u00f3lares em produtividade perdida, rotatividade evit\u00e1vel e talentos que v\u00e3o embora sem fazer barulho.<\/p>\n<p>A boa not\u00edcia? O engajamento pode ser medido, diagnosticado e melhorado, desde que a organiza\u00e7\u00e3o tenha as ferramentas e a abordagem certas. Este artigo explica o que \u00e9 o engajamento dos colaboradores, o que o impulsiona, como medi-lo com precis\u00e3o e o que diferencia uma estrat\u00e9gia de escuta que transforma de uma que s\u00f3 gera relat\u00f3rios que ningu\u00e9m l\u00ea.<\/p>\n<style>.qp-art-summary[open] .qp-art-arrow{transform:rotate(180deg)}.qp-art-arrow{transition:transform 0.25s ease;display:inline-block;}<\/style>\n<details class=\"qp-art-summary\" style=\"background: #f8faff; border: 2px solid #2D6BE4; border-radius: 12px; margin: 1.5rem 0; font-family: Arial,sans-serif; overflow: hidden;\">\n<summary style=\"background: #1a2b5e; color: #ffffff; padding: 1rem 1.25rem; cursor: pointer; font-size: 16px; font-weight: bold; list-style: none; display: flex; align-items: center; gap: 10px; margin: 0;\"><span style=\"font-size: 20px; line-height: 1; flex-shrink: 0;\">\ud83d\udc41<\/span> Resumo do artigo<span class=\"qp-art-arrow\" style=\"margin-left: auto; font-size: 13px; opacity: 0.75;\">\u25bc<\/span><\/summary>\n<ul style=\"margin: 0; padding: 1rem 1.5rem; list-style: none;\">\n<li style=\"padding: 0.6rem 0; border-bottom: 1px solid #e5e7eb; color: #374151; font-size: 15px; line-height: 1.6; display: flex; gap: 10px; align-items: flex-start;\"><span style=\"color: #2d6be4; font-weight: bold; flex-shrink: 0; margin-top: 2px;\">\u2713<\/span> O engajamento dos colaboradores mede o v\u00ednculo emocional, cognitivo e comportamental com a organiza\u00e7\u00e3o, indo al\u00e9m da simples satisfa\u00e7\u00e3o no trabalho.<\/li>\n<li style=\"padding: 0.6rem 0; border-bottom: 1px solid #e5e7eb; color: #374151; font-size: 15px; line-height: 1.6; display: flex; gap: 10px; align-items: flex-start;\"><span style=\"color: #2d6be4; font-weight: bold; flex-shrink: 0; margin-top: 2px;\">\u2713<\/span> Apenas 20% dos colaboradores no mundo estavam engajados em 2025, o n\u00edvel mais baixo desde 2020 (Gallup, State of the Global Workplace, 2026).<\/li>\n<li style=\"padding: 0.6rem 0; border-bottom: 1px solid #e5e7eb; color: #374151; font-size: 15px; line-height: 1.6; display: flex; gap: 10px; align-items: flex-start;\"><span style=\"color: #2d6be4; font-weight: bold; flex-shrink: 0; margin-top: 2px;\">\u2713<\/span> Os fatores com maior impacto s\u00e3o a lideran\u00e7a direta, o reconhecimento, a autonomia, o desenvolvimento profissional e o alinhamento com a miss\u00e3o.<\/li>\n<li style=\"padding: 0.6rem 0; border-bottom: 1px solid #e5e7eb; color: #374151; font-size: 15px; line-height: 1.6; display: flex; gap: 10px; align-items: flex-start;\"><span style=\"color: #2d6be4; font-weight: bold; flex-shrink: 0; margin-top: 2px;\">\u2713<\/span> Pesquisas de pulso, eNPS e avalia\u00e7\u00f5es 360 s\u00e3o os m\u00e9todos mais eficazes para medir o engajamento de forma cont\u00ednua.<\/li>\n<li style=\"padding: 0.6rem 0; border-bottom: 1px solid #e5e7eb; color: #374151; font-size: 15px; line-height: 1.6; display: flex; gap: 10px; align-items: flex-start;\"><span style=\"color: #2d6be4; font-weight: bold; flex-shrink: 0; margin-top: 2px;\">\u2713<\/span> N\u00e3o garantir o anonimato das respostas \u00e9 um dos erros mais subestimados e afeta diretamente a qualidade dos dados coletados.<\/li>\n<li style=\"padding: 0.6rem 0; color: #374151; font-size: 15px; line-height: 1.6; display: flex; gap: 10px; align-items: flex-start;\"><span style=\"color: #2d6be4; font-weight: bold; flex-shrink: 0; margin-top: 2px;\">\u2713<\/span> O QuestionPro Employee Experience centraliza pesquisas de pulso, eNPS, avalia\u00e7\u00f5es 360 e an\u00e1lise em tempo real em um \u00fanico sistema especializado.<\/li>\n<\/ul>\n<\/details>\n\n<h2>O que \u00e9 engajamento dos colaboradores?<\/h2>\n<p>O engajamento dos colaboradores \u00e9 o n\u00edvel de comprometimento emocional, cognitivo e comportamental que um profissional mant\u00e9m com o seu trabalho e com a organiza\u00e7\u00e3o. N\u00e3o \u00e9 um estado passivo: \u00e9 uma disposi\u00e7\u00e3o ativa que se traduz em esfor\u00e7o discricion\u00e1rio, iniciativa e vontade de contribuir al\u00e9m do que o cargo exige formalmente.<\/p>\n<p>Aqui vai o detalhe que muitos times de RH deixam passar: engajamento n\u00e3o \u00e9 a mesma coisa que a <a href=\"https:\/\/www.questionpro.com\/blog\/pt-br\/satisfacao-no-trabalho\/\">satisfa\u00e7\u00e3o no trabalho<\/a>. Um colaborador pode estar satisfeito com o sal\u00e1rio, o hor\u00e1rio e as condi\u00e7\u00f5es de trabalho, mas n\u00e3o ter nenhum v\u00ednculo real com os objetivos da empresa. A satisfa\u00e7\u00e3o descreve como algu\u00e9m se sente em rela\u00e7\u00e3o \u00e0s condi\u00e7\u00f5es de trabalho; o engajamento descreve o quanto est\u00e1 conectado com o prop\u00f3sito dentro da organiza\u00e7\u00e3o.<\/p>\n<p>Essa distin\u00e7\u00e3o importa porque colaboradores engajados se comportam de forma radicalmente diferente dos meramente satisfeitos. Prop\u00f5em melhorias sem que ningu\u00e9m pe\u00e7a, apoiam os colegas quando a equipe est\u00e1 sob press\u00e3o, representam a empresa com orgulho fora do hor\u00e1rio de trabalho e, principalmente, permanecem na organiza\u00e7\u00e3o quando o mercado oferece alternativas. S\u00e3o eles que transformam uma <a href=\"https:\/\/www.questionpro.com\/blog\/pt-br\/gestao-da-cultura-organizacional\/\">cultura organizacional<\/a> em vantagem competitiva real.<\/p>\n<h2>O estado atual do engajamento dos colaboradores no mundo<\/h2>\n<p>Os n\u00fameros s\u00e3o dif\u00edceis de ignorar. Segundo o relat\u00f3rio <em>State of the Global Workplace 2026<\/em> da Gallup, o engajamento global dos colaboradores caiu para 20% em 2025, o n\u00edvel mais baixo desde 2020. Isso significa que quatro em cada cinco trabalhadores no mundo cumprem com suas tarefas sem nenhum v\u00ednculo emocional com a organiza\u00e7\u00e3o. A motiva\u00e7\u00e3o, a iniciativa e a lealdade est\u00e3o ausentes para a grande maioria.<\/p>\n<div style=\"background: #f8faff; border-left: 5px solid #2D6BE4; border-radius: 0 12px 12px 0; padding: 1.25rem 1.5rem; margin: 1.5rem 0; font-family: Arial,sans-serif;\">\n<p style=\"font-size: 26px; font-weight: 800; color: #1a2b5e; margin: 0 0 6px 0;\">20%<\/p>\n<p style=\"font-size: 15px; color: #374151; margin: 0 0 8px 0; line-height: 1.5;\">Apenas 20% dos colaboradores no mundo estavam engajados com o trabalho em 2025, o n\u00edvel mais baixo em cinco anos.<\/p>\n<p style=\"font-size: 13px; color: #6b7280; margin: 0;\">Fonte: Gallup, State of the Global Workplace, 2026<\/p>\n<\/div>\n<p>Mas isso \u00e9 s\u00f3 a superf\u00edcie. O impacto real do baixo engajamento \u00e9 econ\u00f4mico: a Gallup estima que essa falta de comprometimento global custa \u00e0 economia mundial cerca de 10 trilh\u00f5es de d\u00f3lares anuais em perda de produtividade. Para uma empresa de m\u00e9dio porte, isso se traduz em maior <a href=\"https:\/\/www.questionpro.com\/blog\/pt-br\/rotatividade-de-funcionarios\/\">rotatividade<\/a>, <a href=\"https:\/\/www.questionpro.com\/blog\/pt-br\/absenteismo-no-trabalho\/\">absente\u00edsmo<\/a>, erros operacionais e uma cultura que expulsa talentos em vez de ret\u00ea-los.<\/p>\n<p>A tend\u00eancia tamb\u00e9m se confirma em mercados espec\u00edficos. Nos Estados Unidos, o engajamento caiu para 30% no primeiro trimestre de 2024, o n\u00edvel mais baixo em dez anos, o equivalente a 4,8 milh\u00f5es de trabalhadores a menos engajados em rela\u00e7\u00e3o ao trimestre anterior. Se essa queda acontece em um dos mercados de trabalho mais desenvolvidos do mundo, os efeitos no Brasil s\u00e3o proporcionais e, em muitos casos, mais pronunciados.<\/p>\n<p>O preocupante n\u00e3o \u00e9 s\u00f3 o n\u00famero em si, mas a velocidade da queda. O engajamento levou anos para se recuperar depois da pandemia, e agora volta a cair. Isso indica que programas de bem-estar e ajustes salariais por si s\u00f3s n\u00e3o est\u00e3o resolvendo o problema. Algo mais profundo precisa mudar, e essa mudan\u00e7a come\u00e7a por medir bem.<\/p>\n<h2>Fatores-chave que impulsionam o engajamento dos colaboradores<\/h2>\n<p>O engajamento n\u00e3o surge de um \u00fanico elemento. \u00c9 o resultado de uma combina\u00e7\u00e3o de condi\u00e7\u00f5es que, quando se alinham, geram colaboradores que se sentem donos do pr\u00f3prio trabalho e n\u00e3o apenas executores de tarefas. Mas aten\u00e7\u00e3o: nem todos os fatores t\u00eam o mesmo peso, e as organiza\u00e7\u00f5es que priorizam os certos enxergam resultados muito mais r\u00e1pido.<\/p>\n<p>A pesquisa da Gallup aponta a lideran\u00e7a direta como o fator individual com maior influ\u00eancia no engajamento. A qualidade do l\u00edder imediato explica a maior parte da varia\u00e7\u00e3o nos n\u00edveis de comprometimento entre equipes de uma mesma organiza\u00e7\u00e3o. Antes de investir em grandes programas corporativos, vale a pena perguntar: os l\u00edderes da organiza\u00e7\u00e3o t\u00eam as habilidades para gerar confian\u00e7a, dar feedback e criar condi\u00e7\u00f5es de desenvolvimento?<\/p>\n<p>Mas a lideran\u00e7a n\u00e3o age sozinha. Colaboradores engajados tamb\u00e9m precisam de clareza sobre o pr\u00f3prio papel, autonomia para tomar decis\u00f5es, oportunidades reais de crescimento e uma miss\u00e3o organizacional com a qual possam se identificar. Quando algum desses elementos falha, o comprometimento se deteriora, mesmo que a lideran\u00e7a seja excelente.<\/p>\n<div style=\"background: #1a2b5e; border-radius: 16px; padding: 2rem; margin: 2rem 0; font-family: Arial,sans-serif;\">\n<p style=\"text-align: center; color: #ffffff; font-size: 16px; font-weight: bold; margin: 0 0 1.5rem 0; letter-spacing: 1px; text-transform: uppercase;\">Os 6 fatores que impulsionam o engajamento dos colaboradores<\/p>\n<div style=\"background: #ffffff; border-radius: 10px; padding: 1rem 1.25rem; margin-bottom: 0.75rem; display: flex; align-items: flex-start; gap: 1rem;\">\n<div style=\"background: #2D6BE4; color: #fff; font-weight: 800; font-size: 16px; min-width: 42px; height: 42px; border-radius: 50%; display: flex; align-items: center; justify-content: center; flex-shrink: 0;\">01<\/div>\n<div>\n<p style=\"margin: 0 0 4px 0; font-weight: bold; color: #111827; font-size: 16px;\">Lideran\u00e7a direta<\/p>\n<p style=\"margin: 0; color: #6b7280; font-size: 16px; line-height: 1.5;\">O l\u00edder imediato \u00e9 o principal impulsionador do engajamento. Um l\u00edder que d\u00e1 feedback, reconhece o trabalho e cria condi\u00e7\u00f5es de crescimento muda radicalmente o n\u00edvel de comprometimento da equipe.<\/p>\n<\/div>\n<\/div>\n<div style=\"background: #ffffff; border-radius: 10px; padding: 1rem 1.25rem; margin-bottom: 0.75rem; display: flex; align-items: flex-start; gap: 1rem;\">\n<div style=\"background: #2D6BE4; color: #fff; font-weight: 800; font-size: 16px; min-width: 42px; height: 42px; border-radius: 50%; display: flex; align-items: center; justify-content: center; flex-shrink: 0;\">02<\/div>\n<div>\n<p style=\"margin: 0 0 4px 0; font-weight: bold; color: #111827; font-size: 16px;\">Reconhecimento e valoriza\u00e7\u00e3o<\/p>\n<p style=\"margin: 0; color: #6b7280; font-size: 16px; line-height: 1.5;\">Os colaboradores precisam sentir que o trabalho deles \u00e9 notado e valorizado. O reconhecimento frequente e espec\u00edfico, mesmo sem grandes or\u00e7amentos, tem impacto mensur\u00e1vel no engajamento di\u00e1rio.<\/p>\n<\/div>\n<\/div>\n<div style=\"background: #ffffff; border-radius: 10px; padding: 1rem 1.25rem; margin-bottom: 0.75rem; display: flex; align-items: flex-start; gap: 1rem;\">\n<div style=\"background: #2D6BE4; color: #fff; font-weight: 800; font-size: 16px; min-width: 42px; height: 42px; border-radius: 50%; display: flex; align-items: center; justify-content: center; flex-shrink: 0;\">03<\/div>\n<div>\n<p style=\"margin: 0 0 4px 0; font-weight: bold; color: #111827; font-size: 16px;\">Clareza de papel<\/p>\n<p style=\"margin: 0; color: #6b7280; font-size: 16px; line-height: 1.5;\">Saber exatamente o que se espera de voc\u00ea elimina a ansiedade e direciona o esfor\u00e7o para onde mais importa. A ambiguidade de papel \u00e9 um dos principais gatilhos do desengajamento silencioso.<\/p>\n<\/div>\n<\/div>\n<div style=\"background: #ffffff; border-radius: 10px; padding: 1rem 1.25rem; margin-bottom: 0.75rem; display: flex; align-items: flex-start; gap: 1rem;\">\n<div style=\"background: #2D6BE4; color: #fff; font-weight: 800; font-size: 16px; min-width: 42px; height: 42px; border-radius: 50%; display: flex; align-items: center; justify-content: center; flex-shrink: 0;\">04<\/div>\n<div>\n<p style=\"margin: 0 0 4px 0; font-weight: bold; color: #111827; font-size: 16px;\">Autonomia e confian\u00e7a<\/p>\n<p style=\"margin: 0; color: #6b7280; font-size: 16px; line-height: 1.5;\">A microgest\u00e3o destr\u00f3i o engajamento. Equipes com autonomia para organizar o pr\u00f3prio trabalho e tomar decis\u00f5es apresentam n\u00edveis de comprometimento significativamente mais altos.<\/p>\n<\/div>\n<\/div>\n<div style=\"background: #ffffff; border-radius: 10px; padding: 1rem 1.25rem; margin-bottom: 0.75rem; display: flex; align-items: flex-start; gap: 1rem;\">\n<div style=\"background: #2D6BE4; color: #fff; font-weight: 800; font-size: 16px; min-width: 42px; height: 42px; border-radius: 50%; display: flex; align-items: center; justify-content: center; flex-shrink: 0;\">05<\/div>\n<div>\n<p style=\"margin: 0 0 4px 0; font-weight: bold; color: #111827; font-size: 16px;\">Desenvolvimento profissional<\/p>\n<p style=\"margin: 0; color: #6b7280; font-size: 16px; line-height: 1.5;\">Sem perspectivas reais de crescimento, o talento busca oportunidades fora. Organiza\u00e7\u00f5es que investem em planos de desenvolvimento personalizados ret\u00eam melhor e geram mais engajamento a longo prazo.<\/p>\n<\/div>\n<\/div>\n<div style=\"background: #ffffff; border-radius: 10px; padding: 1rem 1.25rem; display: flex; align-items: flex-start; gap: 1rem;\">\n<div style=\"background: #2D6BE4; color: #fff; font-weight: 800; font-size: 16px; min-width: 42px; height: 42px; border-radius: 50%; display: flex; align-items: center; justify-content: center; flex-shrink: 0;\">06<\/div>\n<div>\n<p style=\"margin: 0 0 4px 0; font-weight: bold; color: #111827; font-size: 16px;\">Miss\u00e3o e prop\u00f3sito<\/p>\n<p style=\"margin: 0; color: #6b7280; font-size: 16px; line-height: 1.5;\">Colaboradores que entendem por que o trabalho deles importa contribuem com mais energia e criatividade. A conex\u00e3o com o prop\u00f3sito \u00e9 especialmente relevante para as gera\u00e7\u00f5es mais jovens da for\u00e7a de trabalho.<\/p>\n<\/div>\n<\/div>\n<\/div>\n<h2>Como medir o engajamento dos colaboradores com precis\u00e3o<\/h2>\n<p>Medir o engajamento dos colaboradores \u00e9 um dos desafios mais subestimados na gest\u00e3o de pessoas. Muitas organiza\u00e7\u00f5es fazem isso uma vez por ano com uma pesquisa de clima extensa e depois esperam meses para agir com base nos resultados. Quando o relat\u00f3rio chega \u00e0 mesa do diretor de RH, o contexto j\u00e1 mudou e as a\u00e7\u00f5es chegam tarde demais.<\/p>\n<p>A medi\u00e7\u00e3o eficaz do engajamento exige frequ\u00eancia, velocidade e precis\u00e3o. Agora, os tr\u00eas m\u00e9todos que voc\u00ea vai ver a seguir, aplicados de forma combinada, s\u00e3o os que permitem que os times de Recursos Humanos deixem de coletar dados e passem a tomar decis\u00f5es reais.<\/p>\n<h3>Pesquisas de pulso de alta frequ\u00eancia<\/h3>\n<p>As <a href=\"https:\/\/www.questionpro.com\/blog\/pt-br\/estudo-de-pulso\/\">pesquisas de pulso<\/a> s\u00e3o question\u00e1rios curtos (entre 5 e 15 perguntas) aplicados de forma peri\u00f3dica: semanal, quinzenal ou mensal. Sua vantagem n\u00e3o est\u00e1 na profundidade, mas na velocidade: permitem detectar mudan\u00e7as no estado de \u00e2nimo da equipe antes que se transformem em rotatividade ou conflitos. Uma organiza\u00e7\u00e3o que mede o engajamento mensalmente consegue identificar o momento exato em que o comprometimento de um departamento come\u00e7a a cair, em vez de descobrir isso quando j\u00e1 perdeu seus melhores talentos.<\/p>\n<p>As perguntas dessas pesquisas costumam abordar a carga de trabalho percebida, a qualidade da comunica\u00e7\u00e3o com o l\u00edder direto, o n\u00edvel de reconhecimento recebido e a disposi\u00e7\u00e3o para recomendar a empresa como lugar para trabalhar. S\u00e3o perguntas simples, mas sua an\u00e1lise ao longo do tempo revela padr\u00f5es que uma pesquisa anual nunca captaria.<\/p>\n<h3>Employee Net Promoter Score (eNPS)<\/h3>\n<p>O <a href=\"https:\/\/www.questionpro.com\/blog\/pt-br\/enps\/\">eNPS<\/a> adapta a l\u00f3gica do Net Promoter Score para o contexto profissional. Baseia-se em uma \u00fanica pergunta: &#8220;Com que probabilidade voc\u00ea recomendaria esta empresa como lugar para trabalhar?&#8221; A resposta vai de 0 a 10, e os colaboradores s\u00e3o classificados em promotores (9-10), passivos (7-8) e detratores (0-6). O \u00edndice \u00e9 calculado subtraindo o percentual de detratores do de promotores.<\/p>\n<p>Sua simplicidade o torna ideal para compara\u00e7\u00f5es ao longo do tempo e entre departamentos. Uma equipe com eNPS de +40 se comporta de forma muito diferente de uma com eNPS de -10, e essa diferen\u00e7a \u00e9 acion\u00e1vel: os l\u00edderes da equipe com pior pontua\u00e7\u00e3o podem receber coaching e recursos espec\u00edficos, em vez de esperar que os problemas se tornem evidentes para todos.<\/p>\n<h3>Avalia\u00e7\u00f5es 360 graus<\/h3>\n<p>As <a href=\"https:\/\/www.questionpro.com\/blog\/pt-br\/avaliacao-360-graus\/\">avalia\u00e7\u00f5es 360<\/a> coletam feedback sobre um colaborador de m\u00faltiplas perspectivas: seu l\u00edder, seus pares, seus subordinados diretos e, em alguns casos, clientes internos. N\u00e3o medem o engajamento diretamente, mas sim um dos seus principais impulsionadores: a qualidade das rela\u00e7\u00f5es de trabalho e o estilo de lideran\u00e7a. Uma equipe que percebe que o l\u00edder n\u00e3o escuta e n\u00e3o apoia dificilmente estar\u00e1 engajada, e uma avalia\u00e7\u00e3o 360 coloca isso em evid\u00eancia com dados concretos e compar\u00e1veis.<\/p>\n<p>Quando as avalia\u00e7\u00f5es 360 s\u00e3o integradas com os resultados das pesquisas de pulso e o eNPS, voc\u00ea obt\u00e9m um mapa organizacional da experi\u00eancia do colaborador que vai muito al\u00e9m do que qualquer conversa informal poderia revelar.<\/p>\n<blockquote style=\"border-left: 4px solid #2D6BE4; margin: 1.5rem 0; padding: 1rem 1.5rem; background: #f8faff; border-radius: 0 8px 8px 0; font-family: Arial,sans-serif;\">\n<p style=\"font-size: 16px; font-style: italic; color: #1a2b5e; margin: 0 0 8px 0; line-height: 1.6;\">&#8220;Colaboradores altamente engajados s\u00e3o 23% mais produtivos do que seus pares com baixo engajamento. A diferen\u00e7a n\u00e3o est\u00e1 nas capacidades t\u00e9cnicas, mas na disposi\u00e7\u00e3o de aplic\u00e1-las por convic\u00e7\u00e3o, n\u00e3o por obriga\u00e7\u00e3o.&#8221;<\/p>\n<p><cite style=\"font-size: 13px; color: #6b7280; font-style: normal;\">\u2014 Gallup, 2025<\/cite><\/p><\/blockquote>\n<p>Esse dado tem uma implica\u00e7\u00e3o direta para a gest\u00e3o de talentos: o retorno de investir em engajamento n\u00e3o \u00e9 apenas cultural, mas financeiro e operacional. Organiza\u00e7\u00f5es que sabem medir o comprometimento e agir sobre ele n\u00e3o apenas ret\u00eam talentos, mas extraem mais de cada um deles.<\/p>\n<h2>Erros frequentes ao gerir o engajamento dos colaboradores<\/h2>\n<p>As organiza\u00e7\u00f5es que n\u00e3o conseguem melhorar o engajamento quase sempre cometem os mesmos erros. O mais comum \u00e9 medir para reportar, n\u00e3o para agir. Lan\u00e7a-se uma pesquisa anual, apresenta-se um relat\u00f3rio ao comit\u00ea diretivo e depois nada muda. Os colaboradores aprendem que responder \u00e0 pesquisa \u00e9 uma formalidade sem consequ\u00eancias, e a taxa de resposta cai a cada edi\u00e7\u00e3o at\u00e9 que o programa perde toda a credibilidade.<\/p>\n<p>Outro erro frequente \u00e9 medir apenas o sintoma sem diagnosticar a causa. Uma pontua\u00e7\u00e3o baixa em &#8220;comunica\u00e7\u00e3o interna&#8221; pode ter dezenas de origens diferentes: lideran\u00e7a inadequada, falta de ferramentas, informa\u00e7\u00f5es que n\u00e3o chegam a tempo ou simplesmente colaboradores que n\u00e3o sabem como usar os canais dispon\u00edveis. Organiza\u00e7\u00f5es com programas maduros de engajamento combinam dados quantitativos (pontua\u00e7\u00f5es, eNPS) com an\u00e1lises qualitativas (perguntas abertas, grupos focais) para entender o &#8220;por qu\u00ea&#8221; por tr\u00e1s do &#8220;o qu\u00ea&#8221;.<\/p>\n<p>Por fim, um dos erros mais subestimados \u00e9 n\u00e3o garantir o anonimato das respostas. Quando os colaboradores temem que suas respostas possam identific\u00e1-los, d\u00e3o respostas socialmente aceit\u00e1veis em vez de respostas honestas. O resultado \u00e9 um conjunto de dados que parece positivo no papel, mas n\u00e3o reflete a realidade. Um programa de medi\u00e7\u00e3o do engajamento s\u00f3 funciona se os participantes acreditam genuinamente que podem ser sinceros sem consequ\u00eancias. Essa confian\u00e7a n\u00e3o se declara: se demonstra com sistemas t\u00e9cnicos e pol\u00edticas claras.<\/p>\n<h2>QuestionPro Employee Experience: me\u00e7a e melhore o engajamento dos seus colaboradores<\/h2>\n<p>Ter os dados sobre o engajamento dos colaboradores \u00e9 s\u00f3 o primeiro passo. O segundo, e mais importante, \u00e9 ter uma plataforma que os centralize, os analise em tempo real e os transforme em a\u00e7\u00f5es concretas. O QuestionPro conta com capacidades robustas para medir o comprometimento profissional por meio de sua plataforma especializada, o <strong>QuestionPro Employee Experience<\/strong>. Essa solu\u00e7\u00e3o integral foi projetada para avaliar e melhorar a experi\u00eancia do colaborador ao longo de todo o seu ciclo de vida na organiza\u00e7\u00e3o.<\/p>\n<p>A plataforma permite que os times de Recursos Humanos apliquem <a href=\"https:\/\/www.questionpro.com\/blog\/pt-br\/pesquisa-de-clima-organizacional\/\">pesquisas de clima organizacional<\/a> e cultura organizacional, pesquisas de pulso de alta frequ\u00eancia, avalia\u00e7\u00f5es 360 graus e an\u00e1lises do Employee Net Promoter Score (eNPS). Tudo em um \u00fanico ambiente, com uma experi\u00eancia coerente para o colaborador e fluxos de dados unificados para o time de RH.<\/p>\n<p>Um dos elementos que diferencia o <strong>QuestionPro Employee Experience<\/strong> \u00e9 o gerenciamento avan\u00e7ado de hierarquias organizacionais. Isso permite segmentar os dados por \u00e1rea, n\u00edvel hier\u00e1rquico, unidade ou qualquer vari\u00e1vel relevante, para que os l\u00edderes possam identificar onde est\u00e3o os pontos de ruptura com precis\u00e3o, em vez de tomar decis\u00f5es baseadas em m\u00e9dias que ocultam realidades muito diferentes entre departamentos.<\/p>\n<p>A prote\u00e7\u00e3o do anonimato dos respondentes \u00e9 outra pe\u00e7a central do sistema. Quando os colaboradores confiam que suas respostas s\u00e3o genuinamente an\u00f4nimas, a taxa de resposta aumenta e a qualidade do feedback melhora de forma significativa. O QuestionPro Employee Experience garante esse anonimato de forma t\u00e9cnica e transparente, eliminando um dos principais obst\u00e1culos para obter dados honestos e representativos.<\/p>\n<blockquote style=\"border-left: 4px solid #2D6BE4; margin: 1.5rem 0; padding: 1rem 1.5rem; background: #f8faff; border-radius: 0 8px 8px 0; font-family: Arial,sans-serif;\">\n<p style=\"font-size: 16px; font-style: italic; color: #1a2b5e; margin: 0 0 8px 0; line-height: 1.6;\">&#8220;Todos os dados s\u00e3o centralizados em pain\u00e9is de an\u00e1lise em tempo real que permitem aos l\u00edderes identificar pontos fortes organizacionais, mapear \u00e1reas de risco e descobrir os fatores-chave que impulsionam a motiva\u00e7\u00e3o e a reten\u00e7\u00e3o de talentos.&#8221;<\/p>\n<p><cite style=\"font-size: 13px; color: #6b7280; font-style: normal;\">\u2014 QuestionPro Employee Experience Team<\/cite><\/p><\/blockquote>\n<p>O resultado \u00e9 um sistema de intelig\u00eancia do colaborador que n\u00e3o apenas mede, mas orienta a tomada de decis\u00f5es. Os times de RH deixam de reagir a problemas j\u00e1 vis\u00edveis e passam a antecip\u00e1-los antes que afetem a produtividade, o clima ou a reten\u00e7\u00e3o de talentos estrat\u00e9gicos.<\/p>\n<h2>Conclus\u00e3o<\/h2>\n<p>O engajamento dos colaboradores n\u00e3o \u00e9 um indicador secund\u00e1rio nem um tema de RH que s\u00f3 importa quando h\u00e1 problemas vis\u00edveis. \u00c9 um dos preditores mais confi\u00e1veis de produtividade, reten\u00e7\u00e3o e resultados de neg\u00f3cio. As organiza\u00e7\u00f5es que medem o comprometimento de forma cont\u00ednua, agem sobre os dados e fecham o ciclo com suas equipes t\u00eam uma vantagem real em rela\u00e7\u00e3o \u00e0s que esperam a pesquisa anual para descobrir o que j\u00e1 \u00e9 uma crise.<\/p>\n<p>O caminho para maior engajamento come\u00e7a ouvindo melhor, e hoje existem ferramentas que tornam essa escuta precisa, cont\u00ednua e acion\u00e1vel. Quer saber como o <a href=\"https:\/\/www.questionpro.com\/pt-br\/workforce\/\">QuestionPro Employee Experience<\/a> pode ajudar voc\u00ea a transformar os dados dos seus colaboradores em decis\u00f5es concretas? Fale com nossa equipe hoje.<\/p>\n\n\t<div class=\"banner-section wf-section\" lang=\"\" >\n\t\t<div class=\"right-column-container\">\n\t\t\t<div class=\"bannerbg white\">\n\t\t\t\t<span class=\"h1-2\">Crie experi\u00eancias memor\u00e1veis com base em dados em tempo real, insights e an\u00e1lises avan\u00e7adas<\/span>\n\t\t\t\t<a href=\"#userliteForm\" data-toggle=\"modal\" class=\"button w-button\">Agendar demo<\/a>\n\t\t\t<\/div>\n\t\t<\/div>\n\t<\/div>\n\t<div class=\"userlite-modal modal fade\" id=\"userliteForm\" tabindex=\"-1\" role=\"dialog\" style=\"display: none;\">\n\t\t<div class=\"modal-dialog\" role=\"document\">\n\t\t\t<div class=\"modal-content\" role=\"document\">\n\t\t\t\t<div class=\"modal-body\">\n\t\t\t\t\t<div class=\"modal-header\">\n\t\t\t\t\t\t<button type=\"button\" class=\"close\" data-dismiss=\"modal\" aria-label=\"Close\">\n\t\t\t\t\t\t\t<i class=\"material-icons\">close<\/i>\n\t\t\t\t\t\t<\/button>\n\t\t\t\t\t<\/div>\n\t\t\t\t\t<div class=\"contact-us-form-wrapper contact-box\">\n\t\t\t\t\t\t<div class=\"userlite-form-wrapper\">\n\t\t\t\t\t\t\t<iframe src=\"https:\/\/www.questionpro.com\/userlite-form-blog-portuguese.html?product=Surveys&amp;referralurl=https:\/\/www.questionpro.com\/blog\/pt-br\/wp-json\/wp\/v2\/posts\/&amp;lang=pt_br&amp;cat=experiencia-do-funcionario-ex\" style=\"display: block;\" ><\/iframe>\n\t\t\t\t\t\t<\/div>\n\t\t\t\t\t\t<div class=\"demo-form-wrapper success-message-div\" style=\"display:none\">\n\t\t\t\t\t\t\t<p class=\"success-message-para\"><\/p>\n\t\t\t\t\t\t<\/div>\n\t\t\t\t\t<\/div>\n\t\t\t\t<\/div>\n\t\t\t<\/div>\n\t\t<\/div>\n\t<\/div>\n<div class=\"schema-faq wp-block-yoast-faq-block\">\n<div class=\"schema-faq-section\"><strong class=\"schema-faq-question\">Qual \u00e9 a diferen\u00e7a entre engajamento e satisfa\u00e7\u00e3o dos colaboradores?<\/strong><\/p>\n<p class=\"schema-faq-answer\">A satisfa\u00e7\u00e3o no trabalho descreve como um colaborador se sente em rela\u00e7\u00e3o \u00e0s condi\u00e7\u00f5es de trabalho: sal\u00e1rio, hor\u00e1rio, ambiente f\u00edsico. O engajamento vai al\u00e9m: mede o grau de comprometimento emocional e cognitivo com a organiza\u00e7\u00e3o e sua miss\u00e3o. Um colaborador pode estar satisfeito e mesmo assim n\u00e3o estar engajado. O engajamento prev\u00ea comportamentos como esfor\u00e7o discricion\u00e1rio, lealdade e disposi\u00e7\u00e3o para recomendar a empresa como lugar para trabalhar.<\/p>\n<\/div>\n<div class=\"schema-faq-section\"><strong class=\"schema-faq-question\">Com que frequ\u00eancia devo medir o engajamento dos colaboradores?<\/strong><\/p>\n<p class=\"schema-faq-answer\">A recomenda\u00e7\u00e3o \u00e9 combinar pesquisas de pulso mensais ou quinzenais com uma pesquisa de clima mais profunda uma ou duas vezes por ano. As pesquisas de pulso permitem detectar mudan\u00e7as em tempo real, enquanto as pesquisas anuais oferecem uma vis\u00e3o integral e comparativa. Medir apenas uma vez ao ano \u00e9 insuficiente: o contexto organizacional muda r\u00e1pido demais para esperar doze meses entre medi\u00e7\u00f5es.<\/p>\n<\/div>\n<div class=\"schema-faq-section\"><strong class=\"schema-faq-question\">O que \u00e9 eNPS e como se relaciona com o engajamento?<\/strong><\/p>\n<p class=\"schema-faq-answer\">O eNPS (Employee Net Promoter Score) mede a probabilidade de um colaborador recomendar a empresa como lugar para trabalhar, em uma escala de 0 a 10. \u00c9 um indicador simples mas poderoso do comprometimento organizacional, pois colaboradores engajados tendem a ser promotores ativos da empresa. O \u00edndice \u00e9 calculado subtraindo o percentual de detratores do de promotores e permite compara\u00e7\u00f5es ao longo do tempo e entre departamentos.<\/p>\n<\/div>\n<div class=\"schema-faq-section\"><strong class=\"schema-faq-question\">Como a lideran\u00e7a afeta o engajamento dos colaboradores?<\/strong><\/p>\n<p class=\"schema-faq-answer\">A lideran\u00e7a direta \u00e9 o fator individual com maior impacto no engajamento. A qualidade do l\u00edder imediato explica a maior parte da varia\u00e7\u00e3o nos n\u00edveis de comprometimento entre equipes da mesma organiza\u00e7\u00e3o. Um l\u00edder que d\u00e1 feedback claro, reconhece o bom trabalho e cria condi\u00e7\u00f5es de desenvolvimento gera equipes significativamente mais engajadas do que as geridas com microgest\u00e3o ou comunica\u00e7\u00e3o deficiente.<\/p>\n<\/div>\n<div class=\"schema-faq-section\"><strong class=\"schema-faq-question\">Quais ferramentas o QuestionPro oferece para medir o engajamento dos colaboradores?<\/strong><\/p>\n<p class=\"schema-faq-answer\">O QuestionPro Employee Experience inclui pesquisas de clima e cultura organizacional, pesquisas de pulso de alta frequ\u00eancia, avalia\u00e7\u00f5es 360 graus e an\u00e1lise do Employee Net Promoter Score (eNPS). Todos os dados s\u00e3o centralizados em pain\u00e9is em tempo real com gerenciamento de hierarquias organizacionais e garantia de anonimato, assegurando feedback sincero e taxas de resposta elevadas.<\/p>\n<\/div>\n<\/div>\n","protected":false},"excerpt":{"rendered":"<p>Descubra o que \u00e9 engajamento dos colaboradores, os fatores que o impulsionam e como medi-lo com pesquisas de pulso, eNPS e avalia\u00e7\u00f5es 360 em tempo real.<\/p>\n","protected":false},"author":42,"featured_media":1089125,"comment_status":"closed","ping_status":"closed","sticky":false,"template":"","format":"standard","meta":{"_yoast_wpseo_focuskw":"engajamento dos colaboradores","_yoast_wpseo_title":"Engajamento dos colaboradores: o que \u00e9 e como medir","_yoast_wpseo_metadesc":"Descubra o que \u00e9 engajamento dos colaboradores, os fatores que o impulsionam e como medi-lo com pesquisas de pulso, eNPS e avalia\u00e7\u00f5es 360 em tempo real.","_genesis_hide_title":false,"_genesis_hide_breadcrumbs":false,"_genesis_hide_singular_image":false,"_genesis_hide_footer_widgets":false,"_genesis_custom_body_class":"","_genesis_custom_post_class":"","_genesis_layout":"","footnotes":""},"categories":[216],"tags":[],"yoast_head":"<!-- This site is optimized with the Yoast SEO plugin v20.4 - https:\/\/yoast.com\/wordpress\/plugins\/seo\/ -->\n<title>Engajamento dos colaboradores: o que \u00e9 e como medir<\/title>\n<meta name=\"description\" content=\"Descubra o que \u00e9 engajamento dos colaboradores, os fatores que o impulsionam e como medi-lo com pesquisas de pulso, eNPS e avalia\u00e7\u00f5es 360 em tempo real.\" \/>\n<meta name=\"robots\" content=\"index, follow, max-snippet:-1, max-image-preview:large, max-video-preview:-1\" \/>\n<link rel=\"canonical\" href=\"https:\/\/www.questionpro.com\/blog\/pt-br\/engajamento-dos-colaboradores\/\" \/>\n<meta property=\"og:locale\" content=\"pt_BR\" \/>\n<meta property=\"og:type\" content=\"article\" \/>\n<meta property=\"og:title\" content=\"Engajamento dos colaboradores: o que \u00e9 e como medir\" \/>\n<meta property=\"og:description\" content=\"Descubra o que \u00e9 engajamento dos colaboradores, os fatores que o impulsionam e como medi-lo com pesquisas de pulso, eNPS e avalia\u00e7\u00f5es 360 em tempo real.\" \/>\n<meta property=\"og:url\" content=\"https:\/\/www.questionpro.com\/blog\/pt-br\/engajamento-dos-colaboradores\/\" \/>\n<meta property=\"og:site_name\" content=\"QuestionPro\" \/>\n<meta property=\"article:publisher\" content=\"https:\/\/www.facebook.com\/questionpro\" \/>\n<meta property=\"article:published_time\" content=\"2026-08-28T11:00:00+00:00\" \/>\n<meta property=\"article:modified_time\" content=\"2026-07-23T00:47:13+00:00\" \/>\n<meta property=\"og:image\" content=\"https:\/\/www.questionpro.com\/blog\/wp-content\/uploads\/2026\/07\/cover-engajamento-dos-colaboradores-como-medir-e-melhor.jpg\" \/>\n\t<meta property=\"og:image:width\" content=\"1255\" \/>\n\t<meta property=\"og:image:height\" content=\"705\" \/>\n\t<meta property=\"og:image:type\" content=\"image\/jpeg\" \/>\n<meta name=\"author\" content=\"Cristina Ortega\" \/>\n<meta name=\"twitter:card\" content=\"summary_large_image\" \/>\n<meta name=\"twitter:creator\" content=\"@questionpro\" \/>\n<meta name=\"twitter:site\" content=\"@questionpro\" \/>\n<meta name=\"twitter:label1\" content=\"Escrito por\" \/>\n\t<meta name=\"twitter:data1\" content=\"Cristina Ortega\" \/>\n\t<meta name=\"twitter:label2\" content=\"Est. tempo de leitura\" \/>\n\t<meta name=\"twitter:data2\" content=\"13 minutos\" \/>\n<script type=\"application\/ld+json\" class=\"yoast-schema-graph\">{\"@context\":\"https:\/\/schema.org\",\"@graph\":[{\"@type\":\"Article\",\"@id\":\"https:\/\/www.questionpro.com\/blog\/pt-br\/engajamento-dos-colaboradores\/#article\",\"isPartOf\":{\"@id\":\"https:\/\/www.questionpro.com\/blog\/pt-br\/engajamento-dos-colaboradores\/\"},\"author\":{\"name\":\"Cristina Ortega\",\"@id\":\"https:\/\/www.questionpro.com\/blog\/pt-br\/#\/schema\/person\/36aae2d8eed7708b6408f95c0198593d\"},\"headline\":\"Engajamento dos colaboradores: o que \u00e9, fatores-chave e como medir na sua empresa\",\"datePublished\":\"2026-08-28T11:00:00+00:00\",\"dateModified\":\"2026-07-23T00:47:13+00:00\",\"mainEntityOfPage\":{\"@id\":\"https:\/\/www.questionpro.com\/blog\/pt-br\/engajamento-dos-colaboradores\/\"},\"wordCount\":3011,\"publisher\":{\"@id\":\"https:\/\/www.questionpro.com\/blog\/pt-br\/#organization\"},\"articleSection\":[\"Experi\u00eancia do colaborador - EX\"],\"inLanguage\":\"pt-BR\"},{\"@type\":\"WebPage\",\"@id\":\"https:\/\/www.questionpro.com\/blog\/pt-br\/engajamento-dos-colaboradores\/\",\"url\":\"https:\/\/www.questionpro.com\/blog\/pt-br\/engajamento-dos-colaboradores\/\",\"name\":\"Engajamento dos colaboradores: o que \u00e9 e como medir\",\"isPartOf\":{\"@id\":\"https:\/\/www.questionpro.com\/blog\/pt-br\/#website\"},\"datePublished\":\"2026-08-28T11:00:00+00:00\",\"dateModified\":\"2026-07-23T00:47:13+00:00\",\"description\":\"Descubra o que \u00e9 engajamento dos colaboradores, os fatores que o impulsionam e como medi-lo com pesquisas de pulso, eNPS e avalia\u00e7\u00f5es 360 em tempo real.\",\"breadcrumb\":{\"@id\":\"https:\/\/www.questionpro.com\/blog\/pt-br\/engajamento-dos-colaboradores\/#breadcrumb\"},\"inLanguage\":\"pt-BR\",\"potentialAction\":[{\"@type\":\"ReadAction\",\"target\":[\"https:\/\/www.questionpro.com\/blog\/pt-br\/engajamento-dos-colaboradores\/\"]}]},{\"@type\":\"BreadcrumbList\",\"@id\":\"https:\/\/www.questionpro.com\/blog\/pt-br\/engajamento-dos-colaboradores\/#breadcrumb\",\"itemListElement\":[{\"@type\":\"ListItem\",\"position\":1,\"name\":\"In\u00edcio\",\"item\":\"https:\/\/www.questionpro.com\/blog\/pt-br\/\"},{\"@type\":\"ListItem\",\"position\":2,\"name\":\"Experi\u00eancia do colaborador - EX\",\"item\":\"https:\/\/www.questionpro.com\/blog\/pt-br\/category\/experiencia-do-funcionario-ex\/\"},{\"@type\":\"ListItem\",\"position\":3,\"name\":\"Engajamento dos colaboradores: o que \u00e9, fatores-chave e como medir na sua empresa\"}]},{\"@type\":\"WebSite\",\"@id\":\"https:\/\/www.questionpro.com\/blog\/pt-br\/#website\",\"url\":\"https:\/\/www.questionpro.com\/blog\/pt-br\/\",\"name\":\"QuestionPro\",\"description\":\"\",\"publisher\":{\"@id\":\"https:\/\/www.questionpro.com\/blog\/pt-br\/#organization\"},\"potentialAction\":[{\"@type\":\"SearchAction\",\"target\":{\"@type\":\"EntryPoint\",\"urlTemplate\":\"https:\/\/www.questionpro.com\/blog\/pt-br\/?s={search_term_string}\"},\"query-input\":\"required name=search_term_string\"}],\"inLanguage\":\"pt-BR\"},{\"@type\":\"Organization\",\"@id\":\"https:\/\/www.questionpro.com\/blog\/pt-br\/#organization\",\"name\":\"QuestionPro\",\"url\":\"https:\/\/www.questionpro.com\/blog\/pt-br\/\",\"logo\":{\"@type\":\"ImageObject\",\"inLanguage\":\"pt-BR\",\"@id\":\"https:\/\/www.questionpro.com\/blog\/pt-br\/#\/schema\/logo\/image\/\",\"url\":\"https:\/\/www.questionpro.com\/blog\/wp-content\/uploads\/2022\/10\/questionpro-logo.svg\",\"contentUrl\":\"https:\/\/www.questionpro.com\/blog\/wp-content\/uploads\/2022\/10\/questionpro-logo.svg\",\"caption\":\"QuestionPro\"},\"image\":{\"@id\":\"https:\/\/www.questionpro.com\/blog\/pt-br\/#\/schema\/logo\/image\/\"},\"sameAs\":[\"https:\/\/www.facebook.com\/questionpro\",\"https:\/\/twitter.com\/questionpro\",\"https:\/\/www.linkedin.com\/company\/questionpro\/\"]},{\"@type\":\"Person\",\"@id\":\"https:\/\/www.questionpro.com\/blog\/pt-br\/#\/schema\/person\/36aae2d8eed7708b6408f95c0198593d\",\"name\":\"Cristina Ortega\",\"image\":{\"@type\":\"ImageObject\",\"inLanguage\":\"pt-BR\",\"@id\":\"https:\/\/www.questionpro.com\/blog\/pt-br\/#\/schema\/person\/image\/\",\"url\":\"https:\/\/secure.gravatar.com\/avatar\/49635f2181bfe83c436d50b9a8bf1f2e?s=96&d=mm&r=g\",\"contentUrl\":\"https:\/\/secure.gravatar.com\/avatar\/49635f2181bfe83c436d50b9a8bf1f2e?s=96&d=mm&r=g\",\"caption\":\"Cristina Ortega\"},\"url\":\"https:\/\/www.questionpro.com\/blog\/pt-br\/author\/cristinaortega\/\"}]}<\/script>\n<!-- \/ Yoast SEO plugin. -->","yoast_head_json":{"title":"Engajamento dos colaboradores: o que \u00e9 e como medir","description":"Descubra o que \u00e9 engajamento dos colaboradores, os fatores que o impulsionam e como medi-lo com pesquisas de pulso, eNPS e avalia\u00e7\u00f5es 360 em tempo real.","robots":{"index":"index","follow":"follow","max-snippet":"max-snippet:-1","max-image-preview":"max-image-preview:large","max-video-preview":"max-video-preview:-1"},"canonical":"https:\/\/www.questionpro.com\/blog\/pt-br\/engajamento-dos-colaboradores\/","og_locale":"pt_BR","og_type":"article","og_title":"Engajamento dos colaboradores: o que \u00e9 e como medir","og_description":"Descubra o que \u00e9 engajamento dos colaboradores, os fatores que o impulsionam e como medi-lo com pesquisas de pulso, eNPS e avalia\u00e7\u00f5es 360 em tempo real.","og_url":"https:\/\/www.questionpro.com\/blog\/pt-br\/engajamento-dos-colaboradores\/","og_site_name":"QuestionPro","article_publisher":"https:\/\/www.facebook.com\/questionpro","article_published_time":"2026-08-28T11:00:00+00:00","article_modified_time":"2026-07-23T00:47:13+00:00","og_image":[{"width":1255,"height":705,"url":"https:\/\/www.questionpro.com\/blog\/wp-content\/uploads\/2026\/07\/cover-engajamento-dos-colaboradores-como-medir-e-melhor.jpg","type":"image\/jpeg"}],"author":"Cristina Ortega","twitter_card":"summary_large_image","twitter_creator":"@questionpro","twitter_site":"@questionpro","twitter_misc":{"Escrito por":"Cristina Ortega","Est. tempo de leitura":"13 minutos"},"schema":{"@context":"https:\/\/schema.org","@graph":[{"@type":"Article","@id":"https:\/\/www.questionpro.com\/blog\/pt-br\/engajamento-dos-colaboradores\/#article","isPartOf":{"@id":"https:\/\/www.questionpro.com\/blog\/pt-br\/engajamento-dos-colaboradores\/"},"author":{"name":"Cristina Ortega","@id":"https:\/\/www.questionpro.com\/blog\/pt-br\/#\/schema\/person\/36aae2d8eed7708b6408f95c0198593d"},"headline":"Engajamento dos colaboradores: o que \u00e9, fatores-chave e como medir na sua empresa","datePublished":"2026-08-28T11:00:00+00:00","dateModified":"2026-07-23T00:47:13+00:00","mainEntityOfPage":{"@id":"https:\/\/www.questionpro.com\/blog\/pt-br\/engajamento-dos-colaboradores\/"},"wordCount":3011,"publisher":{"@id":"https:\/\/www.questionpro.com\/blog\/pt-br\/#organization"},"articleSection":["Experi\u00eancia do colaborador - EX"],"inLanguage":"pt-BR"},{"@type":"WebPage","@id":"https:\/\/www.questionpro.com\/blog\/pt-br\/engajamento-dos-colaboradores\/","url":"https:\/\/www.questionpro.com\/blog\/pt-br\/engajamento-dos-colaboradores\/","name":"Engajamento dos colaboradores: o que \u00e9 e como medir","isPartOf":{"@id":"https:\/\/www.questionpro.com\/blog\/pt-br\/#website"},"datePublished":"2026-08-28T11:00:00+00:00","dateModified":"2026-07-23T00:47:13+00:00","description":"Descubra o que \u00e9 engajamento dos colaboradores, os fatores que o impulsionam e como medi-lo com pesquisas de pulso, eNPS e avalia\u00e7\u00f5es 360 em tempo real.","breadcrumb":{"@id":"https:\/\/www.questionpro.com\/blog\/pt-br\/engajamento-dos-colaboradores\/#breadcrumb"},"inLanguage":"pt-BR","potentialAction":[{"@type":"ReadAction","target":["https:\/\/www.questionpro.com\/blog\/pt-br\/engajamento-dos-colaboradores\/"]}]},{"@type":"BreadcrumbList","@id":"https:\/\/www.questionpro.com\/blog\/pt-br\/engajamento-dos-colaboradores\/#breadcrumb","itemListElement":[{"@type":"ListItem","position":1,"name":"In\u00edcio","item":"https:\/\/www.questionpro.com\/blog\/pt-br\/"},{"@type":"ListItem","position":2,"name":"Experi\u00eancia do colaborador - EX","item":"https:\/\/www.questionpro.com\/blog\/pt-br\/category\/experiencia-do-funcionario-ex\/"},{"@type":"ListItem","position":3,"name":"Engajamento dos colaboradores: o que \u00e9, fatores-chave e como medir na sua empresa"}]},{"@type":"WebSite","@id":"https:\/\/www.questionpro.com\/blog\/pt-br\/#website","url":"https:\/\/www.questionpro.com\/blog\/pt-br\/","name":"QuestionPro","description":"","publisher":{"@id":"https:\/\/www.questionpro.com\/blog\/pt-br\/#organization"},"potentialAction":[{"@type":"SearchAction","target":{"@type":"EntryPoint","urlTemplate":"https:\/\/www.questionpro.com\/blog\/pt-br\/?s={search_term_string}"},"query-input":"required name=search_term_string"}],"inLanguage":"pt-BR"},{"@type":"Organization","@id":"https:\/\/www.questionpro.com\/blog\/pt-br\/#organization","name":"QuestionPro","url":"https:\/\/www.questionpro.com\/blog\/pt-br\/","logo":{"@type":"ImageObject","inLanguage":"pt-BR","@id":"https:\/\/www.questionpro.com\/blog\/pt-br\/#\/schema\/logo\/image\/","url":"https:\/\/www.questionpro.com\/blog\/wp-content\/uploads\/2022\/10\/questionpro-logo.svg","contentUrl":"https:\/\/www.questionpro.com\/blog\/wp-content\/uploads\/2022\/10\/questionpro-logo.svg","caption":"QuestionPro"},"image":{"@id":"https:\/\/www.questionpro.com\/blog\/pt-br\/#\/schema\/logo\/image\/"},"sameAs":["https:\/\/www.facebook.com\/questionpro","https:\/\/twitter.com\/questionpro","https:\/\/www.linkedin.com\/company\/questionpro\/"]},{"@type":"Person","@id":"https:\/\/www.questionpro.com\/blog\/pt-br\/#\/schema\/person\/36aae2d8eed7708b6408f95c0198593d","name":"Cristina Ortega","image":{"@type":"ImageObject","inLanguage":"pt-BR","@id":"https:\/\/www.questionpro.com\/blog\/pt-br\/#\/schema\/person\/image\/","url":"https:\/\/secure.gravatar.com\/avatar\/49635f2181bfe83c436d50b9a8bf1f2e?s=96&d=mm&r=g","contentUrl":"https:\/\/secure.gravatar.com\/avatar\/49635f2181bfe83c436d50b9a8bf1f2e?s=96&d=mm&r=g","caption":"Cristina Ortega"},"url":"https:\/\/www.questionpro.com\/blog\/pt-br\/author\/cristinaortega\/"}]}},"featured_image_src":"https:\/\/www.questionpro.com\/blog\/wp-content\/uploads\/2026\/07\/cover-engajamento-dos-colaboradores-como-medir-e-melhor-600x400.jpg","featured_image_src_square":"https:\/\/www.questionpro.com\/blog\/wp-content\/uploads\/2026\/07\/cover-engajamento-dos-colaboradores-como-medir-e-melhor-600x600.jpg","author_info":{"display_name":"Cristina Ortega","author_link":"https:\/\/www.questionpro.com\/blog\/pt-br\/author\/cristinaortega\/"},"_links":{"self":[{"href":"https:\/\/www.questionpro.com\/blog\/pt-br\/wp-json\/wp\/v2\/posts\/1089102"}],"collection":[{"href":"https:\/\/www.questionpro.com\/blog\/pt-br\/wp-json\/wp\/v2\/posts"}],"about":[{"href":"https:\/\/www.questionpro.com\/blog\/pt-br\/wp-json\/wp\/v2\/types\/post"}],"author":[{"embeddable":true,"href":"https:\/\/www.questionpro.com\/blog\/pt-br\/wp-json\/wp\/v2\/users\/42"}],"replies":[{"embeddable":true,"href":"https:\/\/www.questionpro.com\/blog\/pt-br\/wp-json\/wp\/v2\/comments?post=1089102"}],"version-history":[{"count":3,"href":"https:\/\/www.questionpro.com\/blog\/pt-br\/wp-json\/wp\/v2\/posts\/1089102\/revisions"}],"predecessor-version":[{"id":1096979,"href":"https:\/\/www.questionpro.com\/blog\/pt-br\/wp-json\/wp\/v2\/posts\/1089102\/revisions\/1096979"}],"wp:featuredmedia":[{"embeddable":true,"href":"https:\/\/www.questionpro.com\/blog\/pt-br\/wp-json\/wp\/v2\/media\/1089125"}],"wp:attachment":[{"href":"https:\/\/www.questionpro.com\/blog\/pt-br\/wp-json\/wp\/v2\/media?parent=1089102"}],"wp:term":[{"taxonomy":"category","embeddable":true,"href":"https:\/\/www.questionpro.com\/blog\/pt-br\/wp-json\/wp\/v2\/categories?post=1089102"},{"taxonomy":"post_tag","embeddable":true,"href":"https:\/\/www.questionpro.com\/blog\/pt-br\/wp-json\/wp\/v2\/tags?post=1089102"}],"curies":[{"name":"wp","href":"https:\/\/api.w.org\/{rel}","templated":true}]}},{"id":1089031,"date":"2026-08-27T04:00:00","date_gmt":"2026-08-27T11:00:00","guid":{"rendered":"https:\/\/www.questionpro.com\/blog\/?p=1089031"},"modified":"2026-07-22T17:40:37","modified_gmt":"2026-07-23T00:40:37","slug":"data-engagement","status":"publish","type":"post","link":"https:\/\/www.questionpro.com\/blog\/pt-br\/data-engagement\/","title":{"rendered":"Data engagement: o que \u00e9, como medir e como impuls\u00e1-lo na sua organiza\u00e7\u00e3o"},"content":{"rendered":"<p>Coletar dados \u00e9 f\u00e1cil. O verdadeiro desafio est\u00e1 no que acontece depois: em garantir que os participantes de uma pesquisa queiram responder, que a equipe use os dados para tomar decis\u00f5es e que essas informa\u00e7\u00f5es n\u00e3o fiquem enterradas em uma pasta que ningu\u00e9m volta a abrir. A isso chamamos <strong>data engagement<\/strong>, e \u00e9 o indicador que separa as organiza\u00e7\u00f5es que realmente aprendem das que apenas coletam.<\/p>\n<p>Um relat\u00f3rio da Dataversity revela que quase 46% das organiza\u00e7\u00f5es n\u00e3o utiliza seus pr\u00f3prios dados para obter insights relevantes. Coletam, armazenam e esquecem. O resultado: or\u00e7amentos mal alocados, estrat\u00e9gias desconectadas da realidade e equipes que continuam tomando decis\u00f5es por intui\u00e7\u00e3o quando poderiam faz\u00ea-lo com base em evid\u00eancias. Se as suas pesquisas t\u00eam baixa participa\u00e7\u00e3o ou os relat\u00f3rios n\u00e3o chegam \u00e0s equipes que precisam deles, voc\u00ea tem um problema de data engagement.<\/p>\n<style>.qp-art-summary[open] .qp-art-arrow{transform:rotate(180deg)}.qp-art-arrow{transition:transform 0.25s ease;display:inline-block;}<\/style>\n<details class=\"qp-art-summary\" style=\"background: #f8faff; border: 2px solid #2D6BE4; border-radius: 12px; margin: 1.5rem 0; font-family: Arial,sans-serif; overflow: hidden;\">\n<summary style=\"background: #1a2b5e; color: #ffffff; padding: 1rem 1.25rem; cursor: pointer; font-size: 16px; font-weight: bold; list-style: none; display: flex; align-items: center; gap: 10px; margin: 0;\"><span style=\"font-size: 20px; line-height: 1; flex-shrink: 0;\">\ud83d\udc41<\/span> Resumo do artigo<span class=\"qp-art-arrow\" style=\"margin-left: auto; font-size: 13px; opacity: 0.75;\">\u25bc<\/span><\/summary>\n<ul style=\"margin: 0; padding: 1rem 1.5rem; list-style: none;\">\n<li style=\"padding: 0.6rem 0; border-bottom: 1px solid #e5e7eb; color: #374151; font-size: 15px; line-height: 1.6; display: flex; gap: 10px; align-items: flex-start;\"><span style=\"color: #2d6be4; font-weight: bold; flex-shrink: 0; margin-top: 2px;\">\u2713<\/span> O data engagement tem duas dimens\u00f5es: a participa\u00e7\u00e3o dos respondentes (quem gera os dados) e a ado\u00e7\u00e3o interna (quem os usa para decidir).<\/li>\n<li style=\"padding: 0.6rem 0; border-bottom: 1px solid #e5e7eb; color: #374151; font-size: 15px; line-height: 1.6; display: flex; gap: 10px; align-items: flex-start;\"><span style=\"color: #2d6be4; font-weight: bold; flex-shrink: 0; margin-top: 2px;\">\u2713<\/span> 46% das organiza\u00e7\u00f5es n\u00e3o aproveita seus pr\u00f3prios dados para gerar insights, segundo a Dataversity.<\/li>\n<li style=\"padding: 0.6rem 0; border-bottom: 1px solid #e5e7eb; color: #374151; font-size: 15px; line-height: 1.6; display: flex; gap: 10px; align-items: flex-start;\"><span style=\"color: #2d6be4; font-weight: bold; flex-shrink: 0; margin-top: 2px;\">\u2713<\/span> A gamifica\u00e7\u00e3o pode elevar o engajamento dos participantes em at\u00e9 150% em compara\u00e7\u00e3o com m\u00e9todos sem incentivos.<\/li>\n<li style=\"padding: 0.6rem 0; border-bottom: 1px solid #e5e7eb; color: #374151; font-size: 15px; line-height: 1.6; display: flex; gap: 10px; align-items: flex-start;\"><span style=\"color: #2d6be4; font-weight: bold; flex-shrink: 0; margin-top: 2px;\">\u2713<\/span> O QuestionPro Communities inclui um Engagement Meter que mede a participa\u00e7\u00e3o individual e ferramentas de recompensas para manter a motiva\u00e7\u00e3o a longo prazo.<\/li>\n<li style=\"padding: 0.6rem 0; border-bottom: 1px solid #e5e7eb; color: #374151; font-size: 15px; line-height: 1.6; display: flex; gap: 10px; align-items: flex-start;\"><span style=\"color: #2d6be4; font-weight: bold; flex-shrink: 0; margin-top: 2px;\">\u2713<\/span> O InsightsHub elimina os silos de informa\u00e7\u00e3o e permite que qualquer departamento acesse, pesquise e aplique insights de pesquisas passadas e presentes.<\/li>\n<li style=\"padding: 0.6rem 0; color: #374151; font-size: 15px; line-height: 1.6; display: flex; gap: 10px; align-items: flex-start;\"><span style=\"color: #2d6be4; font-weight: bold; flex-shrink: 0; margin-top: 2px;\">\u2713<\/span> Medir o data engagement requer indicadores em dois n\u00edveis: taxa de resposta (gera\u00e7\u00e3o) e taxa de uso e distribui\u00e7\u00e3o interna de insights (ado\u00e7\u00e3o).<\/li>\n<\/ul>\n<\/details>\n\n<h2>O que \u00e9 data engagement?<\/h2>\n<p>O data engagement \u00e9 o conjunto de estrat\u00e9gias, ferramentas e m\u00e9tricas que busca maximizar dois tipos de participa\u00e7\u00e3o: a das pessoas que geram dados (respondentes, participantes de comunidades, usu\u00e1rios de pesquisas) e a das equipes internas que consomem e agem com base nesses dados dentro de uma organiza\u00e7\u00e3o.<\/p>\n<p>N\u00e3o \u00e9 um conceito tecnol\u00f3gico nem um sin\u00f4nimo de &#8220;coletar mais dados&#8221;. \u00c9 uma filosofia de gest\u00e3o da informa\u00e7\u00e3o que reconhece que os dados s\u00f3 t\u00eam valor quando algu\u00e9m os usa. Uma pesquisa com 80% de taxa de resposta cujos resultados ningu\u00e9m l\u00ea tem um data engagement igual a zero. Uma pesquisa com 40% de taxa de resposta cujos insights s\u00e3o distribu\u00eddos para tr\u00eas departamentos e geram decis\u00f5es concretas \u00e9 um caso de data engagement bem-sucedido.<\/p>\n<p>Por que essa distin\u00e7\u00e3o \u00e9 importante? Porque muitas organiza\u00e7\u00f5es otimizam apenas um dos dois lados e negligenciam o outro. Investem em metodologias de coleta rigorosas, mas n\u00e3o t\u00eam um sistema para que esses dados cheguem a quem precisa deles. Ou, ao contr\u00e1rio, t\u00eam dashboards sofisticados, mas n\u00e3o conseguem manter os participantes das suas pesquisas ativos ao longo do tempo.<\/p>\n<div style=\"margin: 2rem 0; font-family: Arial,sans-serif;\">\n<p style=\"text-align: center; color: #1a2b5e; font-size: 16px; font-weight: bold; margin: 0 0 1.25rem 0; text-transform: uppercase; letter-spacing: 1px;\">As duas dimens\u00f5es do data engagement<\/p>\n<div style=\"display: grid; grid-template-columns: 1fr 1fr; gap: 1rem;\">\n<div style=\"background: #1a2b5e; border-radius: 12px; padding: 1.25rem;\">\n<p style=\"background: #2D6BE4; color: #fff; display: inline-block; padding: 4px 12px; border-radius: 6px; font-size: 14px; font-weight: bold; margin: 0 0 10px 0;\">Respondent Engagement<\/p>\n<p style=\"color: #ffffff; font-size: 16px; margin: 0; line-height: 1.5;\">Participa\u00e7\u00e3o ativa e cont\u00ednua de quem gera os dados: respondentes, membros de comunidades e participantes de pesquisas.<\/p>\n<\/div>\n<div style=\"background: #2D6BE4; border-radius: 12px; padding: 1.25rem;\">\n<p style=\"background: #1a2b5e; color: #fff; display: inline-block; padding: 4px 12px; border-radius: 6px; font-size: 14px; font-weight: bold; margin: 0 0 10px 0;\">Organizational Engagement<\/p>\n<p style=\"color: rgba(255,255,255,0.92); font-size: 16px; margin: 0; line-height: 1.5;\">Ado\u00e7\u00e3o interna dos dados: que as equipes busquem, compartilhem e apliquem os insights gerados pela pesquisa.<\/p>\n<\/div>\n<\/div>\n<\/div>\n<h2>Por que a maioria das organiza\u00e7\u00f5es tem um problema de data engagement<\/h2>\n<p>Aqui vai o detalhe que ningu\u00e9m quer admitir: coletar dados se tornou t\u00e3o simples que o verdadeiro gargalo n\u00e3o est\u00e1 mais na coleta, mas em tudo o que acontece depois. Projetar uma pesquisa, distribu\u00ed-la e obter respostas \u00e9 um processo que qualquer equipe consegue executar em horas. Garantir que essas respostas impactem decis\u00f5es concretas \u00e9 muito mais complexo.<\/p>\n<p>O problema ocorre em duas frentes simult\u00e2neas. Por um lado, os participantes das pesquisas perdem motiva\u00e7\u00e3o com o tempo: respondem uma vez, percebem que n\u00e3o recebem nenhum reconhecimento e deixam de faz\u00ea-lo. Por outro lado, os dados gerados ficam presos em relat\u00f3rios est\u00e1ticos que circulam por e-mail, perdem contexto e nunca chegam \u00e0 equipe que realmente precisa deles.<\/p>\n<div style=\"background: #f8faff; border-left: 5px solid #2D6BE4; border-radius: 0 12px 12px 0; padding: 1.25rem 1.5rem; margin: 1.5rem 0; font-family: Arial,sans-serif;\">\n<p style=\"font-size: 26px; font-weight: 800; color: #1a2b5e; margin: 0 0 6px 0;\">46%<\/p>\n<p style=\"font-size: 15px; color: #374151; margin: 0 0 8px 0; line-height: 1.5;\">das organiza\u00e7\u00f5es n\u00e3o utiliza seus dados para obter insights relevantes que orientem suas decis\u00f5es estrat\u00e9gicas.<\/p>\n<p style=\"font-size: 13px; color: #6b7280; margin: 0;\">Fonte: Dataversity, 2024<\/p>\n<\/div>\n<p>Esse percentual representa um problema de retorno sobre o investimento. Cada pesquisa lan\u00e7ada tem um custo: o tempo da equipe que a projeta, a plataforma que a executa, o incentivo dos participantes e a an\u00e1lise posterior. Se quase metade desse esfor\u00e7o n\u00e3o produz nenhuma a\u00e7\u00e3o concreta, o ROI da pesquisa despenca. E a solu\u00e7\u00e3o n\u00e3o \u00e9 cortar a pesquisa, mas construir a infraestrutura que a torne acion\u00e1vel.<\/p>\n<h2>O primeiro pilar: engajamento na gera\u00e7\u00e3o de dados (respondent engagement)<\/h2>\n<p>O respondent engagement \u00e9 a capacidade de manter os participantes envolvidos de forma ativa e cont\u00ednua nos processos de coleta de dados. N\u00e3o se trata apenas de conseguir que algu\u00e9m responda uma pesquisa, mas de construir uma rela\u00e7\u00e3o de longo prazo com quem gera o insumo mais valioso da sua organiza\u00e7\u00e3o: a informa\u00e7\u00e3o direta de clientes, colaboradores ou mercados.<\/p>\n<p>O problema das plataformas de pesquisa tradicionais \u00e9 que tratam cada intera\u00e7\u00e3o como um evento isolado. O participante recebe um link, responde e n\u00e3o sabe mais nada at\u00e9 a pr\u00f3xima vez que voc\u00ea precisa de dados. N\u00e3o h\u00e1 reconhecimento, n\u00e3o h\u00e1 comunidade, n\u00e3o h\u00e1 incentivo para continuar participando. Com esse modelo, a taxa de resposta cai progressivamente a cada ciclo.<\/p>\n<div style=\"background: #f8faff; border-left: 5px solid #2D6BE4; border-radius: 0 12px 12px 0; padding: 1.25rem 1.5rem; margin: 1.5rem 0; font-family: Arial,sans-serif;\">\n<p style=\"font-size: 26px; font-weight: 800; color: #1a2b5e; margin: 0 0 6px 0;\">150%<\/p>\n<p style=\"font-size: 15px; color: #374151; margin: 0 0 8px 0; line-height: 1.5;\">\u00e9 o aumento m\u00e1ximo no engajamento de usu\u00e1rios que a gamifica\u00e7\u00e3o pode gerar em compara\u00e7\u00e3o com ambientes sem elementos de jogo.<\/p>\n<p style=\"font-size: 13px; color: #6b7280; margin: 0;\">Fonte: Amplifai, 2026<\/p>\n<\/div>\n<p>A <a href=\"https:\/\/www.questionpro.com\/blog\/pt-br\/o-que-e-gamificacao\/\">gamifica\u00e7\u00e3o<\/a> n\u00e3o \u00e9 uma tend\u00eancia superficial: \u00e9 uma resposta direta a como funciona a motiva\u00e7\u00e3o humana. As pessoas permanecem engajadas quando h\u00e1 progresso vis\u00edvel, reconhecimento e recompensas que valorizam. Aplicado \u00e0 pesquisa, isso se traduz em <a href=\"https:\/\/www.questionpro.com\/blog\/pt-br\/o-que-sao-comunidades-online-de-pesquisa-de-mercado\/\">comunidades<\/a> onde os participantes acumulam pontos, sobem em rankings e contribuem com ideias que sentem como suas.<\/p>\n<p>A QuestionPro aborda esse desafio por meio do <em>QuestionPro Communities<\/em>, uma plataforma projetada para manter os participantes envolvidos a longo prazo. A ferramenta inclui um <strong>Engagement Meter<\/strong> que avalia o n\u00edvel de participa\u00e7\u00e3o de cada usu\u00e1rio com base nas suas atividades: pesquisas conclu\u00eddas, coment\u00e1rios publicados, intera\u00e7\u00f5es em f\u00f3runs. Isso permite identificar em tempo real quem est\u00e1 ativo, quem corre risco de abandonar e que tipo de incentivo cada segmento precisa.<\/p>\n<p>Al\u00e9m disso, a plataforma integra modelos de <a href=\"https:\/\/www.questionpro.com\/blog\/pt-br\/pesquisas-com-recompensa\/\">recompensas<\/a> configur\u00e1veis, pain\u00e9is de ideias (Idea Boards) onde os participantes prop\u00f5em e votam em conceitos, e din\u00e2micas de gamifica\u00e7\u00e3o que transformam cada intera\u00e7\u00e3o em uma experi\u00eancia com valor percebido. Para pesquisas de alta frequ\u00eancia e baixa lat\u00eancia, o <em>LivePolls<\/em> gera um n\u00edvel de intera\u00e7\u00e3o imediata por meio de question\u00e1rios, pesquisas e trivias em tempo real, ideal para eventos, sess\u00f5es de treinamento ou consultas r\u00e1pidas com clientes.<\/p>\n<h2>O segundo pilar: ado\u00e7\u00e3o interna dos dados (organizational engagement)<\/h2>\n<p>Voc\u00ea pode ter os melhores participantes do mundo, com taxas de resposta de 90% e dados de alt\u00edssima qualidade. Se essas informa\u00e7\u00f5es n\u00e3o chegarem \u00e0s equipes que precisam agir com base nelas, o exerc\u00edcio foi in\u00fatil. Esse \u00e9 o problema do organizational engagement: garantir que os dados gerados sejam buscados, compreendidos e aplicados dentro da sua organiza\u00e7\u00e3o.<\/p>\n<p>O principal obst\u00e1culo s\u00e3o os silos de informa\u00e7\u00e3o. Na maioria das organiza\u00e7\u00f5es, os dados de pesquisa s\u00e3o armazenados em pastas compartilhadas, e-mails ou apresenta\u00e7\u00f5es que apenas duas ou tr\u00eas pessoas da equipe de insights conhecem. Quando algu\u00e9m de marketing precisa entender um segmento de clientes, n\u00e3o sabe que h\u00e1 seis meses a equipe de CX fez uma pesquisa exatamente sobre isso. Come\u00e7a do zero, duplicando esfor\u00e7o e or\u00e7amento.<\/p>\n<blockquote style=\"border-left: 4px solid #2D6BE4; margin: 1.5rem 0; padding: 1rem 1.5rem; background: #f8faff; border-radius: 0 8px 8px 0; font-family: Arial,sans-serif;\">\n<p style=\"font-size: 16px; font-style: italic; color: #1a2b5e; margin: 0 0 8px 0; line-height: 1.6;\">&#8220;O m\u00e1ximo retorno sobre o investimento em pesquisa n\u00e3o vem de coletar mais dados, mas de garantir que os dados que voc\u00ea j\u00e1 tem sejam acess\u00edveis, pesquis\u00e1veis e acion\u00e1veis para cada \u00e1rea da sua organiza\u00e7\u00e3o.&#8221;<\/p>\n<p><cite style=\"font-size: 13px; color: #6b7280; font-style: normal;\">\u2014 QuestionPro Research Team<\/cite><\/p><\/blockquote>\n<p>A QuestionPro responde a esse problema com o <em>InsightsHub<\/em>, um reposit\u00f3rio corporativo que armazena metodologias, dados e insights de forma estruturada e f\u00e1cil de pesquisar. Qualquer departamento autorizado pode consultar pesquisas passadas e presentes, compartilhar descobertas relevantes e aplicar o conhecimento acumulado sem precisar coordenar reuni\u00f5es ou localizar o analista respons\u00e1vel. O InsightsHub elimina os silos de informa\u00e7\u00e3o e transforma o conhecimento organizacional em um ativo compartilhado de acesso imediato.<\/p>\n<p>A diferen\u00e7a pr\u00e1tica \u00e9 significativa: uma empresa que implementa um reposit\u00f3rio centralizado de insights reduz o tempo de busca de informa\u00e7\u00f5es de horas para minutos, evita a duplica\u00e7\u00e3o de pesquisas e garante que cada decis\u00e3o estrat\u00e9gica seja informada por todo o conhecimento dispon\u00edvel, n\u00e3o apenas pelo que algu\u00e9m por acaso se lembra de ter visto.<\/p>\n<h2>Como medir o data engagement na sua organiza\u00e7\u00e3o<\/h2>\n<p>Sem m\u00e9tricas claras, o data engagement \u00e9 apenas uma inten\u00e7\u00e3o. As organiza\u00e7\u00f5es que o gerenciam de forma sistem\u00e1tica definem indicadores nas duas dimens\u00f5es descritas. Mas aten\u00e7\u00e3o: os indicadores devem ser avaliados em conjunto, n\u00e3o de forma isolada.<\/p>\n<p>Para o respondent engagement, os KPIs mais relevantes s\u00e3o:<\/p>\n<ul>\n<li><strong>Taxa de resposta por ciclo:<\/strong> quantos participantes concluem cada pesquisa. A tend\u00eancia ao longo do tempo \u00e9 mais informativa do que o n\u00famero pontual.<\/li>\n<li><strong>Taxa de reten\u00e7\u00e3o em comunidades:<\/strong> qual porcentagem de membros permanece ativa ap\u00f3s tr\u00eas, seis ou doze meses.<\/li>\n<li><strong>\u00cdndice de participa\u00e7\u00e3o diversificada:<\/strong> se os mesmos dez membros respondem sempre ou h\u00e1 uma base ampla e rotativa de participantes ativos.<\/li>\n<li><strong>Pontua\u00e7\u00e3o do Engagement Meter:<\/strong> no QuestionPro Communities, esse indicador agrega m\u00faltiplas dimens\u00f5es de participa\u00e7\u00e3o em um \u00fanico n\u00famero acion\u00e1vel.<\/li>\n<li><strong>Qualidade das respostas:<\/strong> taxa de abandono no meio do question\u00e1rio, extens\u00e3o m\u00e9dia das respostas abertas e coer\u00eancia interna das respostas.<\/li>\n<\/ul>\n<p>Para o organizational engagement, os indicadores-chave s\u00e3o:<\/p>\n<ul>\n<li><strong>Taxa de distribui\u00e7\u00e3o interna:<\/strong> quantas equipes acessam os relat\u00f3rios gerados ap\u00f3s cada pesquisa.<\/li>\n<li><strong>Tempo de ativa\u00e7\u00e3o:<\/strong> quanto tempo leva entre a gera\u00e7\u00e3o dos dados e a primeira decis\u00e3o baseada neles.<\/li>\n<li><strong>Taxa de reutiliza\u00e7\u00e3o de insights:<\/strong> com que frequ\u00eancia as equipes consultam pesquisas anteriores antes de iniciar uma nova.<\/li>\n<li><strong>Decis\u00f5es documentadas baseadas em dados:<\/strong> um indicador qualitativo, mas poderoso, para conectar a pesquisa com os resultados do neg\u00f3cio.<\/li>\n<\/ul>\n<div style=\"background: #1a2b5e; border-radius: 16px; padding: 2rem; margin: 2rem 0; font-family: Arial,sans-serif;\">\n<p style=\"text-align: center; color: #ffffff; font-size: 16px; font-weight: bold; margin: 0 0 1.5rem 0; letter-spacing: 1px; text-transform: uppercase;\">Processo para implementar data engagement<\/p>\n<div style=\"background: #ffffff; border-radius: 10px; padding: 1rem 1.25rem; margin-bottom: 0.75rem; display: flex; align-items: flex-start; gap: 1rem;\">\n<div style=\"background: #2D6BE4; color: #fff; font-weight: 800; font-size: 16px; min-width: 42px; height: 42px; border-radius: 50%; display: flex; align-items: center; justify-content: center; flex-shrink: 0;\">01<\/div>\n<div>\n<p style=\"margin: 0 0 4px 0; font-weight: bold; color: #111827; font-size: 16px;\">Fa\u00e7a um diagn\u00f3stico do seu ecossistema atual<\/p>\n<p style=\"margin: 0; color: #6b7280; font-size: 16px; line-height: 1.5;\">Mapeie quais dados voc\u00ea coleta, quem os gera e quem realmente os usa. Identifique os silos de informa\u00e7\u00e3o existentes na organiza\u00e7\u00e3o.<\/p>\n<\/div>\n<\/div>\n<div style=\"background: #ffffff; border-radius: 10px; padding: 1rem 1.25rem; margin-bottom: 0.75rem; display: flex; align-items: flex-start; gap: 1rem;\">\n<div style=\"background: #2D6BE4; color: #fff; font-weight: 800; font-size: 16px; min-width: 42px; height: 42px; border-radius: 50%; display: flex; align-items: center; justify-content: center; flex-shrink: 0;\">02<\/div>\n<div>\n<p style=\"margin: 0 0 4px 0; font-weight: bold; color: #111827; font-size: 16px;\">Defina indicadores nas duas dimens\u00f5es<\/p>\n<p style=\"margin: 0; color: #6b7280; font-size: 16px; line-height: 1.5;\">Estabele\u00e7a m\u00e9tricas de respondent engagement e organizational engagement com linhas de base claras antes de implementar mudan\u00e7as.<\/p>\n<\/div>\n<\/div>\n<div style=\"background: #ffffff; border-radius: 10px; padding: 1rem 1.25rem; margin-bottom: 0.75rem; display: flex; align-items: flex-start; gap: 1rem;\">\n<div style=\"background: #2D6BE4; color: #fff; font-weight: 800; font-size: 16px; min-width: 42px; height: 42px; border-radius: 50%; display: flex; align-items: center; justify-content: center; flex-shrink: 0;\">03<\/div>\n<div>\n<p style=\"margin: 0 0 4px 0; font-weight: bold; color: #111827; font-size: 16px;\">Ative mecanismos de incentivo para participantes<\/p>\n<p style=\"margin: 0; color: #6b7280; font-size: 16px; line-height: 1.5;\">Implemente recompensas, gamifica\u00e7\u00e3o e Idea Boards para manter a motiva\u00e7\u00e3o da sua comunidade a longo prazo.<\/p>\n<\/div>\n<\/div>\n<div style=\"background: #ffffff; border-radius: 10px; padding: 1rem 1.25rem; margin-bottom: 0.75rem; display: flex; align-items: flex-start; gap: 1rem;\">\n<div style=\"background: #2D6BE4; color: #fff; font-weight: 800; font-size: 16px; min-width: 42px; height: 42px; border-radius: 50%; display: flex; align-items: center; justify-content: center; flex-shrink: 0;\">04<\/div>\n<div>\n<p style=\"margin: 0 0 4px 0; font-weight: bold; color: #111827; font-size: 16px;\">Centralize o conhecimento gerado<\/p>\n<p style=\"margin: 0; color: #6b7280; font-size: 16px; line-height: 1.5;\">Implemente um reposit\u00f3rio de insights onde todas as equipes autorizadas possam buscar, compartilhar e reutilizar pesquisas passadas e presentes.<\/p>\n<\/div>\n<\/div>\n<div style=\"background: #ffffff; border-radius: 10px; padding: 1rem 1.25rem; display: flex; align-items: flex-start; gap: 1rem;\">\n<div style=\"background: #2D6BE4; color: #fff; font-weight: 800; font-size: 16px; min-width: 42px; height: 42px; border-radius: 50%; display: flex; align-items: center; justify-content: center; flex-shrink: 0;\">05<\/div>\n<div>\n<p style=\"margin: 0 0 4px 0; font-weight: bold; color: #111827; font-size: 16px;\">Itere com base nos dados de engajamento<\/p>\n<p style=\"margin: 0; color: #6b7280; font-size: 16px; line-height: 1.5;\">Revise suas m\u00e9tricas trimestralmente e ajuste as estrat\u00e9gias de participa\u00e7\u00e3o e distribui\u00e7\u00e3o conforme o que os n\u00fameros mostrarem.<\/p>\n<\/div>\n<\/div>\n<\/div>\n<h2>Limita\u00e7\u00f5es reais do data engagement<\/h2>\n<p>Nenhuma estrat\u00e9gia de engajamento resolve todos os problemas de uma vez, e \u00e9 importante ser claro sobre o que o data engagement n\u00e3o pode fazer sozinho.<\/p>\n<p>A gamifica\u00e7\u00e3o funciona quando os participantes percebem valor real na sua contribui\u00e7\u00e3o, mas pode gerar comportamentos superficiais se os incentivos n\u00e3o estiverem bem calibrados. Um participante que responde pesquisas apenas para acumular pontos, sem ler as perguntas, degrada a qualidade dos dados. O equil\u00edbrio entre motiva\u00e7\u00e3o e rigor metodol\u00f3gico requer um design cuidadoso e revis\u00e3o peri\u00f3dica.<\/p>\n<p>Por outro lado, um reposit\u00f3rio centralizado de insights resolve o problema do acesso, mas n\u00e3o garante automaticamente que as equipes adotem o h\u00e1bito de consultar antes de decidir. A mudan\u00e7a cultural requer lideran\u00e7a expl\u00edcita e \u00e9 mais lenta do que a implementa\u00e7\u00e3o tecnol\u00f3gica.<\/p>\n<p>Por fim, o data engagement pressup\u00f5e que os dados coletados s\u00e3o de qualidade suficiente para informar decis\u00f5es. Se o instrumento de pesquisa for deficiente, com perguntas tendenciosas, amostra n\u00e3o representativa ou metodologia inadequada, nenhuma estrat\u00e9gia de distribui\u00e7\u00e3o interna pode compensar isso. A qualidade dos dados \u00e9 a pr\u00e9-condi\u00e7\u00e3o, n\u00e3o o resultado, do data engagement.<\/p>\n<h2>Conclus\u00e3o<\/h2>\n<p>O data engagement n\u00e3o \u00e9 uma ferramenta: \u00e9 a forma como as organiza\u00e7\u00f5es decidem se relacionar com suas informa\u00e7\u00f5es mais valiosas. Ignor\u00e1-lo significa investir em <a href=\"https:\/\/www.questionpro.com\/pt-br\/investigacao-de-mercado.html\">pesquisa de mercado<\/a> cujos resultados ningu\u00e9m usa, manter comunidades que perdem motiva\u00e7\u00e3o e tomar decis\u00f5es desconectadas da evid\u00eancia dispon\u00edvel.<\/p>\n<p>A QuestionPro projetou seu ecossistema de ferramentas especificamente para resolver os dois lados desse problema: o QuestionPro Communities com seu Engagement Meter, o LivePolls e o InsightsHub formam a infraestrutura completa para que a sua organiza\u00e7\u00e3o gere dados com alta participa\u00e7\u00e3o e os converta em decis\u00f5es reais. Quer saber como essas ferramentas podem transformar a forma como sua equipe trabalha com informa\u00e7\u00f5es? Fale com nosso time hoje.<\/p>\n\n\t<div class=\"banner-section wf-section\" lang=\"\" >\n\t\t<div class=\"right-column-container\">\n\t\t\t<div class=\"bannerbg white\">\n\t\t\t\t<span class=\"h1-2\">Crie experi\u00eancias memor\u00e1veis com base em dados em tempo real, insights e an\u00e1lises avan\u00e7adas<\/span>\n\t\t\t\t<a href=\"#userliteForm\" data-toggle=\"modal\" class=\"button w-button\">Agendar demo<\/a>\n\t\t\t<\/div>\n\t\t<\/div>\n\t<\/div>\n\t<div class=\"userlite-modal modal fade\" id=\"userliteForm\" tabindex=\"-1\" role=\"dialog\" style=\"display: none;\">\n\t\t<div class=\"modal-dialog\" role=\"document\">\n\t\t\t<div class=\"modal-content\" role=\"document\">\n\t\t\t\t<div class=\"modal-body\">\n\t\t\t\t\t<div class=\"modal-header\">\n\t\t\t\t\t\t<button type=\"button\" class=\"close\" data-dismiss=\"modal\" aria-label=\"Close\">\n\t\t\t\t\t\t\t<i class=\"material-icons\">close<\/i>\n\t\t\t\t\t\t<\/button>\n\t\t\t\t\t<\/div>\n\t\t\t\t\t<div class=\"contact-us-form-wrapper contact-box\">\n\t\t\t\t\t\t<div class=\"userlite-form-wrapper\">\n\t\t\t\t\t\t\t<iframe src=\"https:\/\/www.questionpro.com\/userlite-form-blog-portuguese.html?product=Surveys&amp;referralurl=https:\/\/www.questionpro.com\/blog\/pt-br\/wp-json\/wp\/v2\/posts\/&amp;lang=pt_br&amp;cat=pesquisa-de-mercado\" style=\"display: block;\" ><\/iframe>\n\t\t\t\t\t\t<\/div>\n\t\t\t\t\t\t<div class=\"demo-form-wrapper success-message-div\" style=\"display:none\">\n\t\t\t\t\t\t\t<p class=\"success-message-para\"><\/p>\n\t\t\t\t\t\t<\/div>\n\t\t\t\t\t<\/div>\n\t\t\t\t<\/div>\n\t\t\t<\/div>\n\t\t<\/div>\n\t<\/div>\n<div class=\"schema-faq wp-block-yoast-faq-block\">\n<div class=\"schema-faq-section\"><strong class=\"schema-faq-question\">Qual \u00e9 a diferen\u00e7a entre data engagement e an\u00e1lise de dados?<\/strong><\/p>\n<p class=\"schema-faq-answer\">A an\u00e1lise de dados \u00e9 o processo t\u00e9cnico de explorar, transformar e interpretar informa\u00e7\u00f5es para extrair conclus\u00f5es. O data engagement \u00e9 mais amplo: inclui tanto a motiva\u00e7\u00e3o dos participantes para gerar dados de qualidade quanto a ado\u00e7\u00e3o interna desses dados pelas equipes. Uma an\u00e1lise pode ser brilhante e ao mesmo tempo ter um data engagement nulo se ningu\u00e9m usar seus resultados para tomar decis\u00f5es concretas.<\/p>\n<\/div>\n<div class=\"schema-faq-section\"><strong class=\"schema-faq-question\">Como posso melhorar a taxa de resposta das minhas pesquisas?<\/strong><\/p>\n<p class=\"schema-faq-answer\">As principais estrat\u00e9gias incluem: encurtar o question\u00e1rio ao m\u00ednimo necess\u00e1rio, personalizar a comunica\u00e7\u00e3o de convite, oferecer incentivos tang\u00edveis como pontos ou reconhecimentos, usar gamifica\u00e7\u00e3o para tornar a experi\u00eancia mais atraente e manter os participantes informados sobre o impacto das suas respostas. Plataformas como o QuestionPro Communities permitem gerenciar todas essas estrat\u00e9gias de forma integrada e com m\u00e9tricas de acompanhamento em tempo real.<\/p>\n<\/div>\n<div class=\"schema-faq-section\"><strong class=\"schema-faq-question\">O que \u00e9 o Engagement Meter do QuestionPro Communities?<\/strong><\/p>\n<p class=\"schema-faq-answer\">O Engagement Meter \u00e9 uma funcionalidade do QuestionPro Communities que avalia o n\u00edvel de participa\u00e7\u00e3o de cada membro com base nas suas atividades: pesquisas conclu\u00eddas, coment\u00e1rios publicados, intera\u00e7\u00f5es em f\u00f3runs e ideias contribu\u00eddas. Gera uma pontua\u00e7\u00e3o individual que permite aos administradores identificar os membros mais ativos, detectar quem est\u00e1 em risco de abandono e projetar estrat\u00e9gias de reativa\u00e7\u00e3o personalizadas para cada segmento.<\/p>\n<\/div>\n<div class=\"schema-faq-section\"><strong class=\"schema-faq-question\">O que \u00e9 o InsightsHub e para que serve?<\/strong><\/p>\n<p class=\"schema-faq-answer\">O InsightsHub \u00e9 o reposit\u00f3rio corporativo da QuestionPro projetado para centralizar metodologias, dados e insights de pesquisa de forma estruturada e f\u00e1cil de pesquisar. Permite que qualquer departamento autorizado acesse pesquisas passadas e presentes sem depender de e-mails ou pastas desorganizadas. Seu objetivo \u00e9 eliminar os silos de informa\u00e7\u00e3o e garantir que o conhecimento gerado em cada ciclo de pesquisa seja reutiliz\u00e1vel por toda a organiza\u00e7\u00e3o, maximizando o retorno sobre o investimento de cada projeto.<\/p>\n<\/div>\n<div class=\"schema-faq-section\"><strong class=\"schema-faq-question\">O data engagement se aplica apenas \u00e0 pesquisa de mercado?<\/strong><\/p>\n<p class=\"schema-faq-answer\">N\u00e3o. O data engagement \u00e9 relevante para qualquer processo organizacional que gere dados e precise que esses dados sejam utilizados: pesquisa de mercado, pesquisas de satisfa\u00e7\u00e3o de clientes, estudos de experi\u00eancia do colaborador, pesquisa acad\u00eamica, feedback de produtos e avalia\u00e7\u00f5es internas. Qualquer organiza\u00e7\u00e3o que colete informa\u00e7\u00f5es de forma sistem\u00e1tica se beneficia de uma estrat\u00e9gia de data engagement que maximize tanto a participa\u00e7\u00e3o quanto a ado\u00e7\u00e3o interna.<\/p>\n<\/div>\n<\/div>\n","protected":false},"excerpt":{"rendered":"<p>Descubra o que \u00e9 data engagement, suas duas dimens\u00f5es e como a QuestionPro ajuda a maximizar a participa\u00e7\u00e3o e o uso interno dos seus dados.<\/p>\n","protected":false},"author":42,"featured_media":1089053,"comment_status":"closed","ping_status":"closed","sticky":false,"template":"","format":"standard","meta":{"_yoast_wpseo_focuskw":"data engagement","_yoast_wpseo_title":"Data engagement: o que \u00e9 e como impuls\u00e1-lo na sua organiza\u00e7\u00e3o","_yoast_wpseo_metadesc":"Descubra o que \u00e9 data engagement, suas duas dimens\u00f5es e como a QuestionPro ajuda a maximizar a participa\u00e7\u00e3o e o uso interno dos seus dados.","_genesis_hide_title":false,"_genesis_hide_breadcrumbs":false,"_genesis_hide_singular_image":false,"_genesis_hide_footer_widgets":false,"_genesis_custom_body_class":"","_genesis_custom_post_class":"","_genesis_layout":"","footnotes":""},"categories":[243],"tags":[],"yoast_head":"<!-- This site is optimized with the Yoast SEO plugin v20.4 - https:\/\/yoast.com\/wordpress\/plugins\/seo\/ -->\n<title>Data engagement: o que \u00e9 e como impuls\u00e1-lo na sua organiza\u00e7\u00e3o<\/title>\n<meta name=\"description\" content=\"Descubra o que \u00e9 data engagement, suas duas dimens\u00f5es e como a QuestionPro ajuda a maximizar a participa\u00e7\u00e3o e o uso interno dos seus dados.\" \/>\n<meta name=\"robots\" content=\"index, follow, max-snippet:-1, max-image-preview:large, max-video-preview:-1\" \/>\n<link rel=\"canonical\" href=\"https:\/\/www.questionpro.com\/blog\/pt-br\/data-engagement\/\" \/>\n<meta property=\"og:locale\" content=\"pt_BR\" \/>\n<meta property=\"og:type\" content=\"article\" \/>\n<meta property=\"og:title\" content=\"Data engagement: o que \u00e9 e como impuls\u00e1-lo na sua organiza\u00e7\u00e3o\" \/>\n<meta property=\"og:description\" content=\"Descubra o que \u00e9 data engagement, suas duas dimens\u00f5es e como a QuestionPro ajuda a maximizar a participa\u00e7\u00e3o e o uso interno dos seus dados.\" \/>\n<meta property=\"og:url\" content=\"https:\/\/www.questionpro.com\/blog\/pt-br\/data-engagement\/\" \/>\n<meta property=\"og:site_name\" content=\"QuestionPro\" \/>\n<meta property=\"article:publisher\" content=\"https:\/\/www.facebook.com\/questionpro\" \/>\n<meta property=\"article:published_time\" content=\"2026-08-27T11:00:00+00:00\" \/>\n<meta property=\"article:modified_time\" content=\"2026-07-23T00:40:37+00:00\" \/>\n<meta property=\"og:image\" content=\"https:\/\/www.questionpro.com\/blog\/wp-content\/uploads\/2026\/07\/cover-data-engagement-o-que-e-e-como-impulsiona-lo-na-s.jpg\" \/>\n\t<meta property=\"og:image:width\" content=\"1255\" \/>\n\t<meta property=\"og:image:height\" content=\"705\" \/>\n\t<meta property=\"og:image:type\" content=\"image\/jpeg\" \/>\n<meta name=\"author\" content=\"Cristina Ortega\" \/>\n<meta name=\"twitter:card\" content=\"summary_large_image\" \/>\n<meta name=\"twitter:creator\" content=\"@questionpro\" \/>\n<meta name=\"twitter:site\" content=\"@questionpro\" \/>\n<meta name=\"twitter:label1\" content=\"Escrito por\" \/>\n\t<meta name=\"twitter:data1\" content=\"Cristina Ortega\" \/>\n\t<meta name=\"twitter:label2\" content=\"Est. tempo de leitura\" \/>\n\t<meta name=\"twitter:data2\" content=\"11 minutos\" \/>\n<script type=\"application\/ld+json\" class=\"yoast-schema-graph\">{\"@context\":\"https:\/\/schema.org\",\"@graph\":[{\"@type\":\"Article\",\"@id\":\"https:\/\/www.questionpro.com\/blog\/pt-br\/data-engagement\/#article\",\"isPartOf\":{\"@id\":\"https:\/\/www.questionpro.com\/blog\/pt-br\/data-engagement\/\"},\"author\":{\"name\":\"Cristina Ortega\",\"@id\":\"https:\/\/www.questionpro.com\/blog\/pt-br\/#\/schema\/person\/36aae2d8eed7708b6408f95c0198593d\"},\"headline\":\"Data engagement: o que \u00e9, como medir e como impuls\u00e1-lo na sua organiza\u00e7\u00e3o\",\"datePublished\":\"2026-08-27T11:00:00+00:00\",\"dateModified\":\"2026-07-23T00:40:37+00:00\",\"mainEntityOfPage\":{\"@id\":\"https:\/\/www.questionpro.com\/blog\/pt-br\/data-engagement\/\"},\"wordCount\":2666,\"publisher\":{\"@id\":\"https:\/\/www.questionpro.com\/blog\/pt-br\/#organization\"},\"articleSection\":[\"Pesquisa de mercado\"],\"inLanguage\":\"pt-BR\"},{\"@type\":\"WebPage\",\"@id\":\"https:\/\/www.questionpro.com\/blog\/pt-br\/data-engagement\/\",\"url\":\"https:\/\/www.questionpro.com\/blog\/pt-br\/data-engagement\/\",\"name\":\"Data engagement: o que \u00e9 e como impuls\u00e1-lo na sua organiza\u00e7\u00e3o\",\"isPartOf\":{\"@id\":\"https:\/\/www.questionpro.com\/blog\/pt-br\/#website\"},\"datePublished\":\"2026-08-27T11:00:00+00:00\",\"dateModified\":\"2026-07-23T00:40:37+00:00\",\"description\":\"Descubra o que \u00e9 data engagement, suas duas dimens\u00f5es e como a QuestionPro ajuda a maximizar a participa\u00e7\u00e3o e o uso interno dos seus dados.\",\"breadcrumb\":{\"@id\":\"https:\/\/www.questionpro.com\/blog\/pt-br\/data-engagement\/#breadcrumb\"},\"inLanguage\":\"pt-BR\",\"potentialAction\":[{\"@type\":\"ReadAction\",\"target\":[\"https:\/\/www.questionpro.com\/blog\/pt-br\/data-engagement\/\"]}]},{\"@type\":\"BreadcrumbList\",\"@id\":\"https:\/\/www.questionpro.com\/blog\/pt-br\/data-engagement\/#breadcrumb\",\"itemListElement\":[{\"@type\":\"ListItem\",\"position\":1,\"name\":\"In\u00edcio\",\"item\":\"https:\/\/www.questionpro.com\/blog\/pt-br\/\"},{\"@type\":\"ListItem\",\"position\":2,\"name\":\"Pesquisa de mercado\",\"item\":\"https:\/\/www.questionpro.com\/blog\/pt-br\/category\/pesquisa-de-mercado\/\"},{\"@type\":\"ListItem\",\"position\":3,\"name\":\"Data engagement: o que \u00e9, como medir e como impuls\u00e1-lo na sua organiza\u00e7\u00e3o\"}]},{\"@type\":\"WebSite\",\"@id\":\"https:\/\/www.questionpro.com\/blog\/pt-br\/#website\",\"url\":\"https:\/\/www.questionpro.com\/blog\/pt-br\/\",\"name\":\"QuestionPro\",\"description\":\"\",\"publisher\":{\"@id\":\"https:\/\/www.questionpro.com\/blog\/pt-br\/#organization\"},\"potentialAction\":[{\"@type\":\"SearchAction\",\"target\":{\"@type\":\"EntryPoint\",\"urlTemplate\":\"https:\/\/www.questionpro.com\/blog\/pt-br\/?s={search_term_string}\"},\"query-input\":\"required name=search_term_string\"}],\"inLanguage\":\"pt-BR\"},{\"@type\":\"Organization\",\"@id\":\"https:\/\/www.questionpro.com\/blog\/pt-br\/#organization\",\"name\":\"QuestionPro\",\"url\":\"https:\/\/www.questionpro.com\/blog\/pt-br\/\",\"logo\":{\"@type\":\"ImageObject\",\"inLanguage\":\"pt-BR\",\"@id\":\"https:\/\/www.questionpro.com\/blog\/pt-br\/#\/schema\/logo\/image\/\",\"url\":\"https:\/\/www.questionpro.com\/blog\/wp-content\/uploads\/2022\/10\/questionpro-logo.svg\",\"contentUrl\":\"https:\/\/www.questionpro.com\/blog\/wp-content\/uploads\/2022\/10\/questionpro-logo.svg\",\"caption\":\"QuestionPro\"},\"image\":{\"@id\":\"https:\/\/www.questionpro.com\/blog\/pt-br\/#\/schema\/logo\/image\/\"},\"sameAs\":[\"https:\/\/www.facebook.com\/questionpro\",\"https:\/\/twitter.com\/questionpro\",\"https:\/\/www.linkedin.com\/company\/questionpro\/\"]},{\"@type\":\"Person\",\"@id\":\"https:\/\/www.questionpro.com\/blog\/pt-br\/#\/schema\/person\/36aae2d8eed7708b6408f95c0198593d\",\"name\":\"Cristina Ortega\",\"image\":{\"@type\":\"ImageObject\",\"inLanguage\":\"pt-BR\",\"@id\":\"https:\/\/www.questionpro.com\/blog\/pt-br\/#\/schema\/person\/image\/\",\"url\":\"https:\/\/secure.gravatar.com\/avatar\/49635f2181bfe83c436d50b9a8bf1f2e?s=96&d=mm&r=g\",\"contentUrl\":\"https:\/\/secure.gravatar.com\/avatar\/49635f2181bfe83c436d50b9a8bf1f2e?s=96&d=mm&r=g\",\"caption\":\"Cristina Ortega\"},\"url\":\"https:\/\/www.questionpro.com\/blog\/pt-br\/author\/cristinaortega\/\"}]}<\/script>\n<!-- \/ Yoast SEO plugin. -->","yoast_head_json":{"title":"Data engagement: o que \u00e9 e como impuls\u00e1-lo na sua organiza\u00e7\u00e3o","description":"Descubra o que \u00e9 data engagement, suas duas dimens\u00f5es e como a QuestionPro ajuda a maximizar a participa\u00e7\u00e3o e o uso interno dos seus dados.","robots":{"index":"index","follow":"follow","max-snippet":"max-snippet:-1","max-image-preview":"max-image-preview:large","max-video-preview":"max-video-preview:-1"},"canonical":"https:\/\/www.questionpro.com\/blog\/pt-br\/data-engagement\/","og_locale":"pt_BR","og_type":"article","og_title":"Data engagement: o que \u00e9 e como impuls\u00e1-lo na sua organiza\u00e7\u00e3o","og_description":"Descubra o que \u00e9 data engagement, suas duas dimens\u00f5es e como a QuestionPro ajuda a maximizar a participa\u00e7\u00e3o e o uso interno dos seus dados.","og_url":"https:\/\/www.questionpro.com\/blog\/pt-br\/data-engagement\/","og_site_name":"QuestionPro","article_publisher":"https:\/\/www.facebook.com\/questionpro","article_published_time":"2026-08-27T11:00:00+00:00","article_modified_time":"2026-07-23T00:40:37+00:00","og_image":[{"width":1255,"height":705,"url":"https:\/\/www.questionpro.com\/blog\/wp-content\/uploads\/2026\/07\/cover-data-engagement-o-que-e-e-como-impulsiona-lo-na-s.jpg","type":"image\/jpeg"}],"author":"Cristina Ortega","twitter_card":"summary_large_image","twitter_creator":"@questionpro","twitter_site":"@questionpro","twitter_misc":{"Escrito por":"Cristina Ortega","Est. tempo de leitura":"11 minutos"},"schema":{"@context":"https:\/\/schema.org","@graph":[{"@type":"Article","@id":"https:\/\/www.questionpro.com\/blog\/pt-br\/data-engagement\/#article","isPartOf":{"@id":"https:\/\/www.questionpro.com\/blog\/pt-br\/data-engagement\/"},"author":{"name":"Cristina Ortega","@id":"https:\/\/www.questionpro.com\/blog\/pt-br\/#\/schema\/person\/36aae2d8eed7708b6408f95c0198593d"},"headline":"Data engagement: o que \u00e9, como medir e como impuls\u00e1-lo na sua organiza\u00e7\u00e3o","datePublished":"2026-08-27T11:00:00+00:00","dateModified":"2026-07-23T00:40:37+00:00","mainEntityOfPage":{"@id":"https:\/\/www.questionpro.com\/blog\/pt-br\/data-engagement\/"},"wordCount":2666,"publisher":{"@id":"https:\/\/www.questionpro.com\/blog\/pt-br\/#organization"},"articleSection":["Pesquisa de mercado"],"inLanguage":"pt-BR"},{"@type":"WebPage","@id":"https:\/\/www.questionpro.com\/blog\/pt-br\/data-engagement\/","url":"https:\/\/www.questionpro.com\/blog\/pt-br\/data-engagement\/","name":"Data engagement: o que \u00e9 e como impuls\u00e1-lo na sua organiza\u00e7\u00e3o","isPartOf":{"@id":"https:\/\/www.questionpro.com\/blog\/pt-br\/#website"},"datePublished":"2026-08-27T11:00:00+00:00","dateModified":"2026-07-23T00:40:37+00:00","description":"Descubra o que \u00e9 data engagement, suas duas dimens\u00f5es e como a QuestionPro ajuda a maximizar a participa\u00e7\u00e3o e o uso interno dos seus dados.","breadcrumb":{"@id":"https:\/\/www.questionpro.com\/blog\/pt-br\/data-engagement\/#breadcrumb"},"inLanguage":"pt-BR","potentialAction":[{"@type":"ReadAction","target":["https:\/\/www.questionpro.com\/blog\/pt-br\/data-engagement\/"]}]},{"@type":"BreadcrumbList","@id":"https:\/\/www.questionpro.com\/blog\/pt-br\/data-engagement\/#breadcrumb","itemListElement":[{"@type":"ListItem","position":1,"name":"In\u00edcio","item":"https:\/\/www.questionpro.com\/blog\/pt-br\/"},{"@type":"ListItem","position":2,"name":"Pesquisa de mercado","item":"https:\/\/www.questionpro.com\/blog\/pt-br\/category\/pesquisa-de-mercado\/"},{"@type":"ListItem","position":3,"name":"Data engagement: o que \u00e9, como medir e como impuls\u00e1-lo na sua organiza\u00e7\u00e3o"}]},{"@type":"WebSite","@id":"https:\/\/www.questionpro.com\/blog\/pt-br\/#website","url":"https:\/\/www.questionpro.com\/blog\/pt-br\/","name":"QuestionPro","description":"","publisher":{"@id":"https:\/\/www.questionpro.com\/blog\/pt-br\/#organization"},"potentialAction":[{"@type":"SearchAction","target":{"@type":"EntryPoint","urlTemplate":"https:\/\/www.questionpro.com\/blog\/pt-br\/?s={search_term_string}"},"query-input":"required name=search_term_string"}],"inLanguage":"pt-BR"},{"@type":"Organization","@id":"https:\/\/www.questionpro.com\/blog\/pt-br\/#organization","name":"QuestionPro","url":"https:\/\/www.questionpro.com\/blog\/pt-br\/","logo":{"@type":"ImageObject","inLanguage":"pt-BR","@id":"https:\/\/www.questionpro.com\/blog\/pt-br\/#\/schema\/logo\/image\/","url":"https:\/\/www.questionpro.com\/blog\/wp-content\/uploads\/2022\/10\/questionpro-logo.svg","contentUrl":"https:\/\/www.questionpro.com\/blog\/wp-content\/uploads\/2022\/10\/questionpro-logo.svg","caption":"QuestionPro"},"image":{"@id":"https:\/\/www.questionpro.com\/blog\/pt-br\/#\/schema\/logo\/image\/"},"sameAs":["https:\/\/www.facebook.com\/questionpro","https:\/\/twitter.com\/questionpro","https:\/\/www.linkedin.com\/company\/questionpro\/"]},{"@type":"Person","@id":"https:\/\/www.questionpro.com\/blog\/pt-br\/#\/schema\/person\/36aae2d8eed7708b6408f95c0198593d","name":"Cristina Ortega","image":{"@type":"ImageObject","inLanguage":"pt-BR","@id":"https:\/\/www.questionpro.com\/blog\/pt-br\/#\/schema\/person\/image\/","url":"https:\/\/secure.gravatar.com\/avatar\/49635f2181bfe83c436d50b9a8bf1f2e?s=96&d=mm&r=g","contentUrl":"https:\/\/secure.gravatar.com\/avatar\/49635f2181bfe83c436d50b9a8bf1f2e?s=96&d=mm&r=g","caption":"Cristina Ortega"},"url":"https:\/\/www.questionpro.com\/blog\/pt-br\/author\/cristinaortega\/"}]}},"featured_image_src":"https:\/\/www.questionpro.com\/blog\/wp-content\/uploads\/2026\/07\/cover-data-engagement-o-que-e-e-como-impulsiona-lo-na-s-600x400.jpg","featured_image_src_square":"https:\/\/www.questionpro.com\/blog\/wp-content\/uploads\/2026\/07\/cover-data-engagement-o-que-e-e-como-impulsiona-lo-na-s-600x600.jpg","author_info":{"display_name":"Cristina Ortega","author_link":"https:\/\/www.questionpro.com\/blog\/pt-br\/author\/cristinaortega\/"},"_links":{"self":[{"href":"https:\/\/www.questionpro.com\/blog\/pt-br\/wp-json\/wp\/v2\/posts\/1089031"}],"collection":[{"href":"https:\/\/www.questionpro.com\/blog\/pt-br\/wp-json\/wp\/v2\/posts"}],"about":[{"href":"https:\/\/www.questionpro.com\/blog\/pt-br\/wp-json\/wp\/v2\/types\/post"}],"author":[{"embeddable":true,"href":"https:\/\/www.questionpro.com\/blog\/pt-br\/wp-json\/wp\/v2\/users\/42"}],"replies":[{"embeddable":true,"href":"https:\/\/www.questionpro.com\/blog\/pt-br\/wp-json\/wp\/v2\/comments?post=1089031"}],"version-history":[{"count":3,"href":"https:\/\/www.questionpro.com\/blog\/pt-br\/wp-json\/wp\/v2\/posts\/1089031\/revisions"}],"predecessor-version":[{"id":1096977,"href":"https:\/\/www.questionpro.com\/blog\/pt-br\/wp-json\/wp\/v2\/posts\/1089031\/revisions\/1096977"}],"wp:featuredmedia":[{"embeddable":true,"href":"https:\/\/www.questionpro.com\/blog\/pt-br\/wp-json\/wp\/v2\/media\/1089053"}],"wp:attachment":[{"href":"https:\/\/www.questionpro.com\/blog\/pt-br\/wp-json\/wp\/v2\/media?parent=1089031"}],"wp:term":[{"taxonomy":"category","embeddable":true,"href":"https:\/\/www.questionpro.com\/blog\/pt-br\/wp-json\/wp\/v2\/categories?post=1089031"},{"taxonomy":"post_tag","embeddable":true,"href":"https:\/\/www.questionpro.com\/blog\/pt-br\/wp-json\/wp\/v2\/tags?post=1089031"}],"curies":[{"name":"wp","href":"https:\/\/api.w.org\/{rel}","templated":true}]}},{"id":1088925,"date":"2026-08-26T04:00:00","date_gmt":"2026-08-26T11:00:00","guid":{"rendered":"https:\/\/www.questionpro.com\/blog\/?p=1088925"},"modified":"2026-07-22T17:39:50","modified_gmt":"2026-07-23T00:39:50","slug":"vieses-estatisticos","status":"publish","type":"post","link":"https:\/\/www.questionpro.com\/blog\/pt-br\/vieses-estatisticos\/","title":{"rendered":"Vieses estat\u00edsticos: o que s\u00e3o, tipos e como evit\u00e1-los"},"content":{"rendered":"<p>Projetar uma pesquisa rigorosa \u00e9 dif\u00edcil. Mas o que mais frustra n\u00e3o \u00e9 a falta de dados: \u00e9 descobrir, depois de semanas de trabalho, que os resultados estavam distorcidos desde o in\u00edcio. \u00c9 exatamente isso que acontece quando os <strong>vieses estat\u00edsticos<\/strong> se infiltram no processo sem que ningu\u00e9m os detecte a tempo.<\/p>\n<p>Neste guia voc\u00ea vai encontrar o que s\u00e3o, por que aparecem, quais s\u00e3o os mais comuns e, principalmente, como evit\u00e1-los antes que comprometam a validade da sua pesquisa. Se voc\u00ea trabalha com <a href=\"https:\/\/www.questionpro.com\/pt-br\/investigacao-de-mercado.html\">pesquisa de mercado<\/a>, experi\u00eancia do cliente, recursos humanos ou qualquer \u00e1rea em que os dados guiam decis\u00f5es, isso \u00e9 para voc\u00ea.<\/p>\n<style>.qp-art-summary[open] .qp-art-arrow{transform:rotate(180deg)}.qp-art-arrow{transition:transform 0.25s ease;display:inline-block;}<\/style>\n<details class=\"qp-art-summary\" style=\"background: #f8faff; border: 2px solid #2D6BE4; border-radius: 12px; margin: 1.5rem 0; font-family: Arial,sans-serif; overflow: hidden;\">\n<summary style=\"background: #1a2b5e; color: #ffffff; padding: 1rem 1.25rem; cursor: pointer; font-size: 16px; font-weight: bold; list-style: none; display: flex; align-items: center; gap: 10px; margin: 0;\"><span style=\"font-size: 20px; line-height: 1; flex-shrink: 0;\">\ud83d\udc41<\/span> Resumo do artigo<span class=\"qp-art-arrow\" style=\"margin-left: auto; font-size: 13px; opacity: 0.75;\">\u25bc<\/span><\/summary>\n<ul style=\"margin: 0; padding: 1rem 1.5rem; list-style: none;\">\n<li style=\"padding: 0.6rem 0; border-bottom: 1px solid #e5e7eb; color: #374151; font-size: 15px; line-height: 1.6; display: flex; gap: 10px; align-items: flex-start;\"><span style=\"color: #2d6be4; font-weight: bold; flex-shrink: 0; margin-top: 2px;\">\u2713<\/span> Um vi\u00e9s estat\u00edstico \u00e9 um desvio sistem\u00e1tico que afasta os resultados da realidade, comprometendo a validade de qualquer pesquisa.<\/li>\n<li style=\"padding: 0.6rem 0; border-bottom: 1px solid #e5e7eb; color: #374151; font-size: 15px; line-height: 1.6; display: flex; gap: 10px; align-items: flex-start;\"><span style=\"color: #2d6be4; font-weight: bold; flex-shrink: 0; margin-top: 2px;\">\u2713<\/span> Os tipos mais comuns incluem vi\u00e9s de sele\u00e7\u00e3o, vi\u00e9s de resposta, vi\u00e9s de ordem, vi\u00e9s do sobrevivente, vi\u00e9s de confirma\u00e7\u00e3o e vi\u00e9s de vari\u00e1vel omitida.<\/li>\n<li style=\"padding: 0.6rem 0; border-bottom: 1px solid #e5e7eb; color: #374151; font-size: 15px; line-height: 1.6; display: flex; gap: 10px; align-items: flex-start;\"><span style=\"color: #2d6be4; font-weight: bold; flex-shrink: 0; margin-top: 2px;\">\u2713<\/span> Os vieses se originam no design do estudo, na sele\u00e7\u00e3o da amostra, no instrumento de coleta ou na forma como os dados s\u00e3o analisados.<\/li>\n<li style=\"padding: 0.6rem 0; border-bottom: 1px solid #e5e7eb; color: #374151; font-size: 15px; line-height: 1.6; display: flex; gap: 10px; align-items: flex-start;\"><span style=\"color: #2d6be4; font-weight: bold; flex-shrink: 0; margin-top: 2px;\">\u2713<\/span> Detect\u00e1-los exige revis\u00e3o do design, testes-piloto, an\u00e1lise de padr\u00f5es de resposta e pondera\u00e7\u00e3o estat\u00edstica ap\u00f3s o campo.<\/li>\n<li style=\"padding: 0.6rem 0; color: #374151; font-size: 15px; line-height: 1.6; display: flex; gap: 10px; align-items: flex-start;\"><span style=\"color: #2d6be4; font-weight: bold; flex-shrink: 0; margin-top: 2px;\">\u2713<\/span> O QuestionPro tem uma arquitetura de m\u00faltiplas camadas que mitiga vieses estat\u00edsticos ao longo de todo o ciclo de pesquisa.<\/li>\n<\/ul>\n<\/details>\n\n<h2>O que s\u00e3o vieses estat\u00edsticos?<\/h2>\n<p>Um vi\u00e9s estat\u00edstico \u00e9 um desvio sistem\u00e1tico e persistente entre os resultados de uma pesquisa e a realidade que se pretende medir. N\u00e3o \u00e9 um erro aleat\u00f3rio que desaparece ao aumentar o tamanho da amostra: \u00e9 um erro estrutural que empurra os resultados sempre na mesma dire\u00e7\u00e3o.<\/p>\n<p>A diferen\u00e7a \u00e9 importante. O ru\u00eddo aleat\u00f3rio se dilui com mais dados. O vi\u00e9s n\u00e3o. Se o design da sua pesquisa favorece sistematicamente certas respostas, adicionar mais respondentes s\u00f3 amplifica o problema. Por isso, entender os vieses estat\u00edsticos n\u00e3o \u00e9 um detalhe t\u00e9cnico reservado a estat\u00edsticos: \u00e9 uma compet\u00eancia b\u00e1sica para qualquer pessoa que tome decis\u00f5es baseadas em dados.<\/p>\n<p>Sabe o que acontece? A maioria dos estudos que geram conclus\u00f5es incorretas n\u00e3o falha por falta de dados, mas por vieses que ningu\u00e9m detectou a tempo. A desconfian\u00e7a nos dados que isso gera tem consequ\u00eancias concretas para as organiza\u00e7\u00f5es.<\/p>\n<div style=\"background: #f8faff; border-left: 5px solid #2D6BE4; border-radius: 0 12px 12px 0; padding: 1.25rem 1.5rem; margin: 1.5rem 0; font-family: Arial,sans-serif;\">\n<p style=\"font-size: 26px; font-weight: 800; color: #1a2b5e; margin: 0 0 6px 0;\">67%<\/p>\n<p style=\"font-size: 15px; color: #374151; margin: 0 0 8px 0; line-height: 1.5;\">das organiza\u00e7\u00f5es afirma que n\u00e3o confia completamente em seus dados para tomar decis\u00f5es, um aumento significativo em rela\u00e7\u00e3o aos 55% registrados no ano anterior.<\/p>\n<p style=\"font-size: 13px; color: #6b7280; margin: 0;\">Fonte: Precisely e Drexel University LeBow College of Business, 2024<\/p>\n<\/div>\n<p>Esse n\u00famero n\u00e3o \u00e9 por acaso. Reflete o impacto acumulado de dados contaminados por vieses estat\u00edsticos que nunca foram identificados nem corrigidos. Quando a desconfian\u00e7a nos dados se instala, as decis\u00f5es passam a ser tomadas por intui\u00e7\u00e3o, n\u00e3o por evid\u00eancia.<\/p>\n<h2>Tipos de vieses estat\u00edsticos mais comuns<\/h2>\n<p>Nem todos os vieses t\u00eam a mesma origem nem o mesmo mecanismo. Conhec\u00ea-los separadamente \u00e9 o primeiro passo para combat\u00ea-los:<\/p>\n<h3>Vi\u00e9s de sele\u00e7\u00e3o<\/h3>\n<p>Ocorre quando a amostra n\u00e3o representa fielmente a popula\u00e7\u00e3o-alvo. Se voc\u00ea pesquisa apenas quem responde voluntariamente online, est\u00e1 excluindo automaticamente pessoas sem acesso digital, mais velhas ou de contextos rurais. O resultado vai refletir esse subgrupo, n\u00e3o o universo completo.<\/p>\n<p>Um exemplo concreto: pesquisas de satisfa\u00e7\u00e3o que s\u00f3 recebem respostas de clientes muito satisfeitos ou muito insatisfeitos. A faixa intermedi\u00e1ria, que costuma ser a maioria, fica invis\u00edvel. A conclus\u00e3o parece polarizada quando na verdade n\u00e3o \u00e9.<\/p>\n<p>A chave para prevenir esse vi\u00e9s est\u00e1 em definir crit\u00e9rios de inclus\u00e3o claros antes de abrir o campo e usar canais que alcancem todos os subgrupos relevantes do universo de estudo.<\/p>\n<h3>Vi\u00e9s de resposta<\/h3>\n<p>Acontece quando os respondentes respondem de um jeito que n\u00e3o reflete sua opini\u00e3o real. As causas s\u00e3o diversas: querer causar boa impress\u00e3o ao entrevistador (vi\u00e9s de desejabilidade social), tender a responder &#8220;sim&#8221; a qualquer pergunta (aquiesc\u00eancia) ou marcar sempre o mesmo ponto em escalas de avalia\u00e7\u00e3o (respostas em padr\u00e3o).<\/p>\n<p>Mas aten\u00e7\u00e3o: esse vi\u00e9s \u00e9 especialmente prejudicial porque n\u00e3o se detecta facilmente nos dados. Os n\u00fameros parecem consistentes e o question\u00e1rio parece bem respondido, mas a informa\u00e7\u00e3o capturada n\u00e3o \u00e9 verdadeira.<\/p>\n<p>Perguntas de controle, afirma\u00e7\u00f5es invertidas e monitoramento de tempos de resposta s\u00e3o ferramentas b\u00e1sicas para identific\u00e1-lo e mitig\u00e1-lo.<\/p>\n<h3>Vi\u00e9s de ordem<\/h3>\n<p>A ordem em que as perguntas aparecem, ou as op\u00e7\u00f5es de resposta dentro de cada pergunta, influencia como o respondente responde. Uma pergunta inicial sobre pre\u00e7o sensibiliza o participante antes de ele avaliar a qualidade, distorcendo ambas as respostas. Da mesma forma, as primeiras op\u00e7\u00f5es de uma lista t\u00eam mais chance de ser escolhidas do que as \u00faltimas, mesmo quando todas s\u00e3o equivalentes.<\/p>\n<p>Esse vi\u00e9s \u00e9 particularmente trai\u00e7oeiro porque seu efeito \u00e9 invis\u00edvel se a ordem n\u00e3o variar entre os participantes. A aleatoriza\u00e7\u00e3o \u00e9 a solu\u00e7\u00e3o padr\u00e3o.<\/p>\n<h3>Vi\u00e9s do sobrevivente<\/h3>\n<p>Acontece quando a an\u00e1lise se concentra apenas nos casos que &#8220;sobreviveram&#8221; ou chegaram a ser observ\u00e1veis, ignorando os que n\u00e3o chegaram. Um estudo sobre startups bem-sucedidas que n\u00e3o considera as que faliram produz conclus\u00f5es sobre fatores de sucesso que s\u00e3o, na verdade, fatores de visibilidade: voc\u00ea s\u00f3 v\u00ea o que sobreviveu para contar.<\/p>\n<h3>Vi\u00e9s de confirma\u00e7\u00e3o<\/h3>\n<p>Aparece quando o design da pesquisa, a sele\u00e7\u00e3o dos dados ou sua interpreta\u00e7\u00e3o s\u00e3o guiados por uma hip\u00f3tese preexistente que o pesquisador quer validar. Nem sempre \u00e9 consciente ou intencional, mas o resultado \u00e9 o mesmo: os dados s\u00e3o lidos com base no que j\u00e1 se acreditava, n\u00e3o o contr\u00e1rio.<\/p>\n<p>Estabelecer hip\u00f3teses alternativas antes de analisar os dados, e se comprometer a report\u00e1-las independentemente do resultado, \u00e9 a melhor defesa contra ele.<\/p>\n<h3>Vi\u00e9s de vari\u00e1vel omitida<\/h3>\n<p>Acontece quando uma vari\u00e1vel relevante n\u00e3o \u00e9 inclu\u00edda no modelo ou no question\u00e1rio. Se voc\u00ea mede o desempenho de uma equipe sem considerar os recursos que ela tem dispon\u00edveis, o resultado vai dizer algo verdadeiro sobre o desempenho observado, mas algo incompleto, e possivelmente enganoso, sobre o desempenho real.<\/p>\n<div style=\"background: #f8faff; border-left: 5px solid #2D6BE4; border-radius: 0 12px 12px 0; padding: 1.25rem 1.5rem; margin: 1.5rem 0; font-family: Arial,sans-serif;\">\n<p style=\"font-size: 26px; font-weight: 800; color: #1a2b5e; margin: 0 0 6px 0;\">64%<\/p>\n<p style=\"font-size: 15px; color: #374151; margin: 0 0 8px 0; line-height: 1.5;\">das organiza\u00e7\u00f5es aponta a qualidade dos dados como seu principal desafio em termos de integridade da informa\u00e7\u00e3o, acima de governan\u00e7a e privacidade de dados.<\/p>\n<p style=\"font-size: 13px; color: #6b7280; margin: 0;\">Fonte: Precisely e Drexel University LeBow College of Business, 2024<\/p>\n<\/div>\n<p>A correla\u00e7\u00e3o entre esses tipos de vi\u00e9s e os problemas de qualidade de dados \u00e9 direta: a maioria dos erros de integridade que as organiza\u00e7\u00f5es enfrentam n\u00e3o vem de falhas t\u00e9cnicas nos sistemas, mas de vieses n\u00e3o detectados durante a coleta ou o processamento das informa\u00e7\u00f5es.<\/p>\n<h2>Causas principais dos vieses estat\u00edsticos<\/h2>\n<p>Os vieses n\u00e3o aparecem por acidente: t\u00eam causas identific\u00e1veis que se distribuem ao longo de todo o processo de pesquisa. Conhec\u00ea-las permite intervir no momento certo.<\/p>\n<p>Continue lendo, porque este trecho \u00e9 o de maior valor pr\u00e1tico para quem projeta pesquisas ou question\u00e1rios:<\/p>\n<ul>\n<li><strong>Design deficiente do instrumento:<\/strong> perguntas amb\u00edguas, carregadas ou com dupla nega\u00e7\u00e3o que induzem determinadas respostas. Uma pergunta como &#8220;Voc\u00ea n\u00e3o acha que o servi\u00e7o poderia melhorar?&#8221; j\u00e1 cont\u00e9m a resposta que espera obter.<\/li>\n<li><strong>Amostragem n\u00e3o representativa:<\/strong> usar um painel de conveni\u00eancia, limitar o canal de distribui\u00e7\u00e3o ou definir mal os crit\u00e9rios de inclus\u00e3o produz amostras que n\u00e3o refletem o universo do estudo.<\/li>\n<li><strong>Efeito do entrevistador:<\/strong> em pesquisas com entrevistadores presenciais, a presen\u00e7a, o tom ou a linguagem n\u00e3o verbal do entrevistador pode modificar as respostas do participante de forma sistem\u00e1tica.<\/li>\n<li><strong>Falta de anonimato percebido:<\/strong> se os participantes sentem que podem ser identificados, ajustam suas respostas em dire\u00e7\u00e3o ao socialmente aceit\u00e1vel. N\u00e3o importa se o estudo \u00e9 realmente an\u00f4nimo: o que conta \u00e9 se o participante percebe assim.<\/li>\n<li><strong>Erros no processamento dos dados:<\/strong> a omiss\u00e3o de outliers sem justificativa, a imputa\u00e7\u00e3o incorreta de dados ausentes ou o uso de m\u00e9dias onde deveria ser usada a mediana tamb\u00e9m introduzem vi\u00e9s na fase anal\u00edtica.<\/li>\n<\/ul>\n<p>Note que v\u00e1rias dessas causas s\u00e3o control\u00e1veis antes do lan\u00e7amento do estudo. O vi\u00e9s estat\u00edstico \u00e9, em grande medida, um problema de design, n\u00e3o de an\u00e1lise.<\/p>\n<div style=\"background: #1a2b5e; border-radius: 16px; padding: 2rem; margin: 2rem 0; font-family: Arial,sans-serif;\">\n<p style=\"text-align: center; color: #ffffff; font-size: 16px; font-weight: bold; margin: 0 0 1.5rem 0; letter-spacing: 1px; text-transform: uppercase;\">De onde v\u00eam os vieses estat\u00edsticos<\/p>\n<div style=\"background: #ffffff; border-radius: 10px; padding: 1rem 1.25rem; margin-bottom: 0.75rem; display: flex; align-items: flex-start; gap: 1rem;\">\n<div style=\"background: #2D6BE4; color: #fff; font-weight: 800; font-size: 16px; min-width: 42px; height: 42px; border-radius: 50%; display: flex; align-items: center; justify-content: center; flex-shrink: 0;\">01<\/div>\n<div>\n<p style=\"margin: 0 0 4px 0; font-weight: bold; color: #111827; font-size: 16px;\">Design do estudo<\/p>\n<p style=\"margin: 0; color: #6b7280; font-size: 16px; line-height: 1.5;\">Hip\u00f3teses mal formuladas, escopo mal definido, perguntas indutivas no question\u00e1rio.<\/p>\n<\/div>\n<\/div>\n<div style=\"background: #ffffff; border-radius: 10px; padding: 1rem 1.25rem; margin-bottom: 0.75rem; display: flex; align-items: flex-start; gap: 1rem;\">\n<div style=\"background: #2D6BE4; color: #fff; font-weight: 800; font-size: 16px; min-width: 42px; height: 42px; border-radius: 50%; display: flex; align-items: center; justify-content: center; flex-shrink: 0;\">02<\/div>\n<div>\n<p style=\"margin: 0 0 4px 0; font-weight: bold; color: #111827; font-size: 16px;\">Sele\u00e7\u00e3o da amostra<\/p>\n<p style=\"margin: 0; color: #6b7280; font-size: 16px; line-height: 1.5;\">Amostragem por conveni\u00eancia, exclus\u00e3o involunt\u00e1ria de subgrupos, tamanho de amostra insuficiente.<\/p>\n<\/div>\n<\/div>\n<div style=\"background: #ffffff; border-radius: 10px; padding: 1rem 1.25rem; margin-bottom: 0.75rem; display: flex; align-items: flex-start; gap: 1rem;\">\n<div style=\"background: #2D6BE4; color: #fff; font-weight: 800; font-size: 16px; min-width: 42px; height: 42px; border-radius: 50%; display: flex; align-items: center; justify-content: center; flex-shrink: 0;\">03<\/div>\n<div>\n<p style=\"margin: 0 0 4px 0; font-weight: bold; color: #111827; font-size: 16px;\">Coleta de dados<\/p>\n<p style=\"margin: 0; color: #6b7280; font-size: 16px; line-height: 1.5;\">Ordem das perguntas, efeito do entrevistador, falta de anonimato percebido, respostas autom\u00e1ticas.<\/p>\n<\/div>\n<\/div>\n<div style=\"background: #ffffff; border-radius: 10px; padding: 1rem 1.25rem; margin-bottom: 0.75rem; display: flex; align-items: flex-start; gap: 1rem;\">\n<div style=\"background: #2D6BE4; color: #fff; font-weight: 800; font-size: 16px; min-width: 42px; height: 42px; border-radius: 50%; display: flex; align-items: center; justify-content: center; flex-shrink: 0;\">04<\/div>\n<div>\n<p style=\"margin: 0 0 4px 0; font-weight: bold; color: #111827; font-size: 16px;\">Processamento e an\u00e1lise<\/p>\n<p style=\"margin: 0; color: #6b7280; font-size: 16px; line-height: 1.5;\">Omiss\u00e3o de outliers sem justificativa, imputa\u00e7\u00e3o incorreta de dados ausentes, uso inadequado de m\u00e9dias.<\/p>\n<\/div>\n<\/div>\n<div style=\"background: #ffffff; border-radius: 10px; padding: 1rem 1.25rem; display: flex; align-items: flex-start; gap: 1rem;\">\n<div style=\"background: #2D6BE4; color: #fff; font-weight: 800; font-size: 16px; min-width: 42px; height: 42px; border-radius: 50%; display: flex; align-items: center; justify-content: center; flex-shrink: 0;\">05<\/div>\n<div>\n<p style=\"margin: 0 0 4px 0; font-weight: bold; color: #111827; font-size: 16px;\">Interpreta\u00e7\u00e3o dos resultados<\/p>\n<p style=\"margin: 0; color: #6b7280; font-size: 16px; line-height: 1.5;\">Vi\u00e9s de confirma\u00e7\u00e3o, sele\u00e7\u00e3o tendenciosa de correla\u00e7\u00f5es, generaliza\u00e7\u00e3o indevida dos achados.<\/p>\n<\/div>\n<\/div>\n<\/div>\n<h2>Como detectar vieses estat\u00edsticos na sua pesquisa<\/h2>\n<p>Detectar um vi\u00e9s antes que ele contamine os resultados \u00e9 infinitamente melhor do que tentar corrigi-lo depois. Mas como fazer isso na pr\u00e1tica? Aqui v\u00e3o as t\u00e9cnicas mais eficazes que equipes de pesquisa com padr\u00f5es rigorosos utilizam:<\/p>\n<ul>\n<li><strong>Revis\u00e3o do design por pares:<\/strong> uma segunda pessoa que n\u00e3o participou do design do question\u00e1rio o revisa buscando perguntas indutivas, ambiguidades ou aus\u00eancia de vari\u00e1veis relevantes. O que parece \u00f3bvio para quem projetou, \u00e0s vezes \u00e9 visivelmente tendencioso para quem l\u00ea de fora.<\/li>\n<li><strong>Teste-piloto com grupo pequeno:<\/strong> antes do lan\u00e7amento em escala, aplicar o instrumento a 10 ou 20 pessoas representativas do p\u00fablico-alvo. Padr\u00f5es de resposta incomuns ou alta taxa de abandono em certas perguntas s\u00e3o sinais precoces de vi\u00e9s.<\/li>\n<li><strong>An\u00e1lise de consist\u00eancia interna:<\/strong> se o question\u00e1rio inclui perguntas redundantes ou invertidas sobre o mesmo construto, a <a href=\"https:\/\/www.questionpro.com\/blog\/pt-br\/correlacao\/\">correla\u00e7\u00e3o<\/a> entre elas deve ser alta. Uma <a href=\"https:\/\/www.questionpro.com\/pt-br\/analise-de-dados.html\">an\u00e1lise de dados<\/a> com correla\u00e7\u00e3o baixa indica que algo na medi\u00e7\u00e3o n\u00e3o est\u00e1 funcionando como esperado.<\/li>\n<li><strong>Verifica\u00e7\u00e3o da distribui\u00e7\u00e3o das respostas:<\/strong> quando 80% dos respondentes sempre marca a mesma op\u00e7\u00e3o em escala, n\u00e3o \u00e9 que todos pensam igual: quase sempre \u00e9 sinal de vi\u00e9s de aquiesc\u00eancia ou de um design que n\u00e3o oferece alternativas reais.<\/li>\n<li><strong>An\u00e1lise de taxas de resposta diferencial:<\/strong> se certos subgrupos demogr\u00e1ficos respondem a taxas significativamente mais baixas que outros, o vi\u00e9s de n\u00e3o-resposta pode estar distorcendo a amostra final.<\/li>\n<\/ul>\n<p>O que vem a seguir muda completamente a equa\u00e7\u00e3o: a detec\u00e7\u00e3o manual de vieses, embora necess\u00e1ria, tem limites claros. A escala, a velocidade e a complexidade dos estudos atuais fazem com que a interven\u00e7\u00e3o tecnol\u00f3gica n\u00e3o seja um luxo, mas uma necessidade operacional.<\/p>\n<h2>Como corrigir vieses estat\u00edsticos quando j\u00e1 aparecem<\/h2>\n<p>Nem todos os vieses s\u00e3o detectados antes da coleta. Alguns s\u00f3 ficam vis\u00edveis quando os dados j\u00e1 est\u00e3o na mesa. Isso n\u00e3o significa que o estudo est\u00e1 perdido, mas exige estrat\u00e9gias de corre\u00e7\u00e3o espec\u00edficas.<\/p>\n<p>As mais usadas por pesquisadores experientes s\u00e3o:<\/p>\n<ul>\n<li><strong>Pondera\u00e7\u00e3o estat\u00edstica:<\/strong> se a amostra super-representa certos grupos demogr\u00e1ficos, \u00e9 poss\u00edvel ajustar o peso de cada observa\u00e7\u00e3o para que a amostra reflita a composi\u00e7\u00e3o real do universo. \u00c9 o m\u00e9todo padr\u00e3o para corrigir vieses de sele\u00e7\u00e3o ap\u00f3s o trabalho de campo.<\/li>\n<li><strong>Exclus\u00e3o justificada de respostas de baixa qualidade:<\/strong> padr\u00f5es repetitivos em perguntas de matriz, velocidade de resposta anormalmente alta ou respostas contradit\u00f3rias em perguntas de controle s\u00e3o raz\u00f5es v\u00e1lidas para excluir registros. O crit\u00e9rio deve ser definido antes de ver os dados, n\u00e3o depois.<\/li>\n<li><strong>An\u00e1lise de sensibilidade:<\/strong> executa-se a an\u00e1lise com e sem certos subgrupos para verificar se as conclus\u00f5es mudam substancialmente. Se mudarem, h\u00e1 um vi\u00e9s que estava influenciando os resultados.<\/li>\n<li><strong>Imputa\u00e7\u00e3o m\u00faltipla:<\/strong> para dados ausentes n\u00e3o aleat\u00f3rios, a imputa\u00e7\u00e3o simples pode introduzir vi\u00e9s adicional. A imputa\u00e7\u00e3o m\u00faltipla gera v\u00e1rias estimativas plaus\u00edveis e faz a m\u00e9dia dos resultados, reduzindo o erro sistem\u00e1tico de forma mais robusta.<\/li>\n<\/ul>\n<p>Um momento: nenhuma t\u00e9cnica de corre\u00e7\u00e3o \u00e9 perfeita. A melhor estrat\u00e9gia \u00e9 sempre projetar para evitar vieses desde o in\u00edcio. As corre\u00e7\u00f5es posteriores s\u00e3o remendos, n\u00e3o solu\u00e7\u00f5es estruturais.<\/p>\n<blockquote style=\"border-left: 4px solid #2D6BE4; margin: 1.5rem 0; padding: 1rem 1.5rem; background: #f8faff; border-radius: 0 8px 8px 0; font-family: Arial,sans-serif;\">\n<p style=\"font-size: 16px; font-style: italic; color: #1a2b5e; margin: 0 0 8px 0; line-height: 1.6;\">&#8220;A melhor interven\u00e7\u00e3o contra o vi\u00e9s estat\u00edstico ocorre antes de coletar um \u00fanico dado. O design rigoroso do instrumento e a defini\u00e7\u00e3o cuidadosa da amostra s\u00e3o as ferramentas mais poderosas que um pesquisador tem.&#8221;<\/p>\n<p><cite style=\"font-size: 13px; color: #6b7280; font-style: normal;\">\u2014 QuestionPro Research Team<\/cite><\/p><\/blockquote>\n<h2>Como o QuestionPro ajuda a mitigar vieses estat\u00edsticos<\/h2>\n<p>Conhecer os tipos de vi\u00e9s e as t\u00e9cnicas para detect\u00e1-los \u00e9 o ponto de partida. Mas implementar essas t\u00e9cnicas de forma sistem\u00e1tica, em cada estudo e em escala, exige mais do que boas inten\u00e7\u00f5es: exige infraestrutura projetada para esse prop\u00f3sito.<\/p>\n<p>O QuestionPro conta com uma arquitetura de m\u00faltiplas camadas projetada especificamente para evitar e mitigar vieses estat\u00edsticos ao longo de todo o ciclo de pesquisa:<\/p>\n<h3>Mitiga\u00e7\u00e3o do vi\u00e9s de ordem<\/h3>\n<p>O sistema permite configura\u00e7\u00f5es avan\u00e7adas de aleatoriza\u00e7\u00e3o que atuam em v\u00e1rios n\u00edveis simultaneamente. Ele pode aleatorizar as op\u00e7\u00f5es de resposta em n\u00edvel individual, rotacionar a ordem de apari\u00e7\u00e3o das perguntas, utilizar a Rota\u00e7\u00e3o C\u00edclica de Blocos para grandes se\u00e7\u00f5es do question\u00e1rio, e at\u00e9 aleatorizar l\u00f3gicas de ramifica\u00e7\u00e3o (Branching Randomizer). Isso garante que n\u00e3o haja influ\u00eancia estrutural sobre as decis\u00f5es do respondente: cada participante v\u00ea o instrumento em uma ordem diferente, eliminando o efeito de ordem como fonte de vari\u00e2ncia sistem\u00e1tica.<\/p>\n<h3>Detec\u00e7\u00e3o e preven\u00e7\u00e3o do vi\u00e9s de resposta<\/h3>\n<p>Por meio do m\u00f3dulo automatizado de Data Quality, o QuestionPro filtra ativamente o ru\u00eddo estat\u00edstico antes que ele contamine a an\u00e1lise. A plataforma usa algoritmos para identificar e marcar ou desqualificar respostas de baixa qualidade: presen\u00e7a de bots, pl\u00e1gio de texto, padr\u00f5es repetitivos em perguntas de matriz, armadilhas de velocidade (Speed Traps) e respostas monossil\u00e1bicas em perguntas abertas. O resultado \u00e9 um conjunto de dados que chega \u00e0 an\u00e1lise j\u00e1 depurado, sem necessidade de interven\u00e7\u00e3o manual registro a registro.<\/p>\n<h3>Corre\u00e7\u00e3o do vi\u00e9s de amostra<\/h3>\n<p>Para garantir a representatividade do universo de estudo, a plataforma disponibiliza ferramentas anal\u00edticas de Pondera\u00e7\u00e3o e Balanceamento (Weighting). Isso permite que os pesquisadores ajustem o peso de vari\u00e1veis sociodemogr\u00e1ficas espec\u00edficas ap\u00f3s o trabalho de campo, garantindo que a amostra reflita fielmente as propor\u00e7\u00f5es reais da popula\u00e7\u00e3o. \u00c9 a diferen\u00e7a entre uma amostra que descreve quem respondeu e uma amostra que descreve a popula\u00e7\u00e3o que se queria medir.<\/p>\n<div style=\"background: #f8faff; border-radius: 16px; padding: 2rem; margin: 2rem 0; font-family: Arial,sans-serif; border: 2px solid #1a2b5e;\">\n<p style=\"text-align: center; color: #1a2b5e; font-size: 16px; font-weight: bold; margin: 0 0 1.5rem 0; text-transform: uppercase; letter-spacing: 1px;\">Tr\u00eas camadas de prote\u00e7\u00e3o contra vieses estat\u00edsticos no QuestionPro<\/p>\n<div style=\"display: grid; grid-template-columns: 1fr 1fr 1fr; gap: 1rem;\">\n<div style=\"background: #1a2b5e; border-radius: 12px; padding: 1.25rem; text-align: center;\">\n<div style=\"width: 48px; height: 48px; background: #2D6BE4; border-radius: 50%; display: flex; align-items: center; justify-content: center; margin: 0 auto 12px auto; font-weight: 800; color: #fff; font-size: 20px;\">1<\/div>\n<p style=\"color: #ffffff; font-weight: bold; font-size: 16px; margin: 0 0 8px 0;\">Vi\u00e9s de Ordem<\/p>\n<p style=\"color: rgba(255,255,255,0.82); font-size: 15px; margin: 0; line-height: 1.5;\">Aleatoriza\u00e7\u00e3o avan\u00e7ada de perguntas, op\u00e7\u00f5es e blocos com Branching Randomizer inclu\u00eddo.<\/p>\n<\/div>\n<div style=\"background: #2D6BE4; border-radius: 12px; padding: 1.25rem; text-align: center;\">\n<div style=\"width: 48px; height: 48px; background: #1a2b5e; border-radius: 50%; display: flex; align-items: center; justify-content: center; margin: 0 auto 12px auto; font-weight: 800; color: #fff; font-size: 20px;\">2<\/div>\n<p style=\"color: #ffffff; font-weight: bold; font-size: 16px; margin: 0 0 8px 0;\">Vi\u00e9s de Resposta<\/p>\n<p style=\"color: rgba(255,255,255,0.85); font-size: 15px; margin: 0; line-height: 1.5;\">M\u00f3dulo Data Quality com algoritmos que detectam bots, padr\u00f5es repetitivos e Speed Traps automaticamente.<\/p>\n<\/div>\n<div style=\"background: #1a2b5e; border-radius: 12px; padding: 1.25rem; text-align: center;\">\n<div style=\"width: 48px; height: 48px; background: #2D6BE4; border-radius: 50%; display: flex; align-items: center; justify-content: center; margin: 0 auto 12px auto; font-weight: 800; color: #fff; font-size: 20px;\">3<\/div>\n<p style=\"color: #ffffff; font-weight: bold; font-size: 16px; margin: 0 0 8px 0;\">Vi\u00e9s de Amostra<\/p>\n<p style=\"color: rgba(255,255,255,0.82); font-size: 15px; margin: 0; line-height: 1.5;\">Ferramentas de Weighting e Balanceamento para ajustar propor\u00e7\u00f5es sociodemogr\u00e1ficas p\u00f3s-campo.<\/p>\n<\/div>\n<\/div>\n<\/div>\n<h2>Limita\u00e7\u00f5es e desafios reais no controle de vieses<\/h2>\n<p>Aqui tem algo que muitos artigos sobre vieses estat\u00edsticos n\u00e3o dizem: nenhum m\u00e9todo de controle \u00e9 infal\u00edvel, e alguns vieses s\u00e3o estruturalmente dif\u00edceis de eliminar por completo.<\/p>\n<p>O vi\u00e9s de desejabilidade social, por exemplo, opera em n\u00edvel cognitivo e emocional: o respondente responde o que acredita que deve responder, n\u00e3o necessariamente o que pensa. As ferramentas tecnol\u00f3gicas podem detectar padr\u00f5es an\u00f4malos, mas n\u00e3o conseguem acessar a inten\u00e7\u00e3o subjetiva do participante. Da mesma forma, o vi\u00e9s de vari\u00e1vel omitida s\u00f3 pode ser corrigido se o pesquisador souber, de antem\u00e3o, quais vari\u00e1veis poderiam estar influenciando. Se n\u00e3o conhece a vari\u00e1vel, n\u00e3o pode medi-la.<\/p>\n<p>Isso n\u00e3o invalida o esfor\u00e7o de controle de vieses: o contextualiza. O objetivo n\u00e3o \u00e9 a pesquisa perfeita, mas a pesquisa mais confi\u00e1vel poss\u00edvel dentro das condi\u00e7\u00f5es reais do estudo. Reconhecer as limita\u00e7\u00f5es dos dados faz parte de uma pr\u00e1tica investigativa honesta, e comunic\u00e1-las explicitamente nos relat\u00f3rios de resultados \u00e9 o que separa uma an\u00e1lise rigorosa de uma que s\u00f3 parece ser.<\/p>\n<h2>Conclus\u00e3o<\/h2>\n<p>Os vieses estat\u00edsticos n\u00e3o s\u00e3o exce\u00e7\u00f5es raras na pesquisa: s\u00e3o a norma quando o design n\u00e3o os contempla desde o in\u00edcio. Vi\u00e9s de sele\u00e7\u00e3o, de resposta, de ordem, do sobrevivente, de confirma\u00e7\u00e3o, de vari\u00e1vel omitida. Cada um tem suas causas, seus sinais e seus m\u00e9todos de corre\u00e7\u00e3o. Todos t\u00eam algo em comum: s\u00e3o evit\u00e1veis.<\/p>\n<p>A chave n\u00e3o est\u00e1 em analisar melhor os dados que voc\u00ea j\u00e1 tem, mas em garantir que os dados que voc\u00ea coleta sejam confi\u00e1veis desde o primeiro momento. Isso exige design rigoroso, instrumentos validados, amostragem representativa e, quando a escala exige, tecnologia que automatize a detec\u00e7\u00e3o e corre\u00e7\u00e3o de vieses ao longo de todo o processo. Quer saber como o <a href=\"https:\/\/www.questionpro.com\/pt-br\/\">QuestionPro<\/a> pode ajudar voc\u00ea a fazer pesquisas mais confi\u00e1veis e livres de vi\u00e9s? Fale com nossa equipe hoje.<\/p>\n\n\t<div class=\"banner-section wf-section\" lang=\"\" >\n\t\t<div class=\"right-column-container\">\n\t\t\t<div class=\"bannerbg white\">\n\t\t\t\t<span class=\"h1-2\">Crie experi\u00eancias memor\u00e1veis com base em dados em tempo real, insights e an\u00e1lises avan\u00e7adas<\/span>\n\t\t\t\t<a href=\"#userliteForm\" data-toggle=\"modal\" class=\"button w-button\">Agendar demo<\/a>\n\t\t\t<\/div>\n\t\t<\/div>\n\t<\/div>\n\t<div class=\"userlite-modal modal fade\" id=\"userliteForm\" tabindex=\"-1\" role=\"dialog\" style=\"display: none;\">\n\t\t<div class=\"modal-dialog\" role=\"document\">\n\t\t\t<div class=\"modal-content\" role=\"document\">\n\t\t\t\t<div class=\"modal-body\">\n\t\t\t\t\t<div class=\"modal-header\">\n\t\t\t\t\t\t<button type=\"button\" class=\"close\" data-dismiss=\"modal\" aria-label=\"Close\">\n\t\t\t\t\t\t\t<i class=\"material-icons\">close<\/i>\n\t\t\t\t\t\t<\/button>\n\t\t\t\t\t<\/div>\n\t\t\t\t\t<div class=\"contact-us-form-wrapper contact-box\">\n\t\t\t\t\t\t<div class=\"userlite-form-wrapper\">\n\t\t\t\t\t\t\t<iframe src=\"https:\/\/www.questionpro.com\/userlite-form-blog-portuguese.html?product=Surveys&amp;referralurl=https:\/\/www.questionpro.com\/blog\/pt-br\/wp-json\/wp\/v2\/posts\/&amp;lang=pt_br&amp;cat=pesquisa-de-mercado\" style=\"display: block;\" ><\/iframe>\n\t\t\t\t\t\t<\/div>\n\t\t\t\t\t\t<div class=\"demo-form-wrapper success-message-div\" style=\"display:none\">\n\t\t\t\t\t\t\t<p class=\"success-message-para\"><\/p>\n\t\t\t\t\t\t<\/div>\n\t\t\t\t\t<\/div>\n\t\t\t\t<\/div>\n\t\t\t<\/div>\n\t\t<\/div>\n\t<\/div>\n<div class=\"schema-faq wp-block-yoast-faq-block\">\n<div class=\"schema-faq-section\"><strong class=\"schema-faq-question\">Qual \u00e9 a diferen\u00e7a entre um vi\u00e9s estat\u00edstico e um erro aleat\u00f3rio?<\/strong><\/p>\n<p class=\"schema-faq-answer\">Um erro aleat\u00f3rio varia sem dire\u00e7\u00e3o definida e tende a se compensar ao aumentar o tamanho da amostra. Um vi\u00e9s estat\u00edstico, por outro lado, \u00e9 sistem\u00e1tico: sempre empurra os resultados na mesma dire\u00e7\u00e3o, independentemente de quantos dados s\u00e3o coletados. Por isso, o vi\u00e9s n\u00e3o se corrige adicionando mais observa\u00e7\u00f5es, mas revisando o design do estudo, o instrumento de medi\u00e7\u00e3o ou o processo de sele\u00e7\u00e3o da amostra desde o in\u00edcio.<\/p>\n<\/div>\n<div class=\"schema-faq-section\"><strong class=\"schema-faq-question\">Como identificar se minha pesquisa tem vi\u00e9s de resposta?<\/strong><\/p>\n<p class=\"schema-faq-answer\">Alguns sinais de alerta s\u00e3o: distribui\u00e7\u00e3o de respostas muito concentrada em op\u00e7\u00f5es extremas ou no ponto m\u00e9dio da escala, alta propor\u00e7\u00e3o de respostas no mesmo padr\u00e3o em perguntas de matriz, tempo de resposta anormalmente curto para question\u00e1rios longos e baixa variabilidade em perguntas que deveriam gerar opini\u00f5es diversas. Um teste-piloto antes do lan\u00e7amento ajuda a detectar esses padr\u00f5es antes que contaminem o estudo completo.<\/p>\n<\/div>\n<div class=\"schema-faq-section\"><strong class=\"schema-faq-question\">O vi\u00e9s de sele\u00e7\u00e3o pode ser corrigido ap\u00f3s a coleta dos dados?<\/strong><\/p>\n<p class=\"schema-faq-answer\">Parcialmente. A pondera\u00e7\u00e3o estat\u00edstica permite ajustar o peso dos subgrupos super ou sub-representados para que a amostra reflita melhor a distribui\u00e7\u00e3o real da popula\u00e7\u00e3o. No entanto, se certos segmentos n\u00e3o responderam de forma alguma, n\u00e3o h\u00e1 como imputar suas perspectivas com precis\u00e3o. A melhor corre\u00e7\u00e3o do <a href=\"https:\/\/www.questionpro.com\/blog\/pt-br\/vies-de-selecao\/\">vi\u00e9s de sele\u00e7\u00e3o<\/a> \u00e9 sempre preventiva: um design de amostragem representativo desde o in\u00edcio do estudo \u00e9 a \u00fanica garantia real.<\/p>\n<\/div>\n<div class=\"schema-faq-section\"><strong class=\"schema-faq-question\">O vi\u00e9s estat\u00edstico afeta tamb\u00e9m estudos qualitativos?<\/strong><\/p>\n<p class=\"schema-faq-answer\">Sim, embora se manifeste de forma diferente. Em <a href=\"https:\/\/www.questionpro.com\/pt-br\/dados-qualitativos.html\">pesquisa qualitativa<\/a>, o vi\u00e9s do observador \u00e9 especialmente relevante: o pesquisador pode interpretar as respostas com base em suas expectativas pr\u00e9vias. O vi\u00e9s de sele\u00e7\u00e3o tamb\u00e9m opera na composi\u00e7\u00e3o do grupo de discuss\u00e3o ou na escolha dos informantes-chave. A triangula\u00e7\u00e3o de fontes, a revis\u00e3o por pares e o uso de protocolos de an\u00e1lise padronizados s\u00e3o as principais estrat\u00e9gias para mitig\u00e1-lo.<\/p>\n<\/div>\n<div class=\"schema-faq-section\"><strong class=\"schema-faq-question\">O que \u00e9 vi\u00e9s de aquiesc\u00eancia e como preveni-lo?<\/strong><\/p>\n<p class=\"schema-faq-answer\">O vi\u00e9s de aquiesc\u00eancia \u00e9 a tend\u00eancia dos respondentes de responder &#8220;sim&#8221; ou &#8220;concordo&#8221; a qualquer afirma\u00e7\u00e3o, independentemente de sua opini\u00e3o real. Previne-se alternando afirma\u00e7\u00f5es positivas e negativas sobre o mesmo construto (perguntas inversas), de forma que marcar sempre &#8220;concordo&#8221; resulte em respostas contradit\u00f3rias. Outra estrat\u00e9gia \u00e9 incluir perguntas de controle que permitam detectar padr\u00f5es de aquiesc\u00eancia e excluir esses registros da an\u00e1lise final.<\/p>\n<\/div>\n<\/div>\n","protected":false},"excerpt":{"rendered":"<p>Os vieses estat\u00edsticos distorcem suas pesquisas. Conhe\u00e7a os 6 tipos mais comuns, suas causas e como detect\u00e1-los e corrigi-los com ferramentas especializadas.<\/p>\n","protected":false},"author":42,"featured_media":1088963,"comment_status":"closed","ping_status":"closed","sticky":false,"template":"","format":"standard","meta":{"_yoast_wpseo_focuskw":"vieses estat\u00edsticos","_yoast_wpseo_title":"Vieses estat\u00edsticos: o que s\u00e3o, tipos e como evit\u00e1-los","_yoast_wpseo_metadesc":"Os vieses estat\u00edsticos distorcem suas pesquisas. Conhe\u00e7a os 6 tipos mais comuns, suas causas e como detect\u00e1-los e corrigi-los com ferramentas especializadas.","_genesis_hide_title":false,"_genesis_hide_breadcrumbs":false,"_genesis_hide_singular_image":false,"_genesis_hide_footer_widgets":false,"_genesis_custom_body_class":"","_genesis_custom_post_class":"","_genesis_layout":"","footnotes":""},"categories":[243],"tags":[],"yoast_head":"<!-- This site is optimized with the Yoast SEO plugin v20.4 - https:\/\/yoast.com\/wordpress\/plugins\/seo\/ -->\n<title>Vieses estat\u00edsticos: o que s\u00e3o, tipos e como evit\u00e1-los<\/title>\n<meta name=\"description\" content=\"Os vieses estat\u00edsticos distorcem suas pesquisas. Conhe\u00e7a os 6 tipos mais comuns, suas causas e como detect\u00e1-los e corrigi-los com ferramentas especializadas.\" \/>\n<meta name=\"robots\" content=\"index, follow, max-snippet:-1, max-image-preview:large, max-video-preview:-1\" \/>\n<link rel=\"canonical\" href=\"https:\/\/www.questionpro.com\/blog\/pt-br\/vieses-estatisticos\/\" \/>\n<meta property=\"og:locale\" content=\"pt_BR\" \/>\n<meta property=\"og:type\" content=\"article\" \/>\n<meta property=\"og:title\" content=\"Vieses estat\u00edsticos: o que s\u00e3o, tipos e como evit\u00e1-los\" \/>\n<meta property=\"og:description\" content=\"Os vieses estat\u00edsticos distorcem suas pesquisas. Conhe\u00e7a os 6 tipos mais comuns, suas causas e como detect\u00e1-los e corrigi-los com ferramentas especializadas.\" \/>\n<meta property=\"og:url\" content=\"https:\/\/www.questionpro.com\/blog\/pt-br\/vieses-estatisticos\/\" \/>\n<meta property=\"og:site_name\" content=\"QuestionPro\" \/>\n<meta property=\"article:publisher\" content=\"https:\/\/www.facebook.com\/questionpro\" \/>\n<meta property=\"article:published_time\" content=\"2026-08-26T11:00:00+00:00\" \/>\n<meta property=\"article:modified_time\" content=\"2026-07-23T00:39:50+00:00\" \/>\n<meta property=\"og:image\" content=\"https:\/\/www.questionpro.com\/blog\/wp-content\/uploads\/2026\/07\/cover-vieses-estatisticos-o-que-sao-tipos-e-como-evita.jpg\" \/>\n\t<meta property=\"og:image:width\" content=\"1255\" \/>\n\t<meta property=\"og:image:height\" content=\"705\" \/>\n\t<meta property=\"og:image:type\" content=\"image\/jpeg\" \/>\n<meta name=\"author\" content=\"Cristina Ortega\" \/>\n<meta name=\"twitter:card\" content=\"summary_large_image\" \/>\n<meta name=\"twitter:creator\" content=\"@questionpro\" \/>\n<meta name=\"twitter:site\" content=\"@questionpro\" \/>\n<meta name=\"twitter:label1\" content=\"Escrito por\" \/>\n\t<meta name=\"twitter:data1\" content=\"Cristina Ortega\" \/>\n\t<meta name=\"twitter:label2\" content=\"Est. tempo de leitura\" \/>\n\t<meta name=\"twitter:data2\" content=\"13 minutos\" \/>\n<script type=\"application\/ld+json\" class=\"yoast-schema-graph\">{\"@context\":\"https:\/\/schema.org\",\"@graph\":[{\"@type\":\"Article\",\"@id\":\"https:\/\/www.questionpro.com\/blog\/pt-br\/vieses-estatisticos\/#article\",\"isPartOf\":{\"@id\":\"https:\/\/www.questionpro.com\/blog\/pt-br\/vieses-estatisticos\/\"},\"author\":{\"name\":\"Cristina Ortega\",\"@id\":\"https:\/\/www.questionpro.com\/blog\/pt-br\/#\/schema\/person\/36aae2d8eed7708b6408f95c0198593d\"},\"headline\":\"Vieses estat\u00edsticos: o que s\u00e3o, tipos e como evit\u00e1-los\",\"datePublished\":\"2026-08-26T11:00:00+00:00\",\"dateModified\":\"2026-07-23T00:39:50+00:00\",\"mainEntityOfPage\":{\"@id\":\"https:\/\/www.questionpro.com\/blog\/pt-br\/vieses-estatisticos\/\"},\"wordCount\":3396,\"publisher\":{\"@id\":\"https:\/\/www.questionpro.com\/blog\/pt-br\/#organization\"},\"articleSection\":[\"Pesquisa de mercado\"],\"inLanguage\":\"pt-BR\"},{\"@type\":\"WebPage\",\"@id\":\"https:\/\/www.questionpro.com\/blog\/pt-br\/vieses-estatisticos\/\",\"url\":\"https:\/\/www.questionpro.com\/blog\/pt-br\/vieses-estatisticos\/\",\"name\":\"Vieses estat\u00edsticos: o que s\u00e3o, tipos e como evit\u00e1-los\",\"isPartOf\":{\"@id\":\"https:\/\/www.questionpro.com\/blog\/pt-br\/#website\"},\"datePublished\":\"2026-08-26T11:00:00+00:00\",\"dateModified\":\"2026-07-23T00:39:50+00:00\",\"description\":\"Os vieses estat\u00edsticos distorcem suas pesquisas. Conhe\u00e7a os 6 tipos mais comuns, suas causas e como detect\u00e1-los e corrigi-los com ferramentas especializadas.\",\"breadcrumb\":{\"@id\":\"https:\/\/www.questionpro.com\/blog\/pt-br\/vieses-estatisticos\/#breadcrumb\"},\"inLanguage\":\"pt-BR\",\"potentialAction\":[{\"@type\":\"ReadAction\",\"target\":[\"https:\/\/www.questionpro.com\/blog\/pt-br\/vieses-estatisticos\/\"]}]},{\"@type\":\"BreadcrumbList\",\"@id\":\"https:\/\/www.questionpro.com\/blog\/pt-br\/vieses-estatisticos\/#breadcrumb\",\"itemListElement\":[{\"@type\":\"ListItem\",\"position\":1,\"name\":\"In\u00edcio\",\"item\":\"https:\/\/www.questionpro.com\/blog\/pt-br\/\"},{\"@type\":\"ListItem\",\"position\":2,\"name\":\"Pesquisa de mercado\",\"item\":\"https:\/\/www.questionpro.com\/blog\/pt-br\/category\/pesquisa-de-mercado\/\"},{\"@type\":\"ListItem\",\"position\":3,\"name\":\"Vieses estat\u00edsticos: o que s\u00e3o, tipos e como evit\u00e1-los\"}]},{\"@type\":\"WebSite\",\"@id\":\"https:\/\/www.questionpro.com\/blog\/pt-br\/#website\",\"url\":\"https:\/\/www.questionpro.com\/blog\/pt-br\/\",\"name\":\"QuestionPro\",\"description\":\"\",\"publisher\":{\"@id\":\"https:\/\/www.questionpro.com\/blog\/pt-br\/#organization\"},\"potentialAction\":[{\"@type\":\"SearchAction\",\"target\":{\"@type\":\"EntryPoint\",\"urlTemplate\":\"https:\/\/www.questionpro.com\/blog\/pt-br\/?s={search_term_string}\"},\"query-input\":\"required name=search_term_string\"}],\"inLanguage\":\"pt-BR\"},{\"@type\":\"Organization\",\"@id\":\"https:\/\/www.questionpro.com\/blog\/pt-br\/#organization\",\"name\":\"QuestionPro\",\"url\":\"https:\/\/www.questionpro.com\/blog\/pt-br\/\",\"logo\":{\"@type\":\"ImageObject\",\"inLanguage\":\"pt-BR\",\"@id\":\"https:\/\/www.questionpro.com\/blog\/pt-br\/#\/schema\/logo\/image\/\",\"url\":\"https:\/\/www.questionpro.com\/blog\/wp-content\/uploads\/2022\/10\/questionpro-logo.svg\",\"contentUrl\":\"https:\/\/www.questionpro.com\/blog\/wp-content\/uploads\/2022\/10\/questionpro-logo.svg\",\"caption\":\"QuestionPro\"},\"image\":{\"@id\":\"https:\/\/www.questionpro.com\/blog\/pt-br\/#\/schema\/logo\/image\/\"},\"sameAs\":[\"https:\/\/www.facebook.com\/questionpro\",\"https:\/\/twitter.com\/questionpro\",\"https:\/\/www.linkedin.com\/company\/questionpro\/\"]},{\"@type\":\"Person\",\"@id\":\"https:\/\/www.questionpro.com\/blog\/pt-br\/#\/schema\/person\/36aae2d8eed7708b6408f95c0198593d\",\"name\":\"Cristina Ortega\",\"image\":{\"@type\":\"ImageObject\",\"inLanguage\":\"pt-BR\",\"@id\":\"https:\/\/www.questionpro.com\/blog\/pt-br\/#\/schema\/person\/image\/\",\"url\":\"https:\/\/secure.gravatar.com\/avatar\/49635f2181bfe83c436d50b9a8bf1f2e?s=96&d=mm&r=g\",\"contentUrl\":\"https:\/\/secure.gravatar.com\/avatar\/49635f2181bfe83c436d50b9a8bf1f2e?s=96&d=mm&r=g\",\"caption\":\"Cristina Ortega\"},\"url\":\"https:\/\/www.questionpro.com\/blog\/pt-br\/author\/cristinaortega\/\"}]}<\/script>\n<!-- \/ Yoast SEO plugin. -->","yoast_head_json":{"title":"Vieses estat\u00edsticos: o que s\u00e3o, tipos e como evit\u00e1-los","description":"Os vieses estat\u00edsticos distorcem suas pesquisas. Conhe\u00e7a os 6 tipos mais comuns, suas causas e como detect\u00e1-los e corrigi-los com ferramentas especializadas.","robots":{"index":"index","follow":"follow","max-snippet":"max-snippet:-1","max-image-preview":"max-image-preview:large","max-video-preview":"max-video-preview:-1"},"canonical":"https:\/\/www.questionpro.com\/blog\/pt-br\/vieses-estatisticos\/","og_locale":"pt_BR","og_type":"article","og_title":"Vieses estat\u00edsticos: o que s\u00e3o, tipos e como evit\u00e1-los","og_description":"Os vieses estat\u00edsticos distorcem suas pesquisas. Conhe\u00e7a os 6 tipos mais comuns, suas causas e como detect\u00e1-los e corrigi-los com ferramentas especializadas.","og_url":"https:\/\/www.questionpro.com\/blog\/pt-br\/vieses-estatisticos\/","og_site_name":"QuestionPro","article_publisher":"https:\/\/www.facebook.com\/questionpro","article_published_time":"2026-08-26T11:00:00+00:00","article_modified_time":"2026-07-23T00:39:50+00:00","og_image":[{"width":1255,"height":705,"url":"https:\/\/www.questionpro.com\/blog\/wp-content\/uploads\/2026\/07\/cover-vieses-estatisticos-o-que-sao-tipos-e-como-evita.jpg","type":"image\/jpeg"}],"author":"Cristina Ortega","twitter_card":"summary_large_image","twitter_creator":"@questionpro","twitter_site":"@questionpro","twitter_misc":{"Escrito por":"Cristina Ortega","Est. tempo de leitura":"13 minutos"},"schema":{"@context":"https:\/\/schema.org","@graph":[{"@type":"Article","@id":"https:\/\/www.questionpro.com\/blog\/pt-br\/vieses-estatisticos\/#article","isPartOf":{"@id":"https:\/\/www.questionpro.com\/blog\/pt-br\/vieses-estatisticos\/"},"author":{"name":"Cristina Ortega","@id":"https:\/\/www.questionpro.com\/blog\/pt-br\/#\/schema\/person\/36aae2d8eed7708b6408f95c0198593d"},"headline":"Vieses estat\u00edsticos: o que s\u00e3o, tipos e como evit\u00e1-los","datePublished":"2026-08-26T11:00:00+00:00","dateModified":"2026-07-23T00:39:50+00:00","mainEntityOfPage":{"@id":"https:\/\/www.questionpro.com\/blog\/pt-br\/vieses-estatisticos\/"},"wordCount":3396,"publisher":{"@id":"https:\/\/www.questionpro.com\/blog\/pt-br\/#organization"},"articleSection":["Pesquisa de mercado"],"inLanguage":"pt-BR"},{"@type":"WebPage","@id":"https:\/\/www.questionpro.com\/blog\/pt-br\/vieses-estatisticos\/","url":"https:\/\/www.questionpro.com\/blog\/pt-br\/vieses-estatisticos\/","name":"Vieses estat\u00edsticos: o que s\u00e3o, tipos e como evit\u00e1-los","isPartOf":{"@id":"https:\/\/www.questionpro.com\/blog\/pt-br\/#website"},"datePublished":"2026-08-26T11:00:00+00:00","dateModified":"2026-07-23T00:39:50+00:00","description":"Os vieses estat\u00edsticos distorcem suas pesquisas. Conhe\u00e7a os 6 tipos mais comuns, suas causas e como detect\u00e1-los e corrigi-los com ferramentas especializadas.","breadcrumb":{"@id":"https:\/\/www.questionpro.com\/blog\/pt-br\/vieses-estatisticos\/#breadcrumb"},"inLanguage":"pt-BR","potentialAction":[{"@type":"ReadAction","target":["https:\/\/www.questionpro.com\/blog\/pt-br\/vieses-estatisticos\/"]}]},{"@type":"BreadcrumbList","@id":"https:\/\/www.questionpro.com\/blog\/pt-br\/vieses-estatisticos\/#breadcrumb","itemListElement":[{"@type":"ListItem","position":1,"name":"In\u00edcio","item":"https:\/\/www.questionpro.com\/blog\/pt-br\/"},{"@type":"ListItem","position":2,"name":"Pesquisa de mercado","item":"https:\/\/www.questionpro.com\/blog\/pt-br\/category\/pesquisa-de-mercado\/"},{"@type":"ListItem","position":3,"name":"Vieses estat\u00edsticos: o que s\u00e3o, tipos e como evit\u00e1-los"}]},{"@type":"WebSite","@id":"https:\/\/www.questionpro.com\/blog\/pt-br\/#website","url":"https:\/\/www.questionpro.com\/blog\/pt-br\/","name":"QuestionPro","description":"","publisher":{"@id":"https:\/\/www.questionpro.com\/blog\/pt-br\/#organization"},"potentialAction":[{"@type":"SearchAction","target":{"@type":"EntryPoint","urlTemplate":"https:\/\/www.questionpro.com\/blog\/pt-br\/?s={search_term_string}"},"query-input":"required name=search_term_string"}],"inLanguage":"pt-BR"},{"@type":"Organization","@id":"https:\/\/www.questionpro.com\/blog\/pt-br\/#organization","name":"QuestionPro","url":"https:\/\/www.questionpro.com\/blog\/pt-br\/","logo":{"@type":"ImageObject","inLanguage":"pt-BR","@id":"https:\/\/www.questionpro.com\/blog\/pt-br\/#\/schema\/logo\/image\/","url":"https:\/\/www.questionpro.com\/blog\/wp-content\/uploads\/2022\/10\/questionpro-logo.svg","contentUrl":"https:\/\/www.questionpro.com\/blog\/wp-content\/uploads\/2022\/10\/questionpro-logo.svg","caption":"QuestionPro"},"image":{"@id":"https:\/\/www.questionpro.com\/blog\/pt-br\/#\/schema\/logo\/image\/"},"sameAs":["https:\/\/www.facebook.com\/questionpro","https:\/\/twitter.com\/questionpro","https:\/\/www.linkedin.com\/company\/questionpro\/"]},{"@type":"Person","@id":"https:\/\/www.questionpro.com\/blog\/pt-br\/#\/schema\/person\/36aae2d8eed7708b6408f95c0198593d","name":"Cristina Ortega","image":{"@type":"ImageObject","inLanguage":"pt-BR","@id":"https:\/\/www.questionpro.com\/blog\/pt-br\/#\/schema\/person\/image\/","url":"https:\/\/secure.gravatar.com\/avatar\/49635f2181bfe83c436d50b9a8bf1f2e?s=96&d=mm&r=g","contentUrl":"https:\/\/secure.gravatar.com\/avatar\/49635f2181bfe83c436d50b9a8bf1f2e?s=96&d=mm&r=g","caption":"Cristina Ortega"},"url":"https:\/\/www.questionpro.com\/blog\/pt-br\/author\/cristinaortega\/"}]}},"featured_image_src":"https:\/\/www.questionpro.com\/blog\/wp-content\/uploads\/2026\/07\/cover-vieses-estatisticos-o-que-sao-tipos-e-como-evita-600x400.jpg","featured_image_src_square":"https:\/\/www.questionpro.com\/blog\/wp-content\/uploads\/2026\/07\/cover-vieses-estatisticos-o-que-sao-tipos-e-como-evita-600x600.jpg","author_info":{"display_name":"Cristina Ortega","author_link":"https:\/\/www.questionpro.com\/blog\/pt-br\/author\/cristinaortega\/"},"_links":{"self":[{"href":"https:\/\/www.questionpro.com\/blog\/pt-br\/wp-json\/wp\/v2\/posts\/1088925"}],"collection":[{"href":"https:\/\/www.questionpro.com\/blog\/pt-br\/wp-json\/wp\/v2\/posts"}],"about":[{"href":"https:\/\/www.questionpro.com\/blog\/pt-br\/wp-json\/wp\/v2\/types\/post"}],"author":[{"embeddable":true,"href":"https:\/\/www.questionpro.com\/blog\/pt-br\/wp-json\/wp\/v2\/users\/42"}],"replies":[{"embeddable":true,"href":"https:\/\/www.questionpro.com\/blog\/pt-br\/wp-json\/wp\/v2\/comments?post=1088925"}],"version-history":[{"count":3,"href":"https:\/\/www.questionpro.com\/blog\/pt-br\/wp-json\/wp\/v2\/posts\/1088925\/revisions"}],"predecessor-version":[{"id":1096975,"href":"https:\/\/www.questionpro.com\/blog\/pt-br\/wp-json\/wp\/v2\/posts\/1088925\/revisions\/1096975"}],"wp:featuredmedia":[{"embeddable":true,"href":"https:\/\/www.questionpro.com\/blog\/pt-br\/wp-json\/wp\/v2\/media\/1088963"}],"wp:attachment":[{"href":"https:\/\/www.questionpro.com\/blog\/pt-br\/wp-json\/wp\/v2\/media?parent=1088925"}],"wp:term":[{"taxonomy":"category","embeddable":true,"href":"https:\/\/www.questionpro.com\/blog\/pt-br\/wp-json\/wp\/v2\/categories?post=1088925"},{"taxonomy":"post_tag","embeddable":true,"href":"https:\/\/www.questionpro.com\/blog\/pt-br\/wp-json\/wp\/v2\/tags?post=1088925"}],"curies":[{"name":"wp","href":"https:\/\/api.w.org\/{rel}","templated":true}]}},{"id":1088313,"date":"2026-08-25T04:00:00","date_gmt":"2026-08-25T11:00:00","guid":{"rendered":"https:\/\/www.questionpro.com\/blog\/erros-tipo-i-e-tipo-ii\/"},"modified":"2026-07-29T16:07:21","modified_gmt":"2026-07-29T23:07:21","slug":"erros-tipo-i-e-tipo-ii","status":"publish","type":"post","link":"https:\/\/www.questionpro.com\/blog\/pt-br\/erros-tipo-i-e-tipo-ii\/","title":{"rendered":"Erros tipo I e tipo II: o que s\u00e3o e como evit\u00e1-los na sua pesquisa"},"content":{"rendered":"<p><strong>Os erros tipo I e tipo II<\/strong> s\u00e3o os dois equ\u00edvocos mais comuns nos testes de hip\u00f3tese: decis\u00f5es estat\u00edsticas incorretas que podem levar voc\u00ea a concluir que existe um efeito quando ele n\u00e3o existe, ou a ignorar um efeito real que est\u00e1 acontecendo. A diferen\u00e7a parece t\u00e9cnica, mas as consequ\u00eancias s\u00e3o muito concretas: lan\u00e7ar um produto com base em dados falsos, descartar uma interven\u00e7\u00e3o que funciona, ou redirecionar or\u00e7amento para uma campanha que n\u00e3o gera nenhum resultado real.<\/p>\n<p>Neste guia voc\u00ea vai entender exatamente o que s\u00e3o esses dois tipos de erros, como eles ocorrem, como se relacionam entre si e o que voc\u00ea pode fazer, tanto em geral quanto dentro do QuestionPro, para mant\u00ea-los sob controle desde o desenho da sua pesquisa.<\/p>\n<style>.qp-art-summary[open] .qp-art-arrow{transform:rotate(180deg)}.qp-art-arrow{transition:transform 0.25s ease;display:inline-block;}<\/style>\n<details class=\"qp-art-summary\" style=\"background: #f8faff; border: 2px solid #2D6BE4; border-radius: 12px; margin: 1.5rem 0; font-family: Arial,sans-serif; overflow: hidden;\">\n<summary style=\"background: #1a2b5e; color: #ffffff; padding: 1rem 1.25rem; cursor: pointer; font-size: 16px; font-weight: bold; list-style: none; display: flex; align-items: center; gap: 10px; margin: 0;\"><span style=\"font-size: 20px; line-height: 1; flex-shrink: 0;\">\ud83d\udc41<\/span> Resumo do artigo<span class=\"qp-art-arrow\" style=\"margin-left: auto; font-size: 13px; opacity: 0.75;\">\u25bc<\/span><\/summary>\n<ul style=\"margin: 0; padding: 1rem 1.5rem; list-style: none;\">\n<li style=\"padding: 0.6rem 0; border-bottom: 1px solid #e5e7eb; color: #374151; font-size: 15px; line-height: 1.6; display: flex; gap: 10px; align-items: flex-start;\"><span style=\"color: #2d6be4; font-weight: bold; flex-shrink: 0; margin-top: 2px;\">\u2713<\/span> O erro tipo I (falso positivo) ocorre quando voc\u00ea rejeita uma hip\u00f3tese nula verdadeira: conclui que existe um efeito quando ele n\u00e3o existe.<\/li>\n<li style=\"padding: 0.6rem 0; border-bottom: 1px solid #e5e7eb; color: #374151; font-size: 15px; line-height: 1.6; display: flex; gap: 10px; align-items: flex-start;\"><span style=\"color: #2d6be4; font-weight: bold; flex-shrink: 0; margin-top: 2px;\">\u2713<\/span> O erro tipo II (falso negativo) ocorre quando voc\u00ea n\u00e3o rejeita uma hip\u00f3tese nula falsa: n\u00e3o detecta um efeito real que existe.<\/li>\n<li style=\"padding: 0.6rem 0; border-bottom: 1px solid #e5e7eb; color: #374151; font-size: 15px; line-height: 1.6; display: flex; gap: 10px; align-items: flex-start;\"><span style=\"color: #2d6be4; font-weight: bold; flex-shrink: 0; margin-top: 2px;\">\u2713<\/span> Os dois erros est\u00e3o em tens\u00e3o: reduzir um aumenta automaticamente o risco do outro.<\/li>\n<li style=\"padding: 0.6rem 0; border-bottom: 1px solid #e5e7eb; color: #374151; font-size: 15px; line-height: 1.6; display: flex; gap: 10px; align-items: flex-start;\"><span style=\"color: #2d6be4; font-weight: bold; flex-shrink: 0; margin-top: 2px;\">\u2713<\/span> A pot\u00eancia estat\u00edstica (\u226580%) \u00e9 a principal alavanca para reduzir o erro tipo II sem comprometer a signific\u00e2ncia.<\/li>\n<li style=\"padding: 0.6rem 0; color: #374151; font-size: 15px; line-height: 1.6; display: flex; gap: 10px; align-items: flex-start;\"><span style=\"color: #2d6be4; font-weight: bold; flex-shrink: 0; margin-top: 2px;\">\u2713<\/span> O QuestionPro permite ajustar o n\u00edvel de signific\u00e2ncia (\u03b1) e projetar amostras com cotas avan\u00e7adas para controlar ambos os erros desde o in\u00edcio do estudo.<\/li>\n<\/ul>\n<\/details>\n\n<h2>O que s\u00e3o os erros tipo I e tipo II?<\/h2>\n<p>Todo teste de hip\u00f3tese funciona com uma l\u00f3gica bin\u00e1ria: ou voc\u00ea rejeita a hip\u00f3tese nula (H\u2080) ou n\u00e3o rejeita. Mas como as decis\u00f5es estat\u00edsticas se baseiam em probabilidades, sempre existe a possibilidade de se enganar. Esses erros t\u00eam um nome preciso: erro tipo I e erro tipo II.<\/p>\n<p>O erro tipo I ocorre quando voc\u00ea rejeita a hip\u00f3tese nula sendo ela verdadeira. Em termos diretos: voc\u00ea conclui que existe um efeito ou diferen\u00e7a quando, na realidade, n\u00e3o existe nenhum. \u00c9 um falso positivo. O erro tipo II \u00e9 o caso oposto: voc\u00ea n\u00e3o rejeita a hip\u00f3tese nula quando ela \u00e9 falsa, ou seja, n\u00e3o detecta um efeito real que existe. \u00c9 um falso negativo.<\/p>\n<p>Uma forma cl\u00e1ssica de ilustrar isso \u00e9 a hist\u00f3ria do menino que gritava &#8220;o lobo!&#8221;. Os alde\u00f5es cometem um erro tipo I quando acreditam que h\u00e1 um lobo quando n\u00e3o h\u00e1. Cometem um erro tipo II quando, no epis\u00f3dio final, n\u00e3o acreditam nele quando o lobo realmente est\u00e1 l\u00e1. Os dois erros t\u00eam consequ\u00eancias, mas de natureza completamente diferente, e entender qual pesa mais no seu contexto \u00e9 essencial para desenhar bem uma pesquisa.<\/p>\n<div style=\"margin: 2rem 0; font-family: Arial,sans-serif;\">\n<p style=\"text-align: center; color: #1a2b5e; font-size: 16px; font-weight: bold; margin: 0 0 1.25rem 0; text-transform: uppercase; letter-spacing: 1px;\">AS 4 DECIS\u00d5ES POSS\u00cdVEIS EM UM TESTE DE HIP\u00d3TESE<\/p>\n<div style=\"display: grid; grid-template-columns: 1fr 1fr; gap: 1rem;\">\n<div style=\"background: #1a2b5e; border-radius: 12px; padding: 1.25rem;\">\n<p style=\"background: #2D6BE4; color: #fff; display: inline-block; padding: 4px 12px; border-radius: 6px; font-size: 14px; font-weight: bold; margin: 0 0 10px 0;\">\u2705 Decis\u00e3o correta<\/p>\n<p style=\"color: #ffffff; font-size: 16px; margin: 0; line-height: 1.5;\">Voc\u00ea rejeita H\u2080 e ela era falsa. Detectou um efeito real. Conclus\u00e3o correta.<\/p>\n<\/div>\n<div style=\"background: #2D6BE4; border-radius: 12px; padding: 1.25rem;\">\n<p style=\"background: #1a2b5e; color: #fff; display: inline-block; padding: 4px 12px; border-radius: 6px; font-size: 14px; font-weight: bold; margin: 0 0 10px 0;\">\u26a0\ufe0f Erro tipo I (\u03b1)<\/p>\n<p style=\"color: rgba(255,255,255,0.92); font-size: 16px; margin: 0; line-height: 1.5;\">Voc\u00ea rejeita H\u2080 mas ela era verdadeira. Falso positivo. Conclui um efeito inexistente.<\/p>\n<\/div>\n<div style=\"background: #2D6BE4; border-radius: 12px; padding: 1.25rem;\">\n<p style=\"background: #1a2b5e; color: #fff; display: inline-block; padding: 4px 12px; border-radius: 6px; font-size: 14px; font-weight: bold; margin: 0 0 10px 0;\">\u26a0\ufe0f Erro tipo II (\u03b2)<\/p>\n<p style=\"color: rgba(255,255,255,0.92); font-size: 16px; margin: 0; line-height: 1.5;\">Voc\u00ea n\u00e3o rejeita H\u2080 e ela era falsa. Falso negativo. N\u00e3o detecta um efeito que existe.<\/p>\n<\/div>\n<div style=\"background: #1a2b5e; border-radius: 12px; padding: 1.25rem;\">\n<p style=\"background: #2D6BE4; color: #fff; display: inline-block; padding: 4px 12px; border-radius: 6px; font-size: 14px; font-weight: bold; margin: 0 0 10px 0;\">\u2705 Decis\u00e3o correta<\/p>\n<p style=\"color: #ffffff; font-size: 16px; margin: 0; line-height: 1.5;\">Voc\u00ea n\u00e3o rejeita H\u2080 e ela era verdadeira. N\u00e3o h\u00e1 efeito e seu teste confirma isso. Correto.<\/p>\n<\/div>\n<\/div>\n<\/div>\n<h2>Como ocorre o erro tipo I: o falso positivo<\/h2>\n<p>O erro tipo I \u00e9 controlado diretamente pelo n\u00edvel de signific\u00e2ncia que voc\u00ea define antes de executar o teste, representado por \u03b1 (alfa). Se voc\u00ea estabelece \u03b1 = 0,05, est\u00e1 aceitando que existe 5% de probabilidade de que seu resultado seja um falso positivo, mesmo quando a hip\u00f3tese nula \u00e9 verdadeira. \u00c9, essencialmente, o pre\u00e7o que voc\u00ea paga por tomar decis\u00f5es com dados imperfeitos.<\/p>\n<p>Imagine que voc\u00ea est\u00e1 avaliando se uma nova estrat\u00e9gia de onboarding melhora a reten\u00e7\u00e3o de clientes nos primeiros 30 dias. A hip\u00f3tese nula diz que n\u00e3o h\u00e1 diferen\u00e7a entre o grupo que recebeu o novo processo e o grupo de controle. Com \u03b1 = 0,05, se o valor-p for menor que esse limiar, voc\u00ea rejeita H\u2080 e conclui que a nova estrat\u00e9gia funciona. Mas h\u00e1 5% de chance de que esse resultado seja puro ru\u00eddo estat\u00edstico, e que na realidade n\u00e3o exista nenhum efeito.<\/p>\n<p>Aqui vai o detalhe que muitos pesquisadores ignoram: baixar \u03b1 n\u00e3o elimina o problema, s\u00f3 muda sua natureza. Quanto mais exigente voc\u00ea \u00e9 com a evid\u00eancia necess\u00e1ria para rejeitar H\u2080, mais f\u00e1cil fica que um efeito real passe despercebido. \u00c9 a\u00ed que entra o erro tipo II.<\/p>\n<div style=\"background: #f8faff; border-left: 5px solid #2D6BE4; border-radius: 0 12px 12px 0; padding: 1.25rem 1.5rem; margin: 1.5rem 0; font-family: Arial,sans-serif;\">\n<p style=\"font-size: 26px; font-weight: 800; color: #1a2b5e; margin: 0 0 6px 0;\">5%<\/p>\n<p style=\"font-size: 15px; color: #374151; margin: 0 0 8px 0; line-height: 1.5;\">\u00c9 o n\u00edvel de signific\u00e2ncia mais utilizado em pesquisa. Significa que existe 5% de probabilidade de cometer um erro tipo I se a hip\u00f3tese nula for verdadeira e os resultados forem obra do acaso.<\/p>\n<p style=\"font-size: 13px; color: #6b7280; margin: 0;\">Fonte: Scribbr, Statistics Reference, 2024<\/p>\n<\/div>\n<p>O contexto define quanto risco tipo I \u00e9 aceit\u00e1vel. Em investiga\u00e7\u00e3o m\u00e9dica, onde um falso positivo pode resultar na aprova\u00e7\u00e3o de um tratamento ineficaz, usa-se \u03b1 = 0,01 ou at\u00e9 \u03b1 = 0,001. Em pesquisa de mercado ou ci\u00eancias sociais, \u03b1 = 0,05 \u00e9 o padr\u00e3o habitual. O que voc\u00ea nunca deve fazer \u00e9 olhar os resultados primeiro e ajustar \u03b1 depois: isso \u00e9 p-hacking e destr\u00f3i a validade da an\u00e1lise.<\/p>\n<h2>Como ocorre o erro tipo II: o falso negativo<\/h2>\n<p>O erro tipo II ocorre quando seu teste estat\u00edstico n\u00e3o consegue detectar um efeito que existe na realidade. Sua probabilidade \u00e9 representada por \u03b2 (beta), e \u00e9 inversamente proporcional \u00e0 pot\u00eancia estat\u00edstica do estudo. Dito diretamente: se seu estudo tem pouca pot\u00eancia, tem muita chance de deixar passar diferen\u00e7as ou rela\u00e7\u00f5es reais.<\/p>\n<p>Voltando ao exemplo do onboarding: se a nova estrat\u00e9gia realmente melhora a reten\u00e7\u00e3o, mas sua amostra foi pequena demais para detectar essa diferen\u00e7a com o n\u00edvel de confian\u00e7a necess\u00e1rio, seu teste retorna um resultado n\u00e3o significativo. Voc\u00ea conclui que &#8220;n\u00e3o h\u00e1 diferen\u00e7a&#8221; quando na realidade ela existe. Voc\u00ea descarta uma ferramenta que funcionava.<\/p>\n<p>As consequ\u00eancias do erro tipo II tendem a ser subestimadas em rela\u00e7\u00e3o \u00e0s do tipo I, mas n\u00e3o deveriam. No mundo dos neg\u00f3cios, um falso negativo significa oportunidades perdidas: produtos que n\u00e3o s\u00e3o lan\u00e7ados, tratamentos que n\u00e3o s\u00e3o adotados, interven\u00e7\u00f5es descontinuadas antes do tempo. A pergunta n\u00e3o \u00e9 qual erro \u00e9 mais grave em abstrato, mas qual tem maior custo no seu contexto espec\u00edfico.<\/p>\n<div style=\"background: #f8faff; border-left: 5px solid #2D6BE4; border-radius: 0 12px 12px 0; padding: 1.25rem 1.5rem; margin: 1.5rem 0; font-family: Arial,sans-serif;\">\n<p style=\"font-size: 26px; font-weight: 800; color: #1a2b5e; margin: 0 0 6px 0;\">80%<\/p>\n<p style=\"font-size: 15px; color: #374151; margin: 0 0 8px 0; line-height: 1.5;\">\u00c9 o limiar m\u00ednimo de pot\u00eancia estat\u00edstica aceito pela comunidade cient\u00edfica. Um estudo com 80% de pot\u00eancia tem 20% de probabilidade de cometer um erro tipo II (\u03b2 = 0,20).<\/p>\n<p style=\"font-size: 13px; color: #6b7280; margin: 0;\">Fonte: StatPearls \u2013 National Library of Medicine, 2024<\/p>\n<\/div>\n<p>Os fatores que aumentam a probabilidade de um erro tipo II s\u00e3o v\u00e1rios: tamanho de amostra insuficiente, n\u00edvel de signific\u00e2ncia muito baixo (\u03b1 mais restritivo), efeito pequeno dif\u00edcil de detectar e alta variabilidade nos dados. Controlar esses fatores desde o desenho do estudo, antes de coletar um \u00fanico dado, \u00e9 a estrat\u00e9gia mais eficaz para mitigar esse tipo de erro.<\/p>\n<h2>A rela\u00e7\u00e3o entre erro tipo I, erro tipo II e pot\u00eancia estat\u00edstica<\/h2>\n<p>Os tr\u00eas conceitos formam um tri\u00e2ngulo de tens\u00e3o. Voc\u00ea n\u00e3o pode otimizar os tr\u00eas ao mesmo tempo sem ajustar algum par\u00e2metro do desenho. Entender isso muda completamente a forma como voc\u00ea estrutura qualquer teste de hip\u00f3tese.<\/p>\n<p>Quando voc\u00ea baixa \u03b1 (reduz a probabilidade de erro tipo I), automaticamente reduz a pot\u00eancia do teste, o que aumenta \u03b2 (a probabilidade de erro tipo II). Se quiser recuperar pot\u00eancia sem subir \u03b1, a \u00fanica alavanca real \u00e9 aumentar o <a href=\"https:\/\/www.questionpro.com\/pt-br\/tamanho-da-amostra.html\">tamanho da amostra<\/a>. Por isso o c\u00e1lculo do tamanho amostral n\u00e3o \u00e9 um tr\u00e2mite burocr\u00e1tico: \u00e9 a decis\u00e3o mais importante do desenho da sua pesquisa.<\/p>\n<p>A pot\u00eancia estat\u00edstica (1 &#8211; \u03b2) mede a capacidade do teste de detectar um efeito real quando ele existe. Uma pot\u00eancia de 80% significa que, se o efeito existir, seu teste vai detect\u00e1-lo em 80% das repeti\u00e7\u00f5es do experimento. Os 20% restantes s\u00e3o erros tipo II. Aumentar a pot\u00eancia para 90% ou 95% exige amostras significativamente maiores, com implica\u00e7\u00f5es diretas em custos e tempo de campo.<\/p>\n<div style=\"background: #1a2b5e; border-radius: 16px; padding: 2rem; margin: 2rem 0; font-family: Arial,sans-serif;\">\n<p style=\"text-align: center; color: #ffffff; font-size: 16px; font-weight: bold; margin: 0 0 1.5rem 0; letter-spacing: 1px; text-transform: uppercase;\">RELA\u00c7\u00c3O ENTRE OS TR\u00caS PAR\u00c2METROS-CHAVE<\/p>\n<div style=\"background: #ffffff; border-radius: 10px; padding: 1rem 1.25rem; margin-bottom: 0.75rem; display: flex; align-items: flex-start; gap: 1rem;\">\n<div style=\"background: #2D6BE4; color: #fff; font-weight: 800; font-size: 16px; min-width: 42px; height: 42px; border-radius: 50%; display: flex; align-items: center; justify-content: center; flex-shrink: 0;\">\u03b1<\/div>\n<div>\n<p style=\"margin: 0 0 4px 0; font-weight: bold; color: #111827; font-size: 16px;\">N\u00edvel de signific\u00e2ncia (\u03b1)<\/p>\n<p style=\"margin: 0; color: #6b7280; font-size: 16px; line-height: 1.5;\">Probabilidade de erro tipo I. \u00c9 definido antes de executar o teste. Baixar \u03b1 reduz os falsos positivos, mas aumenta \u03b2.<\/p>\n<\/div>\n<\/div>\n<div style=\"background: #ffffff; border-radius: 10px; padding: 1rem 1.25rem; margin-bottom: 0.75rem; display: flex; align-items: flex-start; gap: 1rem;\">\n<div style=\"background: #2D6BE4; color: #fff; font-weight: 800; font-size: 16px; min-width: 42px; height: 42px; border-radius: 50%; display: flex; align-items: center; justify-content: center; flex-shrink: 0;\">\u03b2<\/div>\n<div>\n<p style=\"margin: 0 0 4px 0; font-weight: bold; color: #111827; font-size: 16px;\">Erro tipo II (\u03b2)<\/p>\n<p style=\"margin: 0; color: #6b7280; font-size: 16px; line-height: 1.5;\">Probabilidade de n\u00e3o detectar um efeito real. Reduz-se aumentando a pot\u00eancia ou o tamanho da amostra.<\/p>\n<\/div>\n<\/div>\n<div style=\"background: #ffffff; border-radius: 10px; padding: 1rem 1.25rem; display: flex; align-items: flex-start; gap: 1rem;\">\n<div style=\"background: #2D6BE4; color: #fff; font-weight: 800; font-size: 16px; min-width: 42px; height: 42px; border-radius: 50%; display: flex; align-items: center; justify-content: center; flex-shrink: 0;\">1-\u03b2<\/div>\n<div>\n<p style=\"margin: 0 0 4px 0; font-weight: bold; color: #111827; font-size: 16px;\">Pot\u00eancia estat\u00edstica (1 &#8211; \u03b2)<\/p>\n<p style=\"margin: 0; color: #6b7280; font-size: 16px; line-height: 1.5;\">Probabilidade de detectar um efeito quando ele existe. O padr\u00e3o m\u00ednimo aceito \u00e9 \u2265 80%. Alcan\u00e7a-se principalmente ajustando o tamanho da amostra.<\/p>\n<\/div>\n<\/div>\n<\/div>\n<h2>Diferen\u00e7as entre erro tipo I e erro tipo II<\/h2>\n<p>Para ter os dois conceitos bem definidos, esta tabela comparativa permite visualizar suas caracter\u00edsticas principais de forma r\u00e1pida.<\/p>\n<table style=\"border-collapse: collapse; width: 100%; margin: 1.5rem 0;\">\n<thead>\n<tr>\n<th style=\"background: #1a2b5e; color: #fff; padding: 10px 14px; border: 1px solid #c5cfe8; font-size: 14px; text-align: left;\">Par\u00e2metro<\/th>\n<th style=\"background: #162450; color: #fff; padding: 10px 14px; border: 1px solid #c5cfe8; font-size: 14px; text-align: left;\">Erro tipo I<\/th>\n<th style=\"background: #1a2b5e; color: #fff; padding: 10px 14px; border: 1px solid #c5cfe8; font-size: 14px; text-align: left;\">Erro tipo II<\/th>\n<\/tr>\n<\/thead>\n<tbody>\n<tr>\n<td style=\"background: #ffffff; padding: 9px 14px; border: 1px solid #e5e7eb; font-size: 14px; vertical-align: top; font-weight: 600;\">Tamb\u00e9m chamado de<\/td>\n<td style=\"background: #f0f4ff; padding: 9px 14px; border: 1px solid #e5e7eb; font-size: 14px; vertical-align: top;\">Falso positivo<\/td>\n<td style=\"background: #ffffff; padding: 9px 14px; border: 1px solid #e5e7eb; font-size: 14px; vertical-align: top;\">Falso negativo<\/td>\n<\/tr>\n<tr>\n<td style=\"background: #ffffff; padding: 9px 14px; border: 1px solid #e5e7eb; font-size: 14px; vertical-align: top; font-weight: 600;\">S\u00edmbolo<\/td>\n<td style=\"background: #f0f4ff; padding: 9px 14px; border: 1px solid #e5e7eb; font-size: 14px; vertical-align: top;\">\u03b1 (alfa)<\/td>\n<td style=\"background: #ffffff; padding: 9px 14px; border: 1px solid #e5e7eb; font-size: 14px; vertical-align: top;\">\u03b2 (beta)<\/td>\n<\/tr>\n<tr>\n<td style=\"background: #ffffff; padding: 9px 14px; border: 1px solid #e5e7eb; font-size: 14px; vertical-align: top; font-weight: 600;\">O que ocorre<\/td>\n<td style=\"background: #f0f4ff; padding: 9px 14px; border: 1px solid #e5e7eb; font-size: 14px; vertical-align: top;\">Voc\u00ea rejeita H\u2080 quando ela era verdadeira<\/td>\n<td style=\"background: #ffffff; padding: 9px 14px; border: 1px solid #e5e7eb; font-size: 14px; vertical-align: top;\">Voc\u00ea n\u00e3o rejeita H\u2080 quando ela era falsa<\/td>\n<\/tr>\n<tr>\n<td style=\"background: #ffffff; padding: 9px 14px; border: 1px solid #e5e7eb; font-size: 14px; vertical-align: top; font-weight: 600;\">Consequ\u00eancia pr\u00e1tica<\/td>\n<td style=\"background: #f0f4ff; padding: 9px 14px; border: 1px solid #e5e7eb; font-size: 14px; vertical-align: top;\">Voc\u00ea conclui um efeito que n\u00e3o existe<\/td>\n<td style=\"background: #ffffff; padding: 9px 14px; border: 1px solid #e5e7eb; font-size: 14px; vertical-align: top;\">Voc\u00ea n\u00e3o detecta um efeito que existe<\/td>\n<\/tr>\n<tr>\n<td style=\"background: #ffffff; padding: 9px 14px; border: 1px solid #e5e7eb; font-size: 14px; vertical-align: top; font-weight: 600;\">Como reduzir<\/td>\n<td style=\"background: #f0f4ff; padding: 9px 14px; border: 1px solid #e5e7eb; font-size: 14px; vertical-align: top;\">Estabelecer \u03b1 mais baixo (0,01; 0,001)<\/td>\n<td style=\"background: #ffffff; padding: 9px 14px; border: 1px solid #e5e7eb; font-size: 14px; vertical-align: top;\">Aumentar a pot\u00eancia (maior tamanho de amostra)<\/td>\n<\/tr>\n<tr>\n<td style=\"background: #ffffff; padding: 9px 14px; border: 1px solid #e5e7eb; font-size: 14px; vertical-align: top; font-weight: 600;\">Relacionado com<\/td>\n<td style=\"background: #f0f4ff; padding: 9px 14px; border: 1px solid #e5e7eb; font-size: 14px; vertical-align: top;\">Valor-p e n\u00edvel de signific\u00e2ncia<\/td>\n<td style=\"background: #ffffff; padding: 9px 14px; border: 1px solid #e5e7eb; font-size: 14px; vertical-align: top;\">Pot\u00eancia estat\u00edstica (1-\u03b2)<\/td>\n<\/tr>\n<\/tbody>\n<\/table>\n<h2>Como prevenir os erros tipo I e tipo II no desenho da sua pesquisa<\/h2>\n<p>A chave est\u00e1 em tomar decis\u00f5es antes de coletar dados, n\u00e3o depois. Os erros estat\u00edsticos se gerenciam na fase de desenho; tentar &#8220;corrigi-los&#8221; ap\u00f3s a an\u00e1lise \u00e9, na melhor das hip\u00f3teses, ineficiente, e na pior, uma forma de vi\u00e9s que invalida os resultados.<\/p>\n<p>Para reduzir o erro tipo I, defina o n\u00edvel de signific\u00e2ncia (\u03b1) antes de iniciar o teste. O padr\u00e3o mais comum \u00e9 0,05, mas em contextos onde um falso positivo tem consequ\u00eancias graves usa-se 0,01 ou 0,001. O que voc\u00ea n\u00e3o deve fazer jamais \u00e9 olhar os resultados primeiro e ajustar \u03b1 depois: isso \u00e9 p-hacking e destr\u00f3i a validade da an\u00e1lise.<\/p>\n<p>Para reduzir o erro tipo II, a principal alavanca \u00e9 o tamanho da amostra. Mas tamb\u00e9m influem o tamanho do efeito esperado e a variabilidade dos dados. Se voc\u00ea est\u00e1 buscando diferen\u00e7as pequenas entre grupos, vai precisar de amostras maiores. Se o efeito esperado \u00e9 grande e claro, um estudo menor pode ser suficiente. Realizar uma an\u00e1lise de pot\u00eancia antes do estudo fornece esse c\u00e1lculo com precis\u00e3o e evita iniciar um projeto sem as condi\u00e7\u00f5es necess\u00e1rias para chegar a conclus\u00f5es v\u00e1lidas.<\/p>\n<blockquote style=\"border-left: 4px solid #2D6BE4; margin: 1.5rem 0; padding: 1rem 1.5rem; background: #f8faff; border-radius: 0 8px 8px 0; font-family: Arial,sans-serif;\">\n<p style=\"font-size: 16px; font-style: italic; color: #1a2b5e; margin: 0 0 8px 0; line-height: 1.6;\">&#8220;Infelizmente, muitos pesquisadores e profissionais que avaliam literatura m\u00e9dica n\u00e3o examinam a fundo as an\u00e1lises de pot\u00eancia. Estudos com baixa pot\u00eancia encontram menos efeitos verdadeiros do que estudos com alta pot\u00eancia.&#8221;<\/p>\n<p><cite style=\"font-size: 13px; color: #6b7280; font-style: normal;\">\u2014 StatPearls, National Library of Medicine, 2024<\/cite><\/p><\/blockquote>\n<p>Controlar os dois erros ao mesmo tempo exige um equil\u00edbrio consciente: n\u00e3o existe um desenho que os elimine a zero sem recursos infinitos. A estrat\u00e9gia \u00e9 definir prioridades conforme as consequ\u00eancias de cada tipo de erro no seu contexto espec\u00edfico e desenhar o estudo de acordo.<\/p>\n<h2>Como o QuestionPro ajuda a mitigar os erros tipo I e tipo II<\/h2>\n<p>O QuestionPro conta com as ferramentas anal\u00edticas e de controle de dados necess\u00e1rias para lidar com os dois tipos de erros durante os testes de hip\u00f3tese, tanto na fase de desenho quanto na de an\u00e1lise dos resultados.<\/p>\n<p>Para a detec\u00e7\u00e3o de rela\u00e7\u00f5es entre vari\u00e1veis, a plataforma permite realizar <a href=\"https:\/\/www.questionpro.com\/blog\/pt-br\/5-metodos-de-analise-estatistica-para-pesquisa-e-analise\/\">an\u00e1lises estat\u00edsticas avan\u00e7adas<\/a> dentro do seu painel de relat\u00f3rios, incluindo o Teste Qui-Quadrado de Pearson, \u00fatil para analisar rela\u00e7\u00f5es entre vari\u00e1veis categ\u00f3ricas, e <a href=\"https:\/\/www.questionpro.com\/blog\/pt-br\/teste-t\/\">Testes T (T-tests)<\/a> para comparar propor\u00e7\u00f5es de colunas. Esses testes geram automaticamente o valor-p e a signific\u00e2ncia estat\u00edstica necess\u00e1rios para tomar decis\u00f5es sobre a hip\u00f3tese nula com base em evid\u00eancia quantific\u00e1vel.<\/p>\n<p>Em rela\u00e7\u00e3o ao controle do erro tipo I, o sistema permite ajustar de forma manual e precisa o n\u00edvel de signific\u00e2ncia (\u03b1). Dependendo do rigor do estudo, voc\u00ea pode definir o limiar em \u03b1 = 0,01, \u03b1 = 0,05 ou \u03b1 = 0,10; o sistema calcular\u00e1 automaticamente se as rela\u00e7\u00f5es entre vari\u00e1veis s\u00e3o estatisticamente significativas com base nesse par\u00e2metro de controle, sem a necessidade de interven\u00e7\u00e3o post-hoc.<\/p>\n<p>Para mitigar o erro tipo II, o QuestionPro facilita o desenho de estudos com alta pot\u00eancia estat\u00edstica por meio do seu motor de Cotas Avan\u00e7adas (Advanced Quotas) e das ferramentas de an\u00e1lise de c\u00e9lulas significativas. Essas funcionalidades permitem garantir que o tamanho da amostra seja suficiente para revelar diferen\u00e7as ou depend\u00eancias reais entre vari\u00e1veis, reduzindo a probabilidade de obter falsos negativos por insufici\u00eancia amostral.<\/p>\n<blockquote style=\"border-left: 4px solid #2D6BE4; margin: 1.5rem 0; padding: 1rem 1.5rem; background: #f8faff; border-radius: 0 8px 8px 0; font-family: Arial,sans-serif;\">\n<p style=\"font-size: 16px; font-style: italic; color: #1a2b5e; margin: 0 0 8px 0; line-height: 1.6;\">&#8220;Desenhar o estudo corretamente desde o in\u00edcio \u00e9 a \u00fanica forma de controlar os erros estat\u00edsticos com rigor. As ferramentas de cotas avan\u00e7adas e o controle de signific\u00e2ncia integrado permitem que os pesquisadores tomem essas decis\u00f5es no momento em que realmente importam: antes de coletar um \u00fanico dado.&#8221;<\/p>\n<p><cite style=\"font-size: 13px; color: #6b7280; font-style: normal;\">\u2014 QuestionPro Research Team<\/cite><\/p><\/blockquote>\n<p>O resultado pr\u00e1tico \u00e9 que as equipes de pesquisa podem configurar seus estudos dentro do QuestionPro com crit\u00e9rios estat\u00edsticos precisos, em vez de depender de ajustes manuais externos ou de ferramentas de an\u00e1lise desconectadas do processo de coleta de dados.<\/p>\n<h2>Conclus\u00e3o<\/h2>\n<p>Os erros tipo I e tipo II n\u00e3o s\u00e3o falhas do pesquisador: s\u00e3o consequ\u00eancias estruturais de tomar decis\u00f5es sob incerteza estat\u00edstica. O que est\u00e1 no seu controle \u00e9 como voc\u00ea desenha o estudo para mant\u00ea-los dentro de limites aceit\u00e1veis. Definir \u03b1 antes de executar o teste, calcular a pot\u00eancia necess\u00e1ria e garantir um tamanho de amostra adequado s\u00e3o os tr\u00eas pilares de qualquer pesquisa estatisticamente rigorosa.<\/p>\n<p>Quer saber como o <a href=\"https:\/\/www.questionpro.com\/pt-br\/\">QuestionPro<\/a> pode ajudar voc\u00ea a desenhar estudos com maior precis\u00e3o estat\u00edstica e menor risco de erro? Fale com nossa equipe hoje.<\/p>\n\n\t<div class=\"banner-section wf-section\" lang=\"\" >\n\t\t<div class=\"right-column-container\">\n\t\t\t<div class=\"bannerbg white\">\n\t\t\t\t<span class=\"h1-2\">Crie experi\u00eancias memor\u00e1veis com base em dados em tempo real, insights e an\u00e1lises avan\u00e7adas<\/span>\n\t\t\t\t<a href=\"#userliteForm\" data-toggle=\"modal\" class=\"button w-button\">Agendar demo<\/a>\n\t\t\t<\/div>\n\t\t<\/div>\n\t<\/div>\n\t<div class=\"userlite-modal modal fade\" id=\"userliteForm\" tabindex=\"-1\" role=\"dialog\" style=\"display: none;\">\n\t\t<div class=\"modal-dialog\" role=\"document\">\n\t\t\t<div class=\"modal-content\" role=\"document\">\n\t\t\t\t<div class=\"modal-body\">\n\t\t\t\t\t<div class=\"modal-header\">\n\t\t\t\t\t\t<button type=\"button\" class=\"close\" data-dismiss=\"modal\" aria-label=\"Close\">\n\t\t\t\t\t\t\t<i class=\"material-icons\">close<\/i>\n\t\t\t\t\t\t<\/button>\n\t\t\t\t\t<\/div>\n\t\t\t\t\t<div class=\"contact-us-form-wrapper contact-box\">\n\t\t\t\t\t\t<div class=\"userlite-form-wrapper\">\n\t\t\t\t\t\t\t<iframe src=\"https:\/\/www.questionpro.com\/userlite-form-blog-portuguese.html?product=Surveys&amp;referralurl=https:\/\/www.questionpro.com\/blog\/pt-br\/wp-json\/wp\/v2\/posts\/&amp;lang=pt_br&amp;cat=pesquisa-de-mercado\" style=\"display: block;\" ><\/iframe>\n\t\t\t\t\t\t<\/div>\n\t\t\t\t\t\t<div class=\"demo-form-wrapper success-message-div\" style=\"display:none\">\n\t\t\t\t\t\t\t<p class=\"success-message-para\"><\/p>\n\t\t\t\t\t\t<\/div>\n\t\t\t\t\t<\/div>\n\t\t\t\t<\/div>\n\t\t\t<\/div>\n\t\t<\/div>\n\t<\/div>\n<div class=\"schema-faq wp-block-yoast-faq-block\">\n<div class=\"schema-faq-section\"><strong class=\"schema-faq-question\">Qual \u00e9 a diferen\u00e7a entre erro tipo I e erro tipo II?<\/strong><\/p>\n<p class=\"schema-faq-answer\">O erro tipo I ocorre quando voc\u00ea rejeita uma hip\u00f3tese nula verdadeira, ou seja, conclui que existe um efeito quando na realidade n\u00e3o existe (falso positivo). O erro tipo II \u00e9 o oposto: voc\u00ea n\u00e3o rejeita uma hip\u00f3tese nula falsa, isto \u00e9, n\u00e3o detecta um efeito real que existe (falso negativo). Os dois s\u00e3o consequ\u00eancias inevit\u00e1veis da estat\u00edstica inferencial, mas se controlam com ferramentas diferentes: o n\u00edvel de signific\u00e2ncia (\u03b1) para o tipo I, e a pot\u00eancia estat\u00edstica para o tipo II.<\/p>\n<\/div>\n<div class=\"schema-faq-section\"><strong class=\"schema-faq-question\">O que \u00e9 o n\u00edvel de signific\u00e2ncia e como ele afeta os erros estat\u00edsticos?<\/strong><\/p>\n<p class=\"schema-faq-answer\">O n\u00edvel de signific\u00e2ncia (\u03b1) define a probabilidade m\u00e1xima de cometer um erro tipo I. Se \u03b1 = 0,05, voc\u00ea aceita que h\u00e1 5% de chance de concluir um efeito inexistente. Ao reduzir \u03b1 (por exemplo, para 0,01), voc\u00ea reduz a probabilidade de falsos positivos, mas tamb\u00e9m reduz a pot\u00eancia estat\u00edstica do teste, o que aumenta o risco de um erro tipo II. Por isso \u00e9 fundamental definir \u03b1 antes de executar a an\u00e1lise, com base nas consequ\u00eancias que cada tipo de erro teria no seu estudo.<\/p>\n<\/div>\n<div class=\"schema-faq-section\"><strong class=\"schema-faq-question\">Como reduzir o risco de cometer um erro tipo II?<\/strong><\/p>\n<p class=\"schema-faq-answer\">A forma mais eficaz de reduzir o erro tipo II \u00e9 aumentar a pot\u00eancia estat\u00edstica do estudo. Isso se consegue principalmente com um tamanho de amostra maior, j\u00e1 que uma amostra maior permite detectar diferen\u00e7as menores com maior certeza. Tamb\u00e9m influem o tamanho do efeito esperado e o n\u00edvel de signific\u00e2ncia selecionado. O ideal \u00e9 realizar uma an\u00e1lise de pot\u00eancia antes de iniciar a pesquisa para determinar exatamente quantos participantes voc\u00ea precisa para que o estudo seja conclusivo.<\/p>\n<\/div>\n<div class=\"schema-faq-section\"><strong class=\"schema-faq-question\">O que \u00e9 pot\u00eancia estat\u00edstica e por que ela importa nos testes de hip\u00f3tese?<\/strong><\/p>\n<p class=\"schema-faq-answer\">A pot\u00eancia estat\u00edstica (1 &#8211; \u03b2) \u00e9 a probabilidade de que um estudo detecte um efeito real quando ele verdadeiramente existe. Um estudo com 80% de pot\u00eancia tem 20% de probabilidade de cometer um erro tipo II. A comunidade cient\u00edfica aceita como padr\u00e3o m\u00ednimo uma pot\u00eancia de 80%. Se a pot\u00eancia for insuficiente, o estudo pode produzir resultados n\u00e3o significativos mesmo quando h\u00e1 efeitos reais, levando a descartar interven\u00e7\u00f5es que funcionam ou a ignorar diferen\u00e7as que exigem a\u00e7\u00e3o.<\/p>\n<\/div>\n<div class=\"schema-faq-section\"><strong class=\"schema-faq-question\">Quando o erro tipo I \u00e9 mais grave e quando o erro tipo II \u00e9 mais grave?<\/strong><\/p>\n<p class=\"schema-faq-answer\">Depende do contexto. O erro tipo I \u00e9 mais grave quando agir com base em um falso positivo tem consequ\u00eancias custosas ou perigosas: aprovar um medicamento ineficaz, lan\u00e7ar um produto sem demanda real ou redirecionar recursos para uma estrat\u00e9gia sem efeito comprovado. O erro tipo II \u00e9 mais grave quando n\u00e3o detectar um efeito real tem consequ\u00eancias s\u00e9rias: n\u00e3o identificar um risco de sa\u00fade, descartar uma inova\u00e7\u00e3o que funciona ou ignorar uma diferen\u00e7a significativa entre grupos que exige a\u00e7\u00e3o imediata.<\/p>\n<\/div>\n<\/div>\n","protected":false},"excerpt":{"rendered":"<p>O que s\u00e3o os erros tipo I e tipo II em testes de hip\u00f3tese, por que ocorrem e como control\u00e1-los com n\u00edvel de signific\u00e2ncia e pot\u00eancia estat\u00edstica.<\/p>\n","protected":false},"author":42,"featured_media":1088337,"comment_status":"closed","ping_status":"closed","sticky":false,"template":"","format":"standard","meta":{"_yoast_wpseo_focuskw":"erros tipo I e tipo II","_yoast_wpseo_title":"Erros tipo I e tipo II: o que s\u00e3o e como evit\u00e1-los","_yoast_wpseo_metadesc":"O que s\u00e3o os erros tipo I e tipo II em testes de hip\u00f3tese, por que ocorrem e como control\u00e1-los com n\u00edvel de signific\u00e2ncia e pot\u00eancia estat\u00edstica.","_genesis_hide_title":false,"_genesis_hide_breadcrumbs":false,"_genesis_hide_singular_image":false,"_genesis_hide_footer_widgets":false,"_genesis_custom_body_class":"","_genesis_custom_post_class":"","_genesis_layout":"","footnotes":""},"categories":[243],"tags":[],"yoast_head":"<!-- This site is optimized with the Yoast SEO plugin v20.4 - https:\/\/yoast.com\/wordpress\/plugins\/seo\/ -->\n<title>Erros tipo I e tipo II: o que s\u00e3o e como evit\u00e1-los<\/title>\n<meta name=\"description\" content=\"O que s\u00e3o os erros tipo I e tipo II em testes de hip\u00f3tese, por que ocorrem e como control\u00e1-los com n\u00edvel de signific\u00e2ncia e pot\u00eancia estat\u00edstica.\" \/>\n<meta name=\"robots\" content=\"index, follow, max-snippet:-1, max-image-preview:large, max-video-preview:-1\" \/>\n<link rel=\"canonical\" href=\"https:\/\/www.questionpro.com\/blog\/pt-br\/erros-tipo-i-e-tipo-ii\/\" \/>\n<meta property=\"og:locale\" content=\"pt_BR\" \/>\n<meta property=\"og:type\" content=\"article\" \/>\n<meta property=\"og:title\" content=\"Erros tipo I e tipo II: o que s\u00e3o e como evit\u00e1-los\" \/>\n<meta property=\"og:description\" content=\"O que s\u00e3o os erros tipo I e tipo II em testes de hip\u00f3tese, por que ocorrem e como control\u00e1-los com n\u00edvel de signific\u00e2ncia e pot\u00eancia estat\u00edstica.\" \/>\n<meta property=\"og:url\" content=\"https:\/\/www.questionpro.com\/blog\/pt-br\/erros-tipo-i-e-tipo-ii\/\" \/>\n<meta property=\"og:site_name\" content=\"QuestionPro\" \/>\n<meta property=\"article:publisher\" content=\"https:\/\/www.facebook.com\/questionpro\" \/>\n<meta property=\"article:published_time\" content=\"2026-08-25T11:00:00+00:00\" \/>\n<meta property=\"article:modified_time\" content=\"2026-07-29T23:07:21+00:00\" \/>\n<meta property=\"og:image\" content=\"https:\/\/www.questionpro.com\/blog\/wp-content\/uploads\/2026\/07\/cover-erros-tipo-i-e-tipo-ii-em-estatistica.jpg\" \/>\n\t<meta property=\"og:image:width\" content=\"1255\" \/>\n\t<meta property=\"og:image:height\" content=\"705\" \/>\n\t<meta property=\"og:image:type\" content=\"image\/jpeg\" \/>\n<meta name=\"author\" content=\"Cristina Ortega\" \/>\n<meta name=\"twitter:card\" content=\"summary_large_image\" \/>\n<meta name=\"twitter:creator\" content=\"@questionpro\" \/>\n<meta name=\"twitter:site\" content=\"@questionpro\" \/>\n<meta name=\"twitter:label1\" content=\"Escrito por\" \/>\n\t<meta name=\"twitter:data1\" content=\"Cristina Ortega\" \/>\n\t<meta name=\"twitter:label2\" content=\"Est. tempo de leitura\" \/>\n\t<meta name=\"twitter:data2\" content=\"12 minutos\" \/>\n<script type=\"application\/ld+json\" class=\"yoast-schema-graph\">{\"@context\":\"https:\/\/schema.org\",\"@graph\":[{\"@type\":\"Article\",\"@id\":\"https:\/\/www.questionpro.com\/blog\/pt-br\/erros-tipo-i-e-tipo-ii\/#article\",\"isPartOf\":{\"@id\":\"https:\/\/www.questionpro.com\/blog\/pt-br\/erros-tipo-i-e-tipo-ii\/\"},\"author\":{\"name\":\"Cristina Ortega\",\"@id\":\"https:\/\/www.questionpro.com\/blog\/pt-br\/#\/schema\/person\/36aae2d8eed7708b6408f95c0198593d\"},\"headline\":\"Erros tipo I e tipo II: o que s\u00e3o e como evit\u00e1-los na sua pesquisa\",\"datePublished\":\"2026-08-25T11:00:00+00:00\",\"dateModified\":\"2026-07-29T23:07:21+00:00\",\"mainEntityOfPage\":{\"@id\":\"https:\/\/www.questionpro.com\/blog\/pt-br\/erros-tipo-i-e-tipo-ii\/\"},\"wordCount\":2860,\"publisher\":{\"@id\":\"https:\/\/www.questionpro.com\/blog\/pt-br\/#organization\"},\"articleSection\":[\"Pesquisa de mercado\"],\"inLanguage\":\"pt-BR\"},{\"@type\":\"WebPage\",\"@id\":\"https:\/\/www.questionpro.com\/blog\/pt-br\/erros-tipo-i-e-tipo-ii\/\",\"url\":\"https:\/\/www.questionpro.com\/blog\/pt-br\/erros-tipo-i-e-tipo-ii\/\",\"name\":\"Erros tipo I e tipo II: o que s\u00e3o e como evit\u00e1-los\",\"isPartOf\":{\"@id\":\"https:\/\/www.questionpro.com\/blog\/pt-br\/#website\"},\"datePublished\":\"2026-08-25T11:00:00+00:00\",\"dateModified\":\"2026-07-29T23:07:21+00:00\",\"description\":\"O que s\u00e3o os erros tipo I e tipo II em testes de hip\u00f3tese, por que ocorrem e como control\u00e1-los com n\u00edvel de signific\u00e2ncia e pot\u00eancia estat\u00edstica.\",\"breadcrumb\":{\"@id\":\"https:\/\/www.questionpro.com\/blog\/pt-br\/erros-tipo-i-e-tipo-ii\/#breadcrumb\"},\"inLanguage\":\"pt-BR\",\"potentialAction\":[{\"@type\":\"ReadAction\",\"target\":[\"https:\/\/www.questionpro.com\/blog\/pt-br\/erros-tipo-i-e-tipo-ii\/\"]}]},{\"@type\":\"BreadcrumbList\",\"@id\":\"https:\/\/www.questionpro.com\/blog\/pt-br\/erros-tipo-i-e-tipo-ii\/#breadcrumb\",\"itemListElement\":[{\"@type\":\"ListItem\",\"position\":1,\"name\":\"In\u00edcio\",\"item\":\"https:\/\/www.questionpro.com\/blog\/pt-br\/\"},{\"@type\":\"ListItem\",\"position\":2,\"name\":\"Pesquisa de mercado\",\"item\":\"https:\/\/www.questionpro.com\/blog\/pt-br\/category\/pesquisa-de-mercado\/\"},{\"@type\":\"ListItem\",\"position\":3,\"name\":\"Erros tipo I e tipo II: o que s\u00e3o e como evit\u00e1-los na sua pesquisa\"}]},{\"@type\":\"WebSite\",\"@id\":\"https:\/\/www.questionpro.com\/blog\/pt-br\/#website\",\"url\":\"https:\/\/www.questionpro.com\/blog\/pt-br\/\",\"name\":\"QuestionPro\",\"description\":\"\",\"publisher\":{\"@id\":\"https:\/\/www.questionpro.com\/blog\/pt-br\/#organization\"},\"potentialAction\":[{\"@type\":\"SearchAction\",\"target\":{\"@type\":\"EntryPoint\",\"urlTemplate\":\"https:\/\/www.questionpro.com\/blog\/pt-br\/?s={search_term_string}\"},\"query-input\":\"required name=search_term_string\"}],\"inLanguage\":\"pt-BR\"},{\"@type\":\"Organization\",\"@id\":\"https:\/\/www.questionpro.com\/blog\/pt-br\/#organization\",\"name\":\"QuestionPro\",\"url\":\"https:\/\/www.questionpro.com\/blog\/pt-br\/\",\"logo\":{\"@type\":\"ImageObject\",\"inLanguage\":\"pt-BR\",\"@id\":\"https:\/\/www.questionpro.com\/blog\/pt-br\/#\/schema\/logo\/image\/\",\"url\":\"https:\/\/www.questionpro.com\/blog\/wp-content\/uploads\/2022\/10\/questionpro-logo.svg\",\"contentUrl\":\"https:\/\/www.questionpro.com\/blog\/wp-content\/uploads\/2022\/10\/questionpro-logo.svg\",\"caption\":\"QuestionPro\"},\"image\":{\"@id\":\"https:\/\/www.questionpro.com\/blog\/pt-br\/#\/schema\/logo\/image\/\"},\"sameAs\":[\"https:\/\/www.facebook.com\/questionpro\",\"https:\/\/twitter.com\/questionpro\",\"https:\/\/www.linkedin.com\/company\/questionpro\/\"]},{\"@type\":\"Person\",\"@id\":\"https:\/\/www.questionpro.com\/blog\/pt-br\/#\/schema\/person\/36aae2d8eed7708b6408f95c0198593d\",\"name\":\"Cristina Ortega\",\"image\":{\"@type\":\"ImageObject\",\"inLanguage\":\"pt-BR\",\"@id\":\"https:\/\/www.questionpro.com\/blog\/pt-br\/#\/schema\/person\/image\/\",\"url\":\"https:\/\/secure.gravatar.com\/avatar\/49635f2181bfe83c436d50b9a8bf1f2e?s=96&d=mm&r=g\",\"contentUrl\":\"https:\/\/secure.gravatar.com\/avatar\/49635f2181bfe83c436d50b9a8bf1f2e?s=96&d=mm&r=g\",\"caption\":\"Cristina Ortega\"},\"url\":\"https:\/\/www.questionpro.com\/blog\/pt-br\/author\/cristinaortega\/\"}]}<\/script>\n<!-- \/ Yoast SEO plugin. -->","yoast_head_json":{"title":"Erros tipo I e tipo II: o que s\u00e3o e como evit\u00e1-los","description":"O que s\u00e3o os erros tipo I e tipo II em testes de hip\u00f3tese, por que ocorrem e como control\u00e1-los com n\u00edvel de signific\u00e2ncia e pot\u00eancia estat\u00edstica.","robots":{"index":"index","follow":"follow","max-snippet":"max-snippet:-1","max-image-preview":"max-image-preview:large","max-video-preview":"max-video-preview:-1"},"canonical":"https:\/\/www.questionpro.com\/blog\/pt-br\/erros-tipo-i-e-tipo-ii\/","og_locale":"pt_BR","og_type":"article","og_title":"Erros tipo I e tipo II: o que s\u00e3o e como evit\u00e1-los","og_description":"O que s\u00e3o os erros tipo I e tipo II em testes de hip\u00f3tese, por que ocorrem e como control\u00e1-los com n\u00edvel de signific\u00e2ncia e pot\u00eancia estat\u00edstica.","og_url":"https:\/\/www.questionpro.com\/blog\/pt-br\/erros-tipo-i-e-tipo-ii\/","og_site_name":"QuestionPro","article_publisher":"https:\/\/www.facebook.com\/questionpro","article_published_time":"2026-08-25T11:00:00+00:00","article_modified_time":"2026-07-29T23:07:21+00:00","og_image":[{"width":1255,"height":705,"url":"https:\/\/www.questionpro.com\/blog\/wp-content\/uploads\/2026\/07\/cover-erros-tipo-i-e-tipo-ii-em-estatistica.jpg","type":"image\/jpeg"}],"author":"Cristina Ortega","twitter_card":"summary_large_image","twitter_creator":"@questionpro","twitter_site":"@questionpro","twitter_misc":{"Escrito por":"Cristina Ortega","Est. tempo de leitura":"12 minutos"},"schema":{"@context":"https:\/\/schema.org","@graph":[{"@type":"Article","@id":"https:\/\/www.questionpro.com\/blog\/pt-br\/erros-tipo-i-e-tipo-ii\/#article","isPartOf":{"@id":"https:\/\/www.questionpro.com\/blog\/pt-br\/erros-tipo-i-e-tipo-ii\/"},"author":{"name":"Cristina Ortega","@id":"https:\/\/www.questionpro.com\/blog\/pt-br\/#\/schema\/person\/36aae2d8eed7708b6408f95c0198593d"},"headline":"Erros tipo I e tipo II: o que s\u00e3o e como evit\u00e1-los na sua pesquisa","datePublished":"2026-08-25T11:00:00+00:00","dateModified":"2026-07-29T23:07:21+00:00","mainEntityOfPage":{"@id":"https:\/\/www.questionpro.com\/blog\/pt-br\/erros-tipo-i-e-tipo-ii\/"},"wordCount":2860,"publisher":{"@id":"https:\/\/www.questionpro.com\/blog\/pt-br\/#organization"},"articleSection":["Pesquisa de mercado"],"inLanguage":"pt-BR"},{"@type":"WebPage","@id":"https:\/\/www.questionpro.com\/blog\/pt-br\/erros-tipo-i-e-tipo-ii\/","url":"https:\/\/www.questionpro.com\/blog\/pt-br\/erros-tipo-i-e-tipo-ii\/","name":"Erros tipo I e tipo II: o que s\u00e3o e como evit\u00e1-los","isPartOf":{"@id":"https:\/\/www.questionpro.com\/blog\/pt-br\/#website"},"datePublished":"2026-08-25T11:00:00+00:00","dateModified":"2026-07-29T23:07:21+00:00","description":"O que s\u00e3o os erros tipo I e tipo II em testes de hip\u00f3tese, por que ocorrem e como control\u00e1-los com n\u00edvel de signific\u00e2ncia e pot\u00eancia estat\u00edstica.","breadcrumb":{"@id":"https:\/\/www.questionpro.com\/blog\/pt-br\/erros-tipo-i-e-tipo-ii\/#breadcrumb"},"inLanguage":"pt-BR","potentialAction":[{"@type":"ReadAction","target":["https:\/\/www.questionpro.com\/blog\/pt-br\/erros-tipo-i-e-tipo-ii\/"]}]},{"@type":"BreadcrumbList","@id":"https:\/\/www.questionpro.com\/blog\/pt-br\/erros-tipo-i-e-tipo-ii\/#breadcrumb","itemListElement":[{"@type":"ListItem","position":1,"name":"In\u00edcio","item":"https:\/\/www.questionpro.com\/blog\/pt-br\/"},{"@type":"ListItem","position":2,"name":"Pesquisa de mercado","item":"https:\/\/www.questionpro.com\/blog\/pt-br\/category\/pesquisa-de-mercado\/"},{"@type":"ListItem","position":3,"name":"Erros tipo I e tipo II: o que s\u00e3o e como evit\u00e1-los na sua pesquisa"}]},{"@type":"WebSite","@id":"https:\/\/www.questionpro.com\/blog\/pt-br\/#website","url":"https:\/\/www.questionpro.com\/blog\/pt-br\/","name":"QuestionPro","description":"","publisher":{"@id":"https:\/\/www.questionpro.com\/blog\/pt-br\/#organization"},"potentialAction":[{"@type":"SearchAction","target":{"@type":"EntryPoint","urlTemplate":"https:\/\/www.questionpro.com\/blog\/pt-br\/?s={search_term_string}"},"query-input":"required name=search_term_string"}],"inLanguage":"pt-BR"},{"@type":"Organization","@id":"https:\/\/www.questionpro.com\/blog\/pt-br\/#organization","name":"QuestionPro","url":"https:\/\/www.questionpro.com\/blog\/pt-br\/","logo":{"@type":"ImageObject","inLanguage":"pt-BR","@id":"https:\/\/www.questionpro.com\/blog\/pt-br\/#\/schema\/logo\/image\/","url":"https:\/\/www.questionpro.com\/blog\/wp-content\/uploads\/2022\/10\/questionpro-logo.svg","contentUrl":"https:\/\/www.questionpro.com\/blog\/wp-content\/uploads\/2022\/10\/questionpro-logo.svg","caption":"QuestionPro"},"image":{"@id":"https:\/\/www.questionpro.com\/blog\/pt-br\/#\/schema\/logo\/image\/"},"sameAs":["https:\/\/www.facebook.com\/questionpro","https:\/\/twitter.com\/questionpro","https:\/\/www.linkedin.com\/company\/questionpro\/"]},{"@type":"Person","@id":"https:\/\/www.questionpro.com\/blog\/pt-br\/#\/schema\/person\/36aae2d8eed7708b6408f95c0198593d","name":"Cristina Ortega","image":{"@type":"ImageObject","inLanguage":"pt-BR","@id":"https:\/\/www.questionpro.com\/blog\/pt-br\/#\/schema\/person\/image\/","url":"https:\/\/secure.gravatar.com\/avatar\/49635f2181bfe83c436d50b9a8bf1f2e?s=96&d=mm&r=g","contentUrl":"https:\/\/secure.gravatar.com\/avatar\/49635f2181bfe83c436d50b9a8bf1f2e?s=96&d=mm&r=g","caption":"Cristina Ortega"},"url":"https:\/\/www.questionpro.com\/blog\/pt-br\/author\/cristinaortega\/"}]}},"featured_image_src":"https:\/\/www.questionpro.com\/blog\/wp-content\/uploads\/2026\/07\/cover-erros-tipo-i-e-tipo-ii-em-estatistica-600x400.jpg","featured_image_src_square":"https:\/\/www.questionpro.com\/blog\/wp-content\/uploads\/2026\/07\/cover-erros-tipo-i-e-tipo-ii-em-estatistica-600x600.jpg","author_info":{"display_name":"Cristina Ortega","author_link":"https:\/\/www.questionpro.com\/blog\/pt-br\/author\/cristinaortega\/"},"_links":{"self":[{"href":"https:\/\/www.questionpro.com\/blog\/pt-br\/wp-json\/wp\/v2\/posts\/1088313"}],"collection":[{"href":"https:\/\/www.questionpro.com\/blog\/pt-br\/wp-json\/wp\/v2\/posts"}],"about":[{"href":"https:\/\/www.questionpro.com\/blog\/pt-br\/wp-json\/wp\/v2\/types\/post"}],"author":[{"embeddable":true,"href":"https:\/\/www.questionpro.com\/blog\/pt-br\/wp-json\/wp\/v2\/users\/42"}],"replies":[{"embeddable":true,"href":"https:\/\/www.questionpro.com\/blog\/pt-br\/wp-json\/wp\/v2\/comments?post=1088313"}],"version-history":[{"count":4,"href":"https:\/\/www.questionpro.com\/blog\/pt-br\/wp-json\/wp\/v2\/posts\/1088313\/revisions"}],"predecessor-version":[{"id":1096476,"href":"https:\/\/www.questionpro.com\/blog\/pt-br\/wp-json\/wp\/v2\/posts\/1088313\/revisions\/1096476"}],"wp:featuredmedia":[{"embeddable":true,"href":"https:\/\/www.questionpro.com\/blog\/pt-br\/wp-json\/wp\/v2\/media\/1088337"}],"wp:attachment":[{"href":"https:\/\/www.questionpro.com\/blog\/pt-br\/wp-json\/wp\/v2\/media?parent=1088313"}],"wp:term":[{"taxonomy":"category","embeddable":true,"href":"https:\/\/www.questionpro.com\/blog\/pt-br\/wp-json\/wp\/v2\/categories?post=1088313"},{"taxonomy":"post_tag","embeddable":true,"href":"https:\/\/www.questionpro.com\/blog\/pt-br\/wp-json\/wp\/v2\/tags?post=1088313"}],"curies":[{"name":"wp","href":"https:\/\/api.w.org\/{rel}","templated":true}]}},{"id":1082240,"date":"2026-08-24T04:00:00","date_gmt":"2026-08-24T11:00:00","guid":{"rendered":"https:\/\/www.questionpro.com\/blog\/?p=1082240"},"modified":"2026-07-29T16:20:11","modified_gmt":"2026-07-29T23:20:11","slug":"cliente-refem","status":"publish","type":"post","link":"https:\/\/www.questionpro.com\/blog\/pt-br\/cliente-refem\/","title":{"rendered":"Cliente ref\u00e9m: o que \u00e9, como identific\u00e1-lo e o que fazer a respeito"},"content":{"rendered":"<p>Tem clientes que compram m\u00eas ap\u00f3s m\u00eas, renovam contratos sem reclamar e parecem os mais fi\u00e9is da sua base. Mas se voc\u00ea pudesse ler a mente deles, encontraria algo perturbador: eles n\u00e3o est\u00e3o ali porque querem, mas porque sentem que n\u00e3o t\u00eam escolha. Esse perfil tem nome e se chama <strong>cliente ref\u00e9m<\/strong>.<\/p>\n<p>Um cliente ref\u00e9m gera receita hoje, mas acumula frustra\u00e7\u00e3o que pode explodir amanh\u00e3 em forma de churn massivo, avalia\u00e7\u00f5es negativas e dano de reputa\u00e7\u00e3o dif\u00edcil de recuperar. Este artigo explica como esse mecanismo funciona, como detectar esses clientes dentro da sua base e, principalmente, como transformar esse v\u00ednculo for\u00e7ado em um genuinamente escolhido, com um processo implement\u00e1vel passo a passo usando o <a href=\"https:\/\/www.questionpro.com\/pt-br\/\">QuestionPro<\/a>.<\/p>\n<style>.qp-art-summary[open] .qp-art-arrow{transform:rotate(180deg)}.qp-art-arrow{transition:transform 0.25s ease;display:inline-block;}<\/style>\n<details class=\"qp-art-summary\" style=\"background: #f8faff; border: 2px solid #2D6BE4; border-radius: 12px; margin: 1.5rem 0; font-family: Arial,sans-serif; overflow: hidden;\">\n<summary style=\"background: #1a2b5e; color: #ffffff; padding: 1rem 1.25rem; cursor: pointer; font-size: 16px; font-weight: bold; list-style: none; display: flex; align-items: center; gap: 10px; margin: 0;\"><span style=\"font-size: 20px; line-height: 1; flex-shrink: 0;\">\ud83d\udc41<\/span> Resumo do artigo<span class=\"qp-art-arrow\" style=\"margin-left: auto; font-size: 13px; opacity: 0.75;\">\u25bc<\/span><\/summary>\n<ul style=\"margin: 0; padding: 1rem 1.5rem; list-style: none;\">\n<li style=\"padding: 0.6rem 0; border-bottom: 1px solid #e5e7eb; color: #374151; font-size: 15px; line-height: 1.6; display: flex; gap: 10px; align-items: flex-start;\"><span style=\"color: #2d6be4; font-weight: bold; flex-shrink: 0; margin-top: 2px;\">\u2713<\/span> Um cliente ref\u00e9m permanece com uma marca n\u00e3o por satisfa\u00e7\u00e3o, mas porque as barreiras de sa\u00edda (contratuais, tecnol\u00f3gicas ou geogr\u00e1ficas) s\u00e3o altas demais.<\/li>\n<li style=\"padding: 0.6rem 0; border-bottom: 1px solid #e5e7eb; color: #374151; font-size: 15px; line-height: 1.6; display: flex; gap: 10px; align-items: flex-start;\"><span style=\"color: #2d6be4; font-weight: bold; flex-shrink: 0; margin-top: 2px;\">\u2713<\/span> Apenas 1 em cada 26 clientes insatisfeitos expressa sua reclama\u00e7\u00e3o. Os outros 25 v\u00e3o embora em sil\u00eancio quando podem.<\/li>\n<li style=\"padding: 0.6rem 0; border-bottom: 1px solid #e5e7eb; color: #374151; font-size: 15px; line-height: 1.6; display: flex; gap: 10px; align-items: flex-start;\"><span style=\"color: #2d6be4; font-weight: bold; flex-shrink: 0; margin-top: 2px;\">\u2713<\/span> O QuestionPro permite identific\u00e1-los cruzando NPS com inten\u00e7\u00e3o de recompra, avaliando custos de mudan\u00e7a e aplicando an\u00e1lise de sentimento com IA.<\/li>\n<li style=\"padding: 0.6rem 0; border-bottom: 1px solid #e5e7eb; color: #374151; font-size: 15px; line-height: 1.6; display: flex; gap: 10px; align-items: flex-start;\"><span style=\"color: #2d6be4; font-weight: bold; flex-shrink: 0; margin-top: 2px;\">\u2713<\/span> O sistema de loop fechado ativa alertas autom\u00e1ticos para que o time de Customer Success intervenha antes que a perda se materialize.<\/li>\n<li style=\"padding: 0.6rem 0; border-bottom: 1px solid #e5e7eb; color: #374151; font-size: 15px; line-height: 1.6; display: flex; gap: 10px; align-items: flex-start;\"><span style=\"color: #2d6be4; font-weight: bold; flex-shrink: 0; margin-top: 2px;\">\u2713<\/span> A chave n\u00e3o \u00e9 reter pela for\u00e7a, mas converter a rela\u00e7\u00e3o de &#8220;obrigat\u00f3ria&#8221; para &#8220;escolhida&#8221; por meio de valor genu\u00edno.<\/li>\n<li style=\"padding: 0.6rem 0; color: #374151; font-size: 15px; line-height: 1.6; display: flex; gap: 10px; align-items: flex-start;\"><span style=\"color: #2d6be4; font-weight: bold; flex-shrink: 0; margin-top: 2px;\">\u2713<\/span> Inclui tabela comparativa entre cliente ref\u00e9m, leal e ap\u00f3stolo, al\u00e9m de limita\u00e7\u00f5es honestas da abordagem.<\/li>\n<\/ul>\n<\/details>\n\n<h2>O que \u00e9 um cliente ref\u00e9m?<\/h2>\n<p>Um cliente ref\u00e9m \u00e9 aquele consumidor ou usu\u00e1rio que continua comprando ou renovando um servi\u00e7o n\u00e3o por satisfa\u00e7\u00e3o nem por prefer\u00eancia, mas porque percebe que as barreiras de sa\u00edda s\u00e3o altas demais. Essas barreiras podem ser contratuais (cl\u00e1usulas de fidelidade, multas por cancelamento), tecnol\u00f3gicas (custo de migrar dados para outra plataforma), geogr\u00e1ficas (aus\u00eancia de concorrentes na sua regi\u00e3o) ou simplesmente de in\u00e9rcia: o esfor\u00e7o percebido de buscar e avaliar alternativas supera o desconforto atual.<\/p>\n<p>Por que \u00e9 t\u00e3o importante distingui-lo? Porque nas m\u00e9tricas tradicionais de reten\u00e7\u00e3o, um cliente ref\u00e9m parece exatamente igual a um cliente leal: mesmo ticket m\u00e9dio, mesma frequ\u00eancia de compra, mesmo percentual de renova\u00e7\u00e3o. A diferen\u00e7a s\u00f3 aparece quando voc\u00ea cruza dados de satisfa\u00e7\u00e3o com dados de comportamento transacional, algo que poucas empresas fazem de forma sistem\u00e1tica.<\/p>\n<p>Esse conceito se conecta diretamente \u00e0 ideia de custos de troca (switching costs) da economia comportamental. Quando o custo real ou percebido de mudar de fornecedor supera a insatisfa\u00e7\u00e3o acumulada, o cliente permanece. Mas essa perman\u00eancia \u00e9 fr\u00e1gil: basta um concorrente reduzir a fric\u00e7\u00e3o da migra\u00e7\u00e3o para que o <a href=\"https:\/\/www.questionpro.com\/blog\/pt-br\/churn-o-que-e-e-qual-a-sua-importancia\/\">churn<\/a> seja imediato e, muitas vezes, massivo.<\/p>\n<div style=\"background: #f8faff; border-left: 5px solid #2D6BE4; border-radius: 0 12px 12px 0; padding: 1.25rem 1.5rem; margin: 1.5rem 0; font-family: Arial,sans-serif;\">\n<p style=\"font-size: 26px; font-weight: 800; color: #1a2b5e; margin: 0 0 6px 0;\">1 em cada 26<\/p>\n<p style=\"font-size: 15px; color: #374151; margin: 0 0 8px 0; line-height: 1.5;\">Apenas 1 em cada 26 clientes insatisfeitos expressa sua reclama\u00e7\u00e3o diretamente. Os outros 25 v\u00e3o embora em sil\u00eancio sem deixar rastro, tornando o churn silencioso um dos maiores desafios para as empresas.<\/p>\n<p style=\"font-size: 13px; color: #6b7280; margin: 0;\">Fonte: ElectroIQ, 2025<\/p>\n<\/div>\n<p>Esse dado revela uma realidade inc\u00f4moda: a maioria dos clientes insatisfeitos n\u00e3o reclama, simplesmente vai embora quando pode. O cliente ref\u00e9m pertence a esse grupo silencioso, com a particularidade de que ainda n\u00e3o foi embora porque n\u00e3o pode, n\u00e3o porque n\u00e3o queira.<\/p>\n<h2>Caracter\u00edsticas que denunciam um cliente ref\u00e9m<\/h2>\n<p>Identificar um cliente ref\u00e9m exige olhar al\u00e9m do \u00f3bvio. M\u00e9tricas superficiais como taxa de renova\u00e7\u00e3o ou frequ\u00eancia de compra n\u00e3o capturam a din\u00e2mica emocional que existe por tr\u00e1s. Aqui vai o ponto: h\u00e1 sinais espec\u00edficos que, quando aparecem juntos, configuram um perfil de risco que merece aten\u00e7\u00e3o imediata.<\/p>\n<p>O primeiro sinal \u00e9 a disson\u00e2ncia entre o que diz e o que faz. O cliente d\u00e1 notas baixas em <a href=\"https:\/\/www.questionpro.com\/blog\/pt-br\/criar-uma-pesquisa-de-satisfacao-do-cliente\/\">pesquisas de satisfa\u00e7\u00e3o<\/a> ou NPS (detrator, com pontua\u00e7\u00f5es de 0 a 6), mas continua comprando regularmente. Essa contradi\u00e7\u00e3o n\u00e3o \u00e9 lealdade, \u00e9 aprisionamento.<\/p>\n<p>O segundo sinal \u00e9 a aus\u00eancia de engajamento volunt\u00e1rio. N\u00e3o participa de programas de fidelidade, n\u00e3o deixa avalia\u00e7\u00f5es positivas, n\u00e3o recomenda a marca, n\u00e3o interage nas redes sociais. Sua rela\u00e7\u00e3o com a empresa \u00e9 estritamente transacional e mec\u00e2nica.<\/p>\n<p>O terceiro sinal, possivelmente o mais revelador, aparece nos coment\u00e1rios abertos das pesquisas. A linguagem de um cliente ref\u00e9m tem marcadores emocionais espec\u00edficos: resigna\u00e7\u00e3o, frustra\u00e7\u00e3o passiva, refer\u00eancias constantes \u00e0 falta de op\u00e7\u00f5es. Frases como <em>&#8220;n\u00e3o tenho outra escolha&#8221;<\/em>, <em>&#8220;se pudesse trocar, j\u00e1 teria trocado&#8221;<\/em> ou <em>&#8220;estou esperando uma alternativa h\u00e1 anos&#8221;<\/em> s\u00e3o indicadores inequ\u00edvocos.<\/p>\n<ul>\n<li>NPS baixo ou detrator combinado com alta frequ\u00eancia de recompra<\/li>\n<li>Zero participa\u00e7\u00e3o em programas de indica\u00e7\u00e3o ou de lealdade<\/li>\n<li>Coment\u00e1rios mencionando cl\u00e1usulas, contratos, falta de concorr\u00eancia ou complexidade de migra\u00e7\u00e3o<\/li>\n<li>Queda gradual no ticket m\u00e9dio: compra apenas o m\u00ednimo necess\u00e1rio<\/li>\n<li>Contato frequente com o suporte t\u00e9cnico, mas nenhum com o time comercial<\/li>\n<li>Resist\u00eancia passiva a pesquisas ou taxas de resposta incomumente baixas nesse segmento<\/li>\n<\/ul>\n<p>Se um cliente apresenta tr\u00eas ou mais desses sinais simultaneamente, a probabilidade de ser um cliente ref\u00e9m \u00e9 alta. E o que vem a seguir muda completamente a equa\u00e7\u00e3o: quando voc\u00ea entender o risco que ele representa, a urg\u00eancia de agir ser\u00e1 evidente.<\/p>\n<h2>Por que um cliente ref\u00e9m \u00e9 um perigo silencioso para sua marca?<\/h2>\n<p>O perigo do cliente ref\u00e9m n\u00e3o est\u00e1 em ir embora, mas em tudo que faz enquanto fica. Ao contr\u00e1rio de um <a href=\"https:\/\/www.questionpro.com\/blog\/pt-br\/clientes-detratores\/\">detrator<\/a> que cancela e desaparece, o cliente ref\u00e9m permanece dentro do ecossistema da marca gerando efeitos negativos dif\u00edceis de rastrear com m\u00e9tricas convencionais.<\/p>\n<div style=\"background: #f8faff; border-left: 5px solid #2D6BE4; border-radius: 0 12px 12px 0; padding: 1.25rem 1.5rem; margin: 1.5rem 0; font-family: Arial,sans-serif;\">\n<p style=\"font-size: 26px; font-weight: 800; color: #1a2b5e; margin: 0 0 6px 0;\">US$ 136 bilh\u00f5es por ano<\/p>\n<p style=\"font-size: 15px; color: #374151; margin: 0 0 8px 0; line-height: 1.5;\">Empresas nos Estados Unidos perdem aproximadamente 136 bilh\u00f5es de d\u00f3lares anuais devido ao churn evit\u00e1vel. Uma propor\u00e7\u00e3o significativa desse n\u00famero vem de clientes cuja insatisfa\u00e7\u00e3o nunca foi detectada nem atendida a tempo.<\/p>\n<p style=\"font-size: 13px; color: #6b7280; margin: 0;\">Fonte: CallMiner, via ElectroIQ, 2025<\/p>\n<\/div>\n<p>Esse n\u00famero representa o custo agregado de n\u00e3o agir a tempo. E o cliente ref\u00e9m contribui diretamente para ele, porque quando finalmente pode ir embora (porque aparece um concorrente, muda a regula\u00e7\u00e3o ou vence o contrato), faz isso de forma abrupta e arrasta outros consigo.<\/p>\n<p>Mas tem mais: o boca a boca negativo que um cliente ref\u00e9m gera \u00e9 particularmente danoso porque tem credibilidade. N\u00e3o \u00e9 algu\u00e9m que testou o servi\u00e7o uma vez e reclamou; \u00e9 algu\u00e9m que o usa h\u00e1 meses ou anos e pode descrever com precis\u00e3o tudo o que n\u00e3o funciona. Essa combina\u00e7\u00e3o de experi\u00eancia prolongada e frustra\u00e7\u00e3o acumulada produz depoimentos negativos muito convincentes para potenciais clientes.<\/p>\n<blockquote style=\"border-left: 4px solid #2D6BE4; margin: 1.5rem 0; padding: 1rem 1.5rem; background: #f8faff; border-radius: 0 8px 8px 0; font-family: Arial,sans-serif;\">\n<p style=\"font-size: 16px; font-style: italic; color: #1a2b5e; margin: 0 0 8px 0; line-height: 1.6;\">&#8220;O cliente ref\u00e9m \u00e9 a d\u00edvida t\u00e9cnica da experi\u00eancia do cliente: n\u00e3o gera alertas nos dashboards, mas acumula um custo reputacional que cobra juros quando o mercado muda.&#8221;<\/p>\n<p><cite style=\"font-size: 13px; color: #6b7280; font-style: normal;\">\u2014 QuestionPro CX Team<\/cite><\/p><\/blockquote>\n<p>H\u00e1 um efeito adicional que poucas empresas medem: o custo de atendimento de um cliente ref\u00e9m costuma ser maior que a m\u00e9dia. Por estar insatisfeito, ele aciona mais o suporte t\u00e9cnico, escala casos com mais frequ\u00eancia e exige aten\u00e7\u00e3o de gerentes de conta que poderiam estar focados em oportunidades de crescimento real. \u00c9 um cliente que consome recursos sem gerar expans\u00e3o.<\/p>\n<p>O que isso significa na pr\u00e1tica? Que um cliente ref\u00e9m n\u00e3o \u00e9 uma receita garantida, \u00e9 um passivo disfar\u00e7ado de ativo. E quanto mais tempo permanecer nessa condi\u00e7\u00e3o sem interven\u00e7\u00e3o, maior ser\u00e1 o impacto quando a situa\u00e7\u00e3o se resolver sozinha, quase sempre da pior forma.<\/p>\n<h2>Como identificar e resgatar um cliente ref\u00e9m com o QuestionPro<\/h2>\n<p>As empresas podem usar as ferramentas avan\u00e7adas do QuestionPro para estruturar uma estrat\u00e9gia completa que permita identificar, compreender e agir sobre seus clientes ref\u00e9ns de forma sistem\u00e1tica. O processo se divide em quatro etapas, cada uma constru\u00edda sobre a anterior.<\/p>\n<h3>1. Cruzar o NPS com a inten\u00e7\u00e3o de recompra (matriz de fidelidade)<\/h3>\n<p>Um cliente ref\u00e9m costuma se camuflar nas pesquisas tradicionais porque continua comprando. Para descobri-lo, voc\u00ea precisa cruzar duas vari\u00e1veis na mesma pesquisa: o <a href=\"https:\/\/www.questionpro.com\/blog\/pt-br\/net-promoter-score\/\">Net Promoter Score<\/a> (NPS) e a inten\u00e7\u00e3o de continuidade ou recompra.<\/p>\n<p>No QuestionPro CX, crie uma pesquisa incluindo a pergunta padr\u00e3o de NPS e, em seguida, uma pergunta de m\u00faltipla escolha: <em>&#8220;Qual \u00e9 a probabilidade de voc\u00ea renovar seu contrato ou comprar novamente conosco nos pr\u00f3ximos 6 meses?&#8221;<\/em>. Ao analisar os dados no m\u00f3dulo de relat\u00f3rios, filtre os usu\u00e1rios que pontuaram como detratores no NPS (0 a 6) mas marcaram &#8220;Muito prov\u00e1vel&#8221; na inten\u00e7\u00e3o de recompra. Esses s\u00e3o seus clientes ref\u00e9ns.<\/p>\n<p>Esse cruzamento revela algo que nenhuma m\u00e9trica isolada consegue mostrar: a diferen\u00e7a entre perman\u00eancia escolhida e perman\u00eancia obrigada. Um cliente que recomenda com nota 2 mas afirma que continuar\u00e1 comprando n\u00e3o est\u00e1 dando boas not\u00edcias, est\u00e1 dizendo que se sente preso.<\/p>\n<h3>2. Avaliar os custos de troca com perguntas de matriz<\/h3>\n<p>Para entender por que est\u00e3o presos, voc\u00ea precisa medir as barreiras de sa\u00edda que o cliente experimenta. Use uma pergunta de matriz de m\u00faltiplas op\u00e7\u00f5es ou uma <a href=\"https:\/\/www.questionpro.com\/blog\/pt-br\/escala-de-likert-o-que-e-e-como-utilizar\/\">escala Likert<\/a> para avaliar afirma\u00e7\u00f5es como:<\/p>\n<ul>\n<li><em>&#8220;Continuo usando esta marca porque rescindir o contrato \u00e9 muito complexo.&#8221;<\/em><\/li>\n<li><em>&#8220;N\u00e3o troco de fornecedor porque n\u00e3o h\u00e1 outra op\u00e7\u00e3o na minha regi\u00e3o.&#8221;<\/em><\/li>\n<li><em>&#8220;O esfor\u00e7o e o custo de migrar meus dados para outra plataforma s\u00e3o altos demais.&#8221;<\/em><\/li>\n<li><em>&#8220;Se houvesse um processo de troca simples, eu o faria imediatamente.&#8221;<\/em><\/li>\n<\/ul>\n<p>Esse insight permite \u00e0 marca saber se ret\u00e9m o cliente por valor real ou por burocracia e falta de concorr\u00eancia. A resposta determina a estrat\u00e9gia: se o problema \u00e9 contratual, a solu\u00e7\u00e3o \u00e9 flexibilizar condi\u00e7\u00f5es; se \u00e9 tecnol\u00f3gico, \u00e9 preciso simplificar a integra\u00e7\u00e3o; se \u00e9 geogr\u00e1fico, a abordagem precisa ser completamente diferente.<\/p>\n<h3>3. An\u00e1lise de texto com intelig\u00eancia artificial (an\u00e1lise de sentimento)<\/h3>\n<p>Os clientes ref\u00e9ns costumam expressar sua frustra\u00e7\u00e3o nas <a href=\"https:\/\/www.questionpro.com\/pt-br\/perguntas-abertas.html\">perguntas abertas<\/a>. Embora paguem em dia, seus coment\u00e1rios escritos tendem a ser negativos ou resignados.<\/p>\n<p>O motor de IA do QuestionPro analisa o texto livre buscando padr\u00f5es de sentimento. Ao filtrar as respostas dos clientes identificados como ref\u00e9ns, a IA extrai conceitos-chave recorrentes como <em>&#8220;n\u00e3o tenho escolha&#8221;<\/em>, <em>&#8220;monop\u00f3lio&#8221;<\/em>, <em>&#8220;contrato obrigat\u00f3rio&#8221;<\/em> ou <em>&#8220;cl\u00e1usula&#8221;<\/em>. Voc\u00ea tamb\u00e9m pode habilitar a fun\u00e7\u00e3o de v\u00eddeo e insights de voz para que o cliente deixe um depoimento em formato de v\u00eddeo curto, onde a IA analisa as express\u00f5es faciais e a inflex\u00e3o de voz para medir a autenticidade do sentimento expresso.<\/p>\n<p>Aqui \u00e9 onde a maioria erra: foca na pontua\u00e7\u00e3o num\u00e9rica e descarta os coment\u00e1rios abertos como &#8220;dados suaves&#8221;. Mas para o cliente ref\u00e9m, as palavras importam mais que os n\u00fameros, porque os n\u00fameros (renova\u00e7\u00e3o, compra) mentem sobre sua verdadeira inten\u00e7\u00e3o.<\/p>\n<h3>4. Ativa\u00e7\u00e3o de alertas de resgate (m\u00f3dulo CX e ticketing)<\/h3>\n<p>Conhecer o cliente ref\u00e9m s\u00f3 tem valor se a informa\u00e7\u00e3o se traduz em a\u00e7\u00e3o imediata. O QuestionPro permite automatizar essa resposta por meio do sistema de loop fechado (<a href=\"https:\/\/www.questionpro.com\/blog\/pt-br\/sistema-closed-loop\/\">closed-loop<\/a>).<\/p>\n<p>Configure uma regra no Action Loop do QuestionPro Customer Experience: se um cliente \u00e9 identificado com esse perfil (NPS baixo combinado com alta perman\u00eancia obrigada), o sistema gera um ticket de alerta cr\u00edtico para o time de Customer Success ou gestores de conta. A equipe recebe a notifica\u00e7\u00e3o e pode contatar o cliente para:<\/p>\n<ul>\n<li>Resolver proativamente os pontos de atrito na experi\u00eancia<\/li>\n<li>Flexibilizar condi\u00e7\u00f5es contratuais que geram a sensa\u00e7\u00e3o de aprisionamento<\/li>\n<li>Oferecer migra\u00e7\u00e3o assistida se o problema for tecnol\u00f3gico<\/li>\n<li>Dar voz ao cliente em decis\u00f5es de produto (co-cria\u00e7\u00e3o)<\/li>\n<\/ul>\n<p>O objetivo \u00e9 transformar gradualmente a rela\u00e7\u00e3o de &#8220;obrigat\u00f3ria&#8221; para &#8220;escolhida&#8221;. A vantagem de fazer isso com um sistema automatizado \u00e9 que nenhum cliente ref\u00e9m fica sem atendimento: cada detec\u00e7\u00e3o ativa um fluxo de resgate com respons\u00e1vel designado e prazo de resolu\u00e7\u00e3o.<\/p>\n<div style=\"background: #1a2b5e; border-radius: 16px; padding: 2rem; margin: 2rem 0; font-family: Arial,sans-serif;\">\n<p style=\"text-align: center; color: #ffffff; font-size: 16px; font-weight: bold; margin: 0 0 1.5rem 0; letter-spacing: 1px; text-transform: uppercase;\">Processo de detec\u00e7\u00e3o e resgate do cliente ref\u00e9m<\/p>\n<div style=\"background: #ffffff; border-radius: 10px; padding: 1rem 1.25rem; border-left: 5px solid #2D6BE4;\">\n<p style=\"margin: 0 0 4px 0; font-weight: bold; color: #111827; font-size: 16px;\">Passo 1: Filtro NPS + Recompra<\/p>\n<p style=\"margin: 0; color: #6b7280; font-size: 15px; line-height: 1.5;\">Cruze a pontua\u00e7\u00e3o NPS com a inten\u00e7\u00e3o de recompra. Filtre detratores (0-6) que planejam continuar comprando. L\u00e1 est\u00e3o os ref\u00e9ns.<\/p>\n<\/div>\n<div style=\"text-align: center; color: #4a90d9; font-size: 22px; margin: 6px 0; line-height: 1;\">\u2193<\/div>\n<div style=\"background: #2D6BE4; border-radius: 10px; padding: 1rem 1.25rem;\">\n<p style=\"margin: 0 0 4px 0; font-weight: bold; color: #ffffff; font-size: 16px;\">Passo 2: Matriz de custos de troca<\/p>\n<p style=\"margin: 0; color: rgba(255,255,255,0.9); font-size: 15px; line-height: 1.5;\">Avalie com escala Likert as barreiras contratuais, tecnol\u00f3gicas e geogr\u00e1ficas que impedem o cliente de ir embora.<\/p>\n<\/div>\n<div style=\"text-align: center; color: #4a90d9; font-size: 22px; margin: 6px 0; line-height: 1;\">\u2193<\/div>\n<div style=\"background: #ffffff; border-radius: 10px; padding: 1rem 1.25rem; border-left: 5px solid #2D6BE4;\">\n<p style=\"margin: 0 0 4px 0; font-weight: bold; color: #111827; font-size: 16px;\">Passo 3: An\u00e1lise de sentimento com IA<\/p>\n<p style=\"margin: 0; color: #6b7280; font-size: 15px; line-height: 1.5;\">O QuestionPro AI analisa texto aberto, v\u00eddeo e voz para detectar resigna\u00e7\u00e3o, frustra\u00e7\u00e3o passiva e conceitos-chave recorrentes.<\/p>\n<\/div>\n<div style=\"text-align: center; color: #4a90d9; font-size: 22px; margin: 6px 0; line-height: 1;\">\u2193<\/div>\n<div style=\"background: #2D6BE4; border-radius: 10px; padding: 1rem 1.25rem;\">\n<p style=\"margin: 0 0 4px 0; font-weight: bold; color: #ffffff; font-size: 16px;\">Passo 4: Alerta e resgate automatizado<\/p>\n<p style=\"margin: 0; color: rgba(255,255,255,0.9); font-size: 15px; line-height: 1.5;\">O Action Loop gera um ticket de alerta cr\u00edtico e designa um respons\u00e1vel do Customer Success para intervir antes que seja tarde.<\/p>\n<\/div>\n<\/div>\n<h2>Diferen\u00e7as entre cliente ref\u00e9m, cliente leal e cliente ap\u00f3stolo<\/h2>\n<p>Esses tr\u00eas perfis compartilham uma caracter\u00edstica superficial: todos compram regularmente. Mas suas motiva\u00e7\u00f5es, seu impacto no neg\u00f3cio e o risco que representam s\u00e3o radicalmente diferentes. A tabela a seguir detalha as diferen\u00e7as-chave para que a distin\u00e7\u00e3o seja inequ\u00edvoca.<\/p>\n<table style=\"border-collapse: collapse; width: 100%; margin: 1.5rem 0;\">\n<thead>\n<tr>\n<th style=\"background: #1a2b5e; color: #fff; padding: 10px 14px; border: 1px solid #c5cfe8; font-size: 14px; text-align: left;\">Dimens\u00e3o<\/th>\n<th style=\"background: #162450; color: #fff; padding: 10px 14px; border: 1px solid #c5cfe8; font-size: 14px; text-align: left;\">Cliente ref\u00e9m<\/th>\n<th style=\"background: #1a2b5e; color: #fff; padding: 10px 14px; border: 1px solid #c5cfe8; font-size: 14px; text-align: left;\">Cliente leal<\/th>\n<th style=\"background: #162450; color: #fff; padding: 10px 14px; border: 1px solid #c5cfe8; font-size: 14px; text-align: left;\">Cliente ap\u00f3stolo<\/th>\n<\/tr>\n<\/thead>\n<tbody>\n<tr>\n<td style=\"background: #ffffff; padding: 9px 14px; border: 1px solid #e5e7eb; font-size: 14px; vertical-align: top; font-weight: bold;\">Motiva\u00e7\u00e3o de perman\u00eancia<\/td>\n<td style=\"background: #f0f4ff; padding: 9px 14px; border: 1px solid #e5e7eb; font-size: 14px; vertical-align: top;\">Barreiras de sa\u00edda (contratos, custos de troca)<\/td>\n<td style=\"background: #ffffff; padding: 9px 14px; border: 1px solid #e5e7eb; font-size: 14px; vertical-align: top;\">Satisfa\u00e7\u00e3o com o produto e servi\u00e7o<\/td>\n<td style=\"background: #f0f4ff; padding: 9px 14px; border: 1px solid #e5e7eb; font-size: 14px; vertical-align: top;\">Conex\u00e3o emocional e convic\u00e7\u00e3o de marca<\/td>\n<\/tr>\n<tr>\n<td style=\"background: #ffffff; padding: 9px 14px; border: 1px solid #e5e7eb; font-size: 14px; vertical-align: top; font-weight: bold;\">NPS t\u00edpico<\/td>\n<td style=\"background: #f0f4ff; padding: 9px 14px; border: 1px solid #e5e7eb; font-size: 14px; vertical-align: top;\">0-6 (Detrator)<\/td>\n<td style=\"background: #ffffff; padding: 9px 14px; border: 1px solid #e5e7eb; font-size: 14px; vertical-align: top;\">7-8 (Passivo) ou 9 (Promotor baixo)<\/td>\n<td style=\"background: #f0f4ff; padding: 9px 14px; border: 1px solid #e5e7eb; font-size: 14px; vertical-align: top;\">9-10 (Promotor constante)<\/td>\n<\/tr>\n<tr>\n<td style=\"background: #ffffff; padding: 9px 14px; border: 1px solid #e5e7eb; font-size: 14px; vertical-align: top; font-weight: bold;\">Risco de churn<\/td>\n<td style=\"background: #f0f4ff; padding: 9px 14px; border: 1px solid #e5e7eb; font-size: 14px; vertical-align: top;\">Alto (vai embora assim que pode)<\/td>\n<td style=\"background: #ffffff; padding: 9px 14px; border: 1px solid #e5e7eb; font-size: 14px; vertical-align: top;\">M\u00e9dio (sens\u00edvel a mudan\u00e7as de qualidade)<\/td>\n<td style=\"background: #f0f4ff; padding: 9px 14px; border: 1px solid #e5e7eb; font-size: 14px; vertical-align: top;\">Baixo (tolera erros pontuais)<\/td>\n<\/tr>\n<tr>\n<td style=\"background: #ffffff; padding: 9px 14px; border: 1px solid #e5e7eb; font-size: 14px; vertical-align: top; font-weight: bold;\">Boca a boca<\/td>\n<td style=\"background: #f0f4ff; padding: 9px 14px; border: 1px solid #e5e7eb; font-size: 14px; vertical-align: top;\">Negativo e cr\u00edvel (experi\u00eancia prolongada)<\/td>\n<td style=\"background: #ffffff; padding: 9px 14px; border: 1px solid #e5e7eb; font-size: 14px; vertical-align: top;\">Neutro ou positivo moderado<\/td>\n<td style=\"background: #f0f4ff; padding: 9px 14px; border: 1px solid #e5e7eb; font-size: 14px; vertical-align: top;\">Ativamente positivo (recomenda sem pedir)<\/td>\n<\/tr>\n<tr>\n<td style=\"background: #ffffff; padding: 9px 14px; border: 1px solid #e5e7eb; font-size: 14px; vertical-align: top; font-weight: bold;\">A\u00e7\u00e3o recomendada<\/td>\n<td style=\"background: #f0f4ff; padding: 9px 14px; border: 1px solid #e5e7eb; font-size: 14px; vertical-align: top;\">Resgate urgente: eliminar barreiras e regenerar confian\u00e7a<\/td>\n<td style=\"background: #ffffff; padding: 9px 14px; border: 1px solid #e5e7eb; font-size: 14px; vertical-align: top;\">Manuten\u00e7\u00e3o: refor\u00e7ar valor e prevenir desgaste<\/td>\n<td style=\"background: #f0f4ff; padding: 9px 14px; border: 1px solid #e5e7eb; font-size: 14px; vertical-align: top;\">Ativa\u00e7\u00e3o: transform\u00e1-lo em embaixador formal<\/td>\n<\/tr>\n<\/tbody>\n<\/table>\n<p>O que isso significa na pr\u00e1tica? Que medir a <a href=\"https:\/\/www.questionpro.com\/blog\/pt-br\/retencao-de-clientes\/\">reten\u00e7\u00e3o de clientes<\/a> sem segmentar por perfil emocional \u00e9 como medir a temperatura m\u00e9dia de um hospital: o dado existe, mas n\u00e3o diz quem est\u00e1 com febre. Uma carteira com 40% de clientes ref\u00e9ns pode mostrar taxas de reten\u00e7\u00e3o invej\u00e1veis at\u00e9 o dia em que uma condi\u00e7\u00e3o de mercado muda e o churn \u00e9 simult\u00e2neo e imposs\u00edvel de conter.<\/p>\n<h2>Estrat\u00e9gia de resgate: como converter um cliente ref\u00e9m em cliente leal<\/h2>\n<p>A detec\u00e7\u00e3o sem a\u00e7\u00e3o \u00e9 s\u00f3 diagn\u00f3stico. O valor real est\u00e1 no protocolo de interven\u00e7\u00e3o que voc\u00ea cria para esses clientes. Continue lendo, porque este \u00e9 o ponto que a maioria ignora.<\/p>\n<p>O primeiro passo \u00e9 a transpar\u00eancia radical. Entre em contato com o cliente ref\u00e9m e reconhe\u00e7a abertamente que sabe que a experi\u00eancia dele n\u00e3o foi \u00f3tima. N\u00e3o tente vender; pergunte o que precisaria mudar para que sua perman\u00eancia fosse volunt\u00e1ria. Essa pergunta, feita com honestidade, gera um efeito poderoso: o cliente passa de se sentir ignorado para se sentir ouvido.<\/p>\n<p>O segundo passo \u00e9 a elimina\u00e7\u00e3o de barreiras artificiais. Se sua empresa ret\u00e9m clientes por meio de cl\u00e1usulas de fidelidade agressivas, multas por cancelamento ou processos de sa\u00edda deliberadamente complicados, voc\u00ea est\u00e1 criando ref\u00e9ns ativamente. Flexibilizar essas condi\u00e7\u00f5es pode parecer contraproducente no curto prazo, mas os dados mostram que as empresas que facilitam a sa\u00edda paradoxalmente ret\u00eam mais, porque eliminam o ressentimento que corr\u00f3i a rela\u00e7\u00e3o por dentro.<\/p>\n<div style=\"background: #f8faff; border-left: 5px solid #2D6BE4; border-radius: 0 12px 12px 0; padding: 1.25rem 1.5rem; margin: 1.5rem 0; font-family: Arial,sans-serif;\">\n<p style=\"font-size: 26px; font-weight: 800; color: #1a2b5e; margin: 0 0 6px 0;\">73%<\/p>\n<p style=\"font-size: 15px; color: #374151; margin: 0 0 8px 0; line-height: 1.5;\">73% dos diretores de vendas (CSO) priorizam o crescimento a partir de clientes existentes, segundo pesquisa de final de 2024. O setor j\u00e1 entendeu que o crescimento sustent\u00e1vel vem da rela\u00e7\u00e3o genu\u00edna, n\u00e3o da reten\u00e7\u00e3o for\u00e7ada.<\/p>\n<p style=\"font-size: 13px; color: #6b7280; margin: 0;\">Fonte: Gartner, 2024<\/p>\n<\/div>\n<p>O terceiro passo \u00e9 criar valor exclusivo para esse segmento. Ofere\u00e7a acesso antecipado a novas funcionalidades, sess\u00f5es personalizadas com um customer success manager ou descontos de renova\u00e7\u00e3o que reflitam a antiguidade do cliente. A ideia \u00e9 substituir o <em>&#8220;fico porque n\u00e3o posso ir&#8221;<\/em> pelo <em>&#8220;fico porque vale a pena&#8221;<\/em>.<\/p>\n<p>Boa pergunta a que voc\u00ea provavelmente est\u00e1 se fazendo agora: e se, depois de tudo isso, o cliente for embora mesmo? Ent\u00e3o comemore, porque um cliente que saiu por decis\u00e3o pr\u00f3pria ap\u00f3s um processo transparente n\u00e3o vai prejudicar sua reputa\u00e7\u00e3o. O que prejudica \u00e9 aquele que fica frustrado e conta para todo mundo o quanto \u00e9 infeliz com seu servi\u00e7o.<\/p>\n<p>O quarto passo, que poucos implementam, \u00e9 o monitoramento p\u00f3s-interven\u00e7\u00e3o. Ap\u00f3s aplicar o protocolo de resgate, pesquise novamente o cliente em 60 e 90 dias para verificar se a percep\u00e7\u00e3o mudou. Se o NPS subiu e a men\u00e7\u00e3o a barreiras desapareceu, a convers\u00e3o foi bem-sucedida. Se os indicadores continuam iguais, \u00e9 preciso escalar a interven\u00e7\u00e3o para um n\u00edvel superior da organiza\u00e7\u00e3o.<\/p>\n<h2>Limita\u00e7\u00f5es e advert\u00eancias da abordagem<\/h2>\n<p>Seria irrespons\u00e1vel apresentar essa metodologia sem falar de seus pontos cegos. E \u00e9 exatamente isso que muitos artigos sobre o tema evitam dizer.<\/p>\n<p>A primeira limita\u00e7\u00e3o \u00e9 de escala. Cruzar NPS com inten\u00e7\u00e3o de recompra e aplicar an\u00e1lise de sentimento exige uma base de respostas suficientemente ampla para que os padr\u00f5es sejam estatisticamente significativos. Em empresas com menos de 200 clientes ativos, os segmentos resultantes podem ser pequenos demais para justificar protocolos diferenciados.<\/p>\n<p>A segunda \u00e9 o vi\u00e9s de n\u00e3o-resposta. Os clientes mais frustrados (os ref\u00e9ns mais extremos) podem se recusar a responder a pesquisa. Se voc\u00ea s\u00f3 analisa quem responde, est\u00e1 vendo a vers\u00e3o mais moderada do problema. Uma taxa de resposta baixa em um segmento de alta perman\u00eancia j\u00e1 deveria acender um alerta por si s\u00f3.<\/p>\n<p>A terceira advert\u00eancia \u00e9 sobre a interven\u00e7\u00e3o. Contatar um cliente ref\u00e9m para &#8220;resgat\u00e1-lo&#8221; pode ter o efeito contr\u00e1rio se a execu\u00e7\u00e3o for equivocada. Se o time de <a href=\"https:\/\/www.questionpro.com\/blog\/pt-br\/customer-success\/\">Customer Success<\/a> contata o cliente com um roteiro r\u00edgido ou, pior, com uma oferta comercial disfar\u00e7ada de empatia, a frustra\u00e7\u00e3o se multiplica. A interven\u00e7\u00e3o s\u00f3 funciona se houver autoridade real para mudar condi\u00e7\u00f5es, n\u00e3o apenas para ouvir.<\/p>\n<p>Por fim, existe o risco da profecia autorrealiz\u00e1vel. Rotular um cliente como &#8220;ref\u00e9m&#8221; internamente pode enviesar a forma como sua equipe interage com ele. Se os agentes de atendimento sabem que um cliente est\u00e1 classificado assim, podem trat\u00e1-lo com cautela excessiva ou condescend\u00eancia, o que \u00e0s vezes piora a rela\u00e7\u00e3o em vez de melhor\u00e1-la. O manejo desse r\u00f3tulo exige treinamento espec\u00edfico para a equipe.<\/p>\n<h2>Conclus\u00e3o<\/h2>\n<p>O cliente ref\u00e9m \u00e9 a d\u00edvida t\u00e9cnica da experi\u00eancia do cliente: n\u00e3o aparece nos dashboards padr\u00e3o, n\u00e3o consta nos relat\u00f3rios trimestrais de reten\u00e7\u00e3o e n\u00e3o gera alertas at\u00e9 ser tarde demais. Mas est\u00e1 l\u00e1, acumulando insatisfa\u00e7\u00e3o que eventualmente se libera em forma de churn abrupto, avalia\u00e7\u00f5es destrutivas e reputa\u00e7\u00e3o corro\u00edda.<\/p>\n<p>A boa not\u00edcia \u00e9 que detect\u00e1-lo \u00e9 poss\u00edvel e a metodologia n\u00e3o \u00e9 especulativa: cruzar NPS com inten\u00e7\u00e3o de recompra, avaliar custos de troca com perguntas de matriz, aplicar an\u00e1lise de sentimento com IA e ativar protocolos de resgate automatizados s\u00e3o passos concretos que qualquer time de CX pode implementar hoje mesmo.<\/p>\n<p>Quer saber quantos clientes ref\u00e9ns voc\u00ea tem na sua base atual? Fale com nossa equipe e mostramos como configurar esse fluxo completo no QuestionPro.<\/p>\n\n\t<div class=\"banner-section wf-section\" lang=\"\" >\n\t\t<div class=\"right-column-container\">\n\t\t\t<div class=\"bannerbg white\">\n\t\t\t\t<span class=\"h1-2\">Crie experi\u00eancias memor\u00e1veis com base em dados em tempo real, insights e an\u00e1lises avan\u00e7adas<\/span>\n\t\t\t\t<a href=\"#userliteForm\" data-toggle=\"modal\" class=\"button w-button\">Agendar demo<\/a>\n\t\t\t<\/div>\n\t\t<\/div>\n\t<\/div>\n\t<div class=\"userlite-modal modal fade\" id=\"userliteForm\" tabindex=\"-1\" role=\"dialog\" style=\"display: none;\">\n\t\t<div class=\"modal-dialog\" role=\"document\">\n\t\t\t<div class=\"modal-content\" role=\"document\">\n\t\t\t\t<div class=\"modal-body\">\n\t\t\t\t\t<div class=\"modal-header\">\n\t\t\t\t\t\t<button type=\"button\" class=\"close\" data-dismiss=\"modal\" aria-label=\"Close\">\n\t\t\t\t\t\t\t<i class=\"material-icons\">close<\/i>\n\t\t\t\t\t\t<\/button>\n\t\t\t\t\t<\/div>\n\t\t\t\t\t<div class=\"contact-us-form-wrapper contact-box\">\n\t\t\t\t\t\t<div class=\"userlite-form-wrapper\">\n\t\t\t\t\t\t\t<iframe src=\"https:\/\/www.questionpro.com\/userlite-form-blog-portuguese.html?product=Surveys&amp;referralurl=https:\/\/www.questionpro.com\/blog\/pt-br\/wp-json\/wp\/v2\/posts\/&amp;lang=pt_br&amp;cat=experiencia-do-cliente-cx-pt-br\" style=\"display: block;\" ><\/iframe>\n\t\t\t\t\t\t<\/div>\n\t\t\t\t\t\t<div class=\"demo-form-wrapper success-message-div\" style=\"display:none\">\n\t\t\t\t\t\t\t<p class=\"success-message-para\"><\/p>\n\t\t\t\t\t\t<\/div>\n\t\t\t\t\t<\/div>\n\t\t\t\t<\/div>\n\t\t\t<\/div>\n\t\t<\/div>\n\t<\/div>\n<div class=\"schema-faq wp-block-yoast-faq-block\">\n<div class=\"schema-faq-section\"><strong class=\"schema-faq-question\">O que diferencia um cliente ref\u00e9m de um cliente insatisfeito?<\/strong><\/p>\n<p class=\"schema-faq-answer\">Um cliente insatisfeito pode ir embora a qualquer momento e, com frequ\u00eancia, faz isso. O cliente ref\u00e9m, por sua vez, permanece apesar da insatisfa\u00e7\u00e3o porque as barreiras de sa\u00edda (contratuais, tecnol\u00f3gicas ou geogr\u00e1ficas) o impedem de trocar de fornecedor. A insatisfa\u00e7\u00e3o \u00e9 o sentimento; o aprisionamento \u00e9 a condi\u00e7\u00e3o. Ambos podem coexistir, mas o ref\u00e9m tem o agravante de acumular frustra\u00e7\u00e3o por mais tempo, o que amplifica o dano quando finalmente vai embora.<\/p>\n<\/div>\n<div class=\"schema-faq-section\"><strong class=\"schema-faq-question\">Como saber se minha empresa tem clientes ref\u00e9ns?<\/strong><\/p>\n<p class=\"schema-faq-answer\">A forma mais direta \u00e9 cruzar dois dados em uma mesma pesquisa: o Net Promoter Score e a inten\u00e7\u00e3o de recompra. Clientes que pontuam como detratores no NPS (0 a 6) mas afirmam que continuar\u00e3o comprando s\u00e3o clientes ref\u00e9ns com alta probabilidade. Complemente esse cruzamento com uma an\u00e1lise de sentimento dos coment\u00e1rios abertos para confirmar o diagn\u00f3stico. O QuestionPro CX permite automatizar todo esse processo em uma \u00fanica plataforma.<\/p>\n<\/div>\n<div class=\"schema-faq-section\"><strong class=\"schema-faq-question\">Um cliente ref\u00e9m pode se tornar um cliente leal?<\/strong><\/p>\n<p class=\"schema-faq-answer\">Sim, mas exige uma interven\u00e7\u00e3o deliberada e honesta. O primeiro passo \u00e9 identificar a barreira espec\u00edfica que o ret\u00e9m (contratual, tecnol\u00f3gica, geogr\u00e1fica) e elimin\u00e1-la ou reduzi-la. Depois, \u00e9 preciso gerar valor genu\u00edno que substitua a reten\u00e7\u00e3o for\u00e7ada pela perman\u00eancia volunt\u00e1ria. Isso inclui transpar\u00eancia sobre as condi\u00e7\u00f5es do servi\u00e7o, acesso personalizado a um customer success manager e monitoramento p\u00f3s-interven\u00e7\u00e3o em 60 e 90 dias.<\/p>\n<\/div>\n<div class=\"schema-faq-section\"><strong class=\"schema-faq-question\">Qual \u00e9 o impacto de um cliente ref\u00e9m na reputa\u00e7\u00e3o da marca?<\/strong><\/p>\n<p class=\"schema-faq-answer\">O impacto \u00e9 significativo e dif\u00edcil de medir com m\u00e9tricas convencionais. Um cliente ref\u00e9m gera boca a boca negativo especialmente cr\u00edvel, porque sua experi\u00eancia prolongada com a marca lhe d\u00e1 autoridade para descrever com detalhes tudo o que n\u00e3o funciona. Segundo dados da ElectroIQ, 67% dos consumidores insatisfeitos compartilham sua experi\u00eancia negativa com outros, e 65% dos que ouvem esses depoimentos trocam de marca.<\/p>\n<\/div>\n<div class=\"schema-faq-section\"><strong class=\"schema-faq-question\">O QuestionPro consegue automatizar a detec\u00e7\u00e3o de clientes ref\u00e9ns?<\/strong><\/p>\n<p class=\"schema-faq-answer\">Sim. O QuestionPro CX permite configurar l\u00f3gicas de ramifica\u00e7\u00e3o para cruzar NPS com inten\u00e7\u00e3o de recompra, aplicar an\u00e1lise de sentimento com IA sobre respostas abertas e ativar alertas autom\u00e1ticos via sistema de loop fechado (Action Loop). Quando um cliente \u00e9 identificado como ref\u00e9m conforme os par\u00e2metros configurados, o sistema gera um ticket de alerta cr\u00edtico designado ao time de Customer Success para que intervenha imediatamente.<\/p>\n<\/div>\n<\/div>\n","protected":false},"excerpt":{"rendered":"<p>Descubra o que \u00e9 um cliente ref\u00e9m, como identific\u00e1-lo cruzando NPS com inten\u00e7\u00e3o de recompra e como transformar esse v\u00ednculo for\u00e7ado em lealdade real.<\/p>\n","protected":false},"author":228,"featured_media":1082404,"comment_status":"closed","ping_status":"closed","sticky":false,"template":"","format":"standard","meta":{"_yoast_wpseo_focuskw":"cliente ref\u00e9m","_yoast_wpseo_title":"Cliente ref\u00e9m: o que \u00e9 e como identific\u00e1-lo | QuestionPro","_yoast_wpseo_metadesc":"Descubra o que \u00e9 um cliente ref\u00e9m, como identific\u00e1-lo cruzando NPS com inten\u00e7\u00e3o de recompra e como transformar esse v\u00ednculo for\u00e7ado em lealdade real.","_genesis_hide_title":false,"_genesis_hide_breadcrumbs":false,"_genesis_hide_singular_image":false,"_genesis_hide_footer_widgets":false,"_genesis_custom_body_class":"","_genesis_custom_post_class":"","_genesis_layout":"","footnotes":""},"categories":[211],"tags":[],"yoast_head":"<!-- This site is optimized with the Yoast SEO plugin v20.4 - https:\/\/yoast.com\/wordpress\/plugins\/seo\/ -->\n<title>Cliente ref\u00e9m: o que \u00e9 e como identific\u00e1-lo | QuestionPro<\/title>\n<meta name=\"description\" content=\"Descubra o que \u00e9 um cliente ref\u00e9m, como identific\u00e1-lo cruzando NPS com inten\u00e7\u00e3o de recompra e como transformar esse v\u00ednculo for\u00e7ado em lealdade real.\" \/>\n<meta name=\"robots\" content=\"index, follow, max-snippet:-1, max-image-preview:large, max-video-preview:-1\" \/>\n<link rel=\"canonical\" href=\"https:\/\/www.questionpro.com\/blog\/pt-br\/cliente-refem\/\" \/>\n<meta property=\"og:locale\" content=\"pt_BR\" \/>\n<meta property=\"og:type\" content=\"article\" \/>\n<meta property=\"og:title\" content=\"Cliente ref\u00e9m: o que \u00e9 e como identific\u00e1-lo | QuestionPro\" \/>\n<meta property=\"og:description\" content=\"Descubra o que \u00e9 um cliente ref\u00e9m, como identific\u00e1-lo cruzando NPS com inten\u00e7\u00e3o de recompra e como transformar esse v\u00ednculo for\u00e7ado em lealdade real.\" \/>\n<meta property=\"og:url\" content=\"https:\/\/www.questionpro.com\/blog\/pt-br\/cliente-refem\/\" \/>\n<meta property=\"og:site_name\" content=\"QuestionPro\" \/>\n<meta property=\"article:publisher\" content=\"https:\/\/www.facebook.com\/questionpro\" \/>\n<meta property=\"article:published_time\" content=\"2026-08-24T11:00:00+00:00\" \/>\n<meta property=\"article:modified_time\" content=\"2026-07-29T23:20:11+00:00\" \/>\n<meta property=\"og:image\" content=\"https:\/\/www.questionpro.com\/blog\/wp-content\/uploads\/2026\/06\/cover-cliente-refem-o-que-e-como-identifica-lo-e-o-que-2.jpg\" \/>\n\t<meta property=\"og:image:width\" content=\"1255\" \/>\n\t<meta property=\"og:image:height\" content=\"705\" \/>\n\t<meta property=\"og:image:type\" content=\"image\/jpeg\" \/>\n<meta name=\"author\" content=\"Camila Flores\" \/>\n<meta name=\"twitter:card\" content=\"summary_large_image\" \/>\n<meta name=\"twitter:creator\" content=\"@questionpro\" \/>\n<meta name=\"twitter:site\" content=\"@questionpro\" \/>\n<meta name=\"twitter:label1\" content=\"Escrito por\" \/>\n\t<meta name=\"twitter:data1\" content=\"Camila Flores\" \/>\n\t<meta name=\"twitter:label2\" content=\"Est. tempo de leitura\" \/>\n\t<meta name=\"twitter:data2\" content=\"15 minutos\" \/>\n<script type=\"application\/ld+json\" class=\"yoast-schema-graph\">{\"@context\":\"https:\/\/schema.org\",\"@graph\":[{\"@type\":\"Article\",\"@id\":\"https:\/\/www.questionpro.com\/blog\/pt-br\/cliente-refem\/#article\",\"isPartOf\":{\"@id\":\"https:\/\/www.questionpro.com\/blog\/pt-br\/cliente-refem\/\"},\"author\":{\"name\":\"Camila Flores\",\"@id\":\"https:\/\/www.questionpro.com\/blog\/pt-br\/#\/schema\/person\/0458a98e600271a2864830378d1d619c\"},\"headline\":\"Cliente ref\u00e9m: o que \u00e9, como identific\u00e1-lo e o que fazer a respeito\",\"datePublished\":\"2026-08-24T11:00:00+00:00\",\"dateModified\":\"2026-07-29T23:20:11+00:00\",\"mainEntityOfPage\":{\"@id\":\"https:\/\/www.questionpro.com\/blog\/pt-br\/cliente-refem\/\"},\"wordCount\":3701,\"publisher\":{\"@id\":\"https:\/\/www.questionpro.com\/blog\/pt-br\/#organization\"},\"articleSection\":[\"Experi\u00eancia do cliente - CX\"],\"inLanguage\":\"pt-BR\"},{\"@type\":\"WebPage\",\"@id\":\"https:\/\/www.questionpro.com\/blog\/pt-br\/cliente-refem\/\",\"url\":\"https:\/\/www.questionpro.com\/blog\/pt-br\/cliente-refem\/\",\"name\":\"Cliente ref\u00e9m: o que \u00e9 e como identific\u00e1-lo | QuestionPro\",\"isPartOf\":{\"@id\":\"https:\/\/www.questionpro.com\/blog\/pt-br\/#website\"},\"datePublished\":\"2026-08-24T11:00:00+00:00\",\"dateModified\":\"2026-07-29T23:20:11+00:00\",\"description\":\"Descubra o que \u00e9 um cliente ref\u00e9m, como identific\u00e1-lo cruzando NPS com inten\u00e7\u00e3o de recompra e como transformar esse v\u00ednculo for\u00e7ado em lealdade real.\",\"breadcrumb\":{\"@id\":\"https:\/\/www.questionpro.com\/blog\/pt-br\/cliente-refem\/#breadcrumb\"},\"inLanguage\":\"pt-BR\",\"potentialAction\":[{\"@type\":\"ReadAction\",\"target\":[\"https:\/\/www.questionpro.com\/blog\/pt-br\/cliente-refem\/\"]}]},{\"@type\":\"BreadcrumbList\",\"@id\":\"https:\/\/www.questionpro.com\/blog\/pt-br\/cliente-refem\/#breadcrumb\",\"itemListElement\":[{\"@type\":\"ListItem\",\"position\":1,\"name\":\"In\u00edcio\",\"item\":\"https:\/\/www.questionpro.com\/blog\/pt-br\/\"},{\"@type\":\"ListItem\",\"position\":2,\"name\":\"Experi\u00eancia do cliente - CX\",\"item\":\"https:\/\/www.questionpro.com\/blog\/pt-br\/category\/experiencia-do-cliente-cx-pt-br\/\"},{\"@type\":\"ListItem\",\"position\":3,\"name\":\"Cliente ref\u00e9m: o que \u00e9, como identific\u00e1-lo e o que fazer a respeito\"}]},{\"@type\":\"WebSite\",\"@id\":\"https:\/\/www.questionpro.com\/blog\/pt-br\/#website\",\"url\":\"https:\/\/www.questionpro.com\/blog\/pt-br\/\",\"name\":\"QuestionPro\",\"description\":\"\",\"publisher\":{\"@id\":\"https:\/\/www.questionpro.com\/blog\/pt-br\/#organization\"},\"potentialAction\":[{\"@type\":\"SearchAction\",\"target\":{\"@type\":\"EntryPoint\",\"urlTemplate\":\"https:\/\/www.questionpro.com\/blog\/pt-br\/?s={search_term_string}\"},\"query-input\":\"required name=search_term_string\"}],\"inLanguage\":\"pt-BR\"},{\"@type\":\"Organization\",\"@id\":\"https:\/\/www.questionpro.com\/blog\/pt-br\/#organization\",\"name\":\"QuestionPro\",\"url\":\"https:\/\/www.questionpro.com\/blog\/pt-br\/\",\"logo\":{\"@type\":\"ImageObject\",\"inLanguage\":\"pt-BR\",\"@id\":\"https:\/\/www.questionpro.com\/blog\/pt-br\/#\/schema\/logo\/image\/\",\"url\":\"https:\/\/www.questionpro.com\/blog\/wp-content\/uploads\/2022\/10\/questionpro-logo.svg\",\"contentUrl\":\"https:\/\/www.questionpro.com\/blog\/wp-content\/uploads\/2022\/10\/questionpro-logo.svg\",\"caption\":\"QuestionPro\"},\"image\":{\"@id\":\"https:\/\/www.questionpro.com\/blog\/pt-br\/#\/schema\/logo\/image\/\"},\"sameAs\":[\"https:\/\/www.facebook.com\/questionpro\",\"https:\/\/twitter.com\/questionpro\",\"https:\/\/www.linkedin.com\/company\/questionpro\/\"]},{\"@type\":\"Person\",\"@id\":\"https:\/\/www.questionpro.com\/blog\/pt-br\/#\/schema\/person\/0458a98e600271a2864830378d1d619c\",\"name\":\"Camila Flores\",\"image\":{\"@type\":\"ImageObject\",\"inLanguage\":\"pt-BR\",\"@id\":\"https:\/\/www.questionpro.com\/blog\/pt-br\/#\/schema\/person\/image\/\",\"url\":\"https:\/\/secure.gravatar.com\/avatar\/7754db03cdbdd7586d5c33b326dc9dbe?s=96&d=mm&r=g\",\"contentUrl\":\"https:\/\/secure.gravatar.com\/avatar\/7754db03cdbdd7586d5c33b326dc9dbe?s=96&d=mm&r=g\",\"caption\":\"Camila Flores\"},\"sameAs\":[\"https:\/\/www.questionpro.com\/es\/\"],\"url\":\"https:\/\/www.questionpro.com\/blog\/pt-br\/author\/camila-flores\/\"}]}<\/script>\n<!-- \/ Yoast SEO plugin. -->","yoast_head_json":{"title":"Cliente ref\u00e9m: o que \u00e9 e como identific\u00e1-lo | QuestionPro","description":"Descubra o que \u00e9 um cliente ref\u00e9m, como identific\u00e1-lo cruzando NPS com inten\u00e7\u00e3o de recompra e como transformar esse v\u00ednculo for\u00e7ado em lealdade real.","robots":{"index":"index","follow":"follow","max-snippet":"max-snippet:-1","max-image-preview":"max-image-preview:large","max-video-preview":"max-video-preview:-1"},"canonical":"https:\/\/www.questionpro.com\/blog\/pt-br\/cliente-refem\/","og_locale":"pt_BR","og_type":"article","og_title":"Cliente ref\u00e9m: o que \u00e9 e como identific\u00e1-lo | QuestionPro","og_description":"Descubra o que \u00e9 um cliente ref\u00e9m, como identific\u00e1-lo cruzando NPS com inten\u00e7\u00e3o de recompra e como transformar esse v\u00ednculo for\u00e7ado em lealdade real.","og_url":"https:\/\/www.questionpro.com\/blog\/pt-br\/cliente-refem\/","og_site_name":"QuestionPro","article_publisher":"https:\/\/www.facebook.com\/questionpro","article_published_time":"2026-08-24T11:00:00+00:00","article_modified_time":"2026-07-29T23:20:11+00:00","og_image":[{"width":1255,"height":705,"url":"https:\/\/www.questionpro.com\/blog\/wp-content\/uploads\/2026\/06\/cover-cliente-refem-o-que-e-como-identifica-lo-e-o-que-2.jpg","type":"image\/jpeg"}],"author":"Camila Flores","twitter_card":"summary_large_image","twitter_creator":"@questionpro","twitter_site":"@questionpro","twitter_misc":{"Escrito por":"Camila Flores","Est. tempo de leitura":"15 minutos"},"schema":{"@context":"https:\/\/schema.org","@graph":[{"@type":"Article","@id":"https:\/\/www.questionpro.com\/blog\/pt-br\/cliente-refem\/#article","isPartOf":{"@id":"https:\/\/www.questionpro.com\/blog\/pt-br\/cliente-refem\/"},"author":{"name":"Camila Flores","@id":"https:\/\/www.questionpro.com\/blog\/pt-br\/#\/schema\/person\/0458a98e600271a2864830378d1d619c"},"headline":"Cliente ref\u00e9m: o que \u00e9, como identific\u00e1-lo e o que fazer a respeito","datePublished":"2026-08-24T11:00:00+00:00","dateModified":"2026-07-29T23:20:11+00:00","mainEntityOfPage":{"@id":"https:\/\/www.questionpro.com\/blog\/pt-br\/cliente-refem\/"},"wordCount":3701,"publisher":{"@id":"https:\/\/www.questionpro.com\/blog\/pt-br\/#organization"},"articleSection":["Experi\u00eancia do cliente - CX"],"inLanguage":"pt-BR"},{"@type":"WebPage","@id":"https:\/\/www.questionpro.com\/blog\/pt-br\/cliente-refem\/","url":"https:\/\/www.questionpro.com\/blog\/pt-br\/cliente-refem\/","name":"Cliente ref\u00e9m: o que \u00e9 e como identific\u00e1-lo | QuestionPro","isPartOf":{"@id":"https:\/\/www.questionpro.com\/blog\/pt-br\/#website"},"datePublished":"2026-08-24T11:00:00+00:00","dateModified":"2026-07-29T23:20:11+00:00","description":"Descubra o que \u00e9 um cliente ref\u00e9m, como identific\u00e1-lo cruzando NPS com inten\u00e7\u00e3o de recompra e como transformar esse v\u00ednculo for\u00e7ado em lealdade real.","breadcrumb":{"@id":"https:\/\/www.questionpro.com\/blog\/pt-br\/cliente-refem\/#breadcrumb"},"inLanguage":"pt-BR","potentialAction":[{"@type":"ReadAction","target":["https:\/\/www.questionpro.com\/blog\/pt-br\/cliente-refem\/"]}]},{"@type":"BreadcrumbList","@id":"https:\/\/www.questionpro.com\/blog\/pt-br\/cliente-refem\/#breadcrumb","itemListElement":[{"@type":"ListItem","position":1,"name":"In\u00edcio","item":"https:\/\/www.questionpro.com\/blog\/pt-br\/"},{"@type":"ListItem","position":2,"name":"Experi\u00eancia do cliente - CX","item":"https:\/\/www.questionpro.com\/blog\/pt-br\/category\/experiencia-do-cliente-cx-pt-br\/"},{"@type":"ListItem","position":3,"name":"Cliente ref\u00e9m: o que \u00e9, como identific\u00e1-lo e o que fazer a respeito"}]},{"@type":"WebSite","@id":"https:\/\/www.questionpro.com\/blog\/pt-br\/#website","url":"https:\/\/www.questionpro.com\/blog\/pt-br\/","name":"QuestionPro","description":"","publisher":{"@id":"https:\/\/www.questionpro.com\/blog\/pt-br\/#organization"},"potentialAction":[{"@type":"SearchAction","target":{"@type":"EntryPoint","urlTemplate":"https:\/\/www.questionpro.com\/blog\/pt-br\/?s={search_term_string}"},"query-input":"required name=search_term_string"}],"inLanguage":"pt-BR"},{"@type":"Organization","@id":"https:\/\/www.questionpro.com\/blog\/pt-br\/#organization","name":"QuestionPro","url":"https:\/\/www.questionpro.com\/blog\/pt-br\/","logo":{"@type":"ImageObject","inLanguage":"pt-BR","@id":"https:\/\/www.questionpro.com\/blog\/pt-br\/#\/schema\/logo\/image\/","url":"https:\/\/www.questionpro.com\/blog\/wp-content\/uploads\/2022\/10\/questionpro-logo.svg","contentUrl":"https:\/\/www.questionpro.com\/blog\/wp-content\/uploads\/2022\/10\/questionpro-logo.svg","caption":"QuestionPro"},"image":{"@id":"https:\/\/www.questionpro.com\/blog\/pt-br\/#\/schema\/logo\/image\/"},"sameAs":["https:\/\/www.facebook.com\/questionpro","https:\/\/twitter.com\/questionpro","https:\/\/www.linkedin.com\/company\/questionpro\/"]},{"@type":"Person","@id":"https:\/\/www.questionpro.com\/blog\/pt-br\/#\/schema\/person\/0458a98e600271a2864830378d1d619c","name":"Camila Flores","image":{"@type":"ImageObject","inLanguage":"pt-BR","@id":"https:\/\/www.questionpro.com\/blog\/pt-br\/#\/schema\/person\/image\/","url":"https:\/\/secure.gravatar.com\/avatar\/7754db03cdbdd7586d5c33b326dc9dbe?s=96&d=mm&r=g","contentUrl":"https:\/\/secure.gravatar.com\/avatar\/7754db03cdbdd7586d5c33b326dc9dbe?s=96&d=mm&r=g","caption":"Camila Flores"},"sameAs":["https:\/\/www.questionpro.com\/es\/"],"url":"https:\/\/www.questionpro.com\/blog\/pt-br\/author\/camila-flores\/"}]}},"featured_image_src":"https:\/\/www.questionpro.com\/blog\/wp-content\/uploads\/2026\/06\/cover-cliente-refem-o-que-e-como-identifica-lo-e-o-que-2-600x400.jpg","featured_image_src_square":"https:\/\/www.questionpro.com\/blog\/wp-content\/uploads\/2026\/06\/cover-cliente-refem-o-que-e-como-identifica-lo-e-o-que-2-600x600.jpg","author_info":{"display_name":"Camila Flores","author_link":"https:\/\/www.questionpro.com\/blog\/pt-br\/author\/camila-flores\/"},"_links":{"self":[{"href":"https:\/\/www.questionpro.com\/blog\/pt-br\/wp-json\/wp\/v2\/posts\/1082240"}],"collection":[{"href":"https:\/\/www.questionpro.com\/blog\/pt-br\/wp-json\/wp\/v2\/posts"}],"about":[{"href":"https:\/\/www.questionpro.com\/blog\/pt-br\/wp-json\/wp\/v2\/types\/post"}],"author":[{"embeddable":true,"href":"https:\/\/www.questionpro.com\/blog\/pt-br\/wp-json\/wp\/v2\/users\/228"}],"replies":[{"embeddable":true,"href":"https:\/\/www.questionpro.com\/blog\/pt-br\/wp-json\/wp\/v2\/comments?post=1082240"}],"version-history":[{"count":4,"href":"https:\/\/www.questionpro.com\/blog\/pt-br\/wp-json\/wp\/v2\/posts\/1082240\/revisions"}],"predecessor-version":[{"id":1096477,"href":"https:\/\/www.questionpro.com\/blog\/pt-br\/wp-json\/wp\/v2\/posts\/1082240\/revisions\/1096477"}],"wp:featuredmedia":[{"embeddable":true,"href":"https:\/\/www.questionpro.com\/blog\/pt-br\/wp-json\/wp\/v2\/media\/1082404"}],"wp:attachment":[{"href":"https:\/\/www.questionpro.com\/blog\/pt-br\/wp-json\/wp\/v2\/media?parent=1082240"}],"wp:term":[{"taxonomy":"category","embeddable":true,"href":"https:\/\/www.questionpro.com\/blog\/pt-br\/wp-json\/wp\/v2\/categories?post=1082240"},{"taxonomy":"post_tag","embeddable":true,"href":"https:\/\/www.questionpro.com\/blog\/pt-br\/wp-json\/wp\/v2\/tags?post=1082240"}],"curies":[{"name":"wp","href":"https:\/\/api.w.org\/{rel}","templated":true}]}},{"id":1088153,"date":"2026-08-23T04:00:00","date_gmt":"2026-08-23T11:00:00","guid":{"rendered":"https:\/\/www.questionpro.com\/blog\/?p=1088153"},"modified":"2026-07-22T17:33:00","modified_gmt":"2026-07-23T00:33:00","slug":"escala-unipolar","status":"publish","type":"post","link":"https:\/\/www.questionpro.com\/blog\/pt-br\/escala-unipolar\/","title":{"rendered":"Escala unipolar: o que \u00e9, tipos e exemplos para pesquisas"},"content":{"rendered":"<p>Criar uma pesquisa que me\u00e7a exatamente o que voc\u00ea precisa medir \u00e9 mais dif\u00edcil do que parece. E um dos pontos onde mais pesquisadores erram \u00e9 na escolha do tipo de escala: bipolar quando deveriam usar unipolar, ou vice-versa. O resultado s\u00e3o dados que n\u00e3o refletem a realidade do respondente.<\/p>\n<p>Neste artigo, voc\u00ea vai entender o que \u00e9 a <strong>escala unipolar<\/strong>, como ela se diferencia da bipolar, quais tipos existem e quando conv\u00e9m usar cada uma. Al\u00e9m disso, vai ver exemplos reais e como configur\u00e1-la no QuestionPro sem complica\u00e7\u00f5es t\u00e9cnicas.<\/p>\n<p>Se voc\u00ea pesquisa satisfa\u00e7\u00e3o, frequ\u00eancia, intensidade ou qualquer atributo que vai de &#8220;nada&#8221; a &#8220;muito&#8221;, continue lendo.<\/p>\n<style>.qp-art-summary[open] .qp-art-arrow{transform:rotate(180deg)}.qp-art-arrow{transition:transform 0.25s ease;display:inline-block;}<\/style>\n<details class=\"qp-art-summary\" style=\"background: #f8faff; border: 2px solid #2D6BE4; border-radius: 12px; margin: 1.5rem 0; font-family: Arial,sans-serif; overflow: hidden;\">\n<summary style=\"background: #1a2b5e; color: #ffffff; padding: 1rem 1.25rem; cursor: pointer; font-size: 16px; font-weight: bold; list-style: none; display: flex; align-items: center; gap: 10px; margin: 0;\"><span style=\"font-size: 20px; line-height: 1; flex-shrink: 0;\">\ud83d\udc41<\/span> Resumo do artigo<span class=\"qp-art-arrow\" style=\"margin-left: auto; font-size: 13px; opacity: 0.75;\">\u25bc<\/span><\/summary>\n<ul style=\"margin: 0; padding: 1rem 1.5rem; list-style: none;\">\n<li style=\"padding: 0.6rem 0; border-bottom: 1px solid #e5e7eb; color: #374151; font-size: 15px; line-height: 1.6; display: flex; gap: 10px; align-items: flex-start;\"><span style=\"color: #2d6be4; font-weight: bold; flex-shrink: 0; margin-top: 2px;\">\u2713<\/span> A escala unipolar mede a intensidade de um \u00fanico atributo, do zero at\u00e9 o n\u00edvel m\u00e1ximo, sem extremos opostos.<\/li>\n<li style=\"padding: 0.6rem 0; border-bottom: 1px solid #e5e7eb; color: #374151; font-size: 15px; line-height: 1.6; display: flex; gap: 10px; align-items: flex-start;\"><span style=\"color: #2d6be4; font-weight: bold; flex-shrink: 0; margin-top: 2px;\">\u2713<\/span> Difere da escala bipolar por n\u00e3o ter ponto m\u00e9dio neutro nem extremo negativo como polo oposto.<\/li>\n<li style=\"padding: 0.6rem 0; border-bottom: 1px solid #e5e7eb; color: #374151; font-size: 15px; line-height: 1.6; display: flex; gap: 10px; align-items: flex-start;\"><span style=\"color: #2d6be4; font-weight: bold; flex-shrink: 0; margin-top: 2px;\">\u2713<\/span> Os tipos mais comuns s\u00e3o: satisfa\u00e7\u00e3o, frequ\u00eancia, import\u00e2ncia, probabilidade e qualidade percebida.<\/li>\n<li style=\"padding: 0.6rem 0; border-bottom: 1px solid #e5e7eb; color: #374151; font-size: 15px; line-height: 1.6; display: flex; gap: 10px; align-items: flex-start;\"><span style=\"color: #2d6be4; font-weight: bold; flex-shrink: 0; margin-top: 2px;\">\u2713<\/span> \u00c9 indicada quando o atributo medido n\u00e3o tem um polo oposto l\u00f3gico, como satisfa\u00e7\u00e3o ou frequ\u00eancia de comportamento.<\/li>\n<li style=\"padding: 0.6rem 0; color: #374151; font-size: 15px; line-height: 1.6; display: flex; gap: 10px; align-items: flex-start;\"><span style=\"color: #2d6be4; font-weight: bold; flex-shrink: 0; margin-top: 2px;\">\u2713<\/span> O QuestionPro permite criar escalas unipolares com etiquetas e pesos num\u00e9ricos personalizados, com an\u00e1lise estat\u00edstica autom\u00e1tica.<\/li>\n<\/ul>\n<\/details>\n\n<h2>O que \u00e9 uma escala unipolar?<\/h2>\n<p>Uma escala unipolar \u00e9 um instrumento de medi\u00e7\u00e3o que avalia um \u00fanico atributo ou dimens\u00e3o ao longo de um continuum que vai da aus\u00eancia total at\u00e9 \u00e0 presen\u00e7a m\u00e1xima. N\u00e3o h\u00e1 extremos opostos: existe uma progress\u00e3o de &#8220;nada&#8221; a &#8220;muito&#8221;, ou de &#8220;nunca&#8221; a &#8220;sempre&#8221;.<\/p>\n<p>O nome j\u00e1 explica tudo: &#8220;uni&#8221; (um) mais &#8220;polar&#8221; (polo). A escala tem apenas um ponto de ancoragem conceitual, embora possa ter m\u00faltiplas op\u00e7\u00f5es de resposta ao longo desse percurso. \u00c9 isso que a distingue fundamentalmente das escalas bipolares, que t\u00eam dois polos opostos, como &#8220;discordo totalmente&#8221; e &#8220;concordo totalmente&#8221;.<\/p>\n<p>Na pr\u00e1tica, quando um cliente responde a uma pergunta de satisfa\u00e7\u00e3o que vai de &#8220;Nada satisfeito&#8221; a &#8220;Muito satisfeito&#8221;, est\u00e1 usando uma escala unipolar. N\u00e3o h\u00e1 insatisfa\u00e7\u00e3o extrema como polo oposto; h\u00e1 apenas diferentes n\u00edveis de presen\u00e7a do atributo &#8220;satisfa\u00e7\u00e3o&#8221;. Esse tipo de escala \u00e9 especialmente \u00fatil em pesquisa de mercado, <a href=\"https:\/\/www.questionpro.com\/pt-br\/Pesquisa-de-satisfa%C3%A7%C3%A3o.html\">pesquisas de satisfa\u00e7\u00e3o do cliente<\/a>, estudos de <a href=\"https:\/\/www.questionpro.com\/blog\/pt-br\/experiencia-do-usuario\/\">experi\u00eancia do usu\u00e1rio<\/a> e qualquer contexto em que o que importa \u00e9 a intensidade de um \u00fanico atributo.<\/p>\n<h2>Escala unipolar vs escala bipolar: diferen\u00e7as fundamentais<\/h2>\n<p>A confus\u00e3o entre as duas escalas \u00e9 mais comum do que parece, e escolher a errada pode contaminar seus dados desde o momento em que voc\u00ea projeta o question\u00e1rio. Aqui est\u00e3o as diferen\u00e7as que realmente importam para um pesquisador.<\/p>\n<p>A escala bipolar tem dois extremos qualitativamente opostos: &#8220;Discordo totalmente&#8221; versus &#8220;Concordo totalmente&#8221;, ou &#8220;Muito ruim&#8221; versus &#8220;Muito bom&#8221;. A unipolar, por sua vez, tem apenas um ponto de ancoragem conceitual: o n\u00edvel zero ou a aus\u00eancia do atributo, e tudo o mais \u00e9 uma grada\u00e7\u00e3o desse mesmo conceito.<\/p>\n<p>Segundo pesquisa publicada no Social Science Computer Review (SAGE Publications, 2021), as escalas unipolares produzem frequentemente distribui\u00e7\u00f5es de resposta significativamente diferentes das bipolares. Usar o tipo errado n\u00e3o s\u00f3 introduz ru\u00eddo nos dados, como pode levar a conclus\u00f5es equivocadas sobre o construto que voc\u00ea pretendia medir.<\/p>\n<div style=\"margin: 2rem 0; font-family: Arial,sans-serif;\">\n<p style=\"text-align: center; color: #1a2b5e; font-size: 16px; font-weight: bold; margin: 0 0 1.25rem 0; text-transform: uppercase; letter-spacing: 1px;\">Escala unipolar vs escala bipolar<\/p>\n<div style=\"display: grid; grid-template-columns: 1fr 1fr; gap: 1rem;\">\n<div style=\"background: #1a2b5e; border-radius: 12px; padding: 1.25rem;\">\n<p style=\"background: #2D6BE4; color: #fff; display: inline-block; padding: 4px 12px; border-radius: 6px; font-size: 14px; font-weight: bold; margin: 0 0 10px 0;\">Escala unipolar<\/p>\n<ul style=\"margin: 0; padding-left: 1rem; color: #ffffff; font-size: 15px; line-height: 1.7;\">\n<li>Um \u00fanico polo conceitual<\/li>\n<li>Vai de &#8220;nada&#8221; a &#8220;m\u00e1ximo&#8221;<\/li>\n<li>Sem extremo oposto<\/li>\n<li>Ideal para satisfa\u00e7\u00e3o, frequ\u00eancia, intensidade<\/li>\n<li>Exemplo: de &#8220;Nada satisfeito&#8221; a &#8220;Muito satisfeito&#8221;<\/li>\n<\/ul>\n<\/div>\n<div style=\"background: #2D6BE4; border-radius: 12px; padding: 1.25rem;\">\n<p style=\"background: #1a2b5e; color: #fff; display: inline-block; padding: 4px 12px; border-radius: 6px; font-size: 14px; font-weight: bold; margin: 0 0 10px 0;\">Escala bipolar<\/p>\n<ul style=\"margin: 0; padding-left: 1rem; color: rgba(255,255,255,0.92); font-size: 15px; line-height: 1.7;\">\n<li>Dois polos conceitualmente opostos<\/li>\n<li>Vai do extremo negativo ao extremo positivo<\/li>\n<li>Tem ponto m\u00e9dio neutro<\/li>\n<li>Ideal para concord\u00e2ncia\/discord\u00e2ncia, atitudes<\/li>\n<li>Exemplo: de &#8220;Discordo totalmente&#8221; a &#8220;Concordo totalmente&#8221;<\/li>\n<\/ul>\n<\/div>\n<\/div>\n<\/div>\n<p>A escolha entre uma e outra n\u00e3o deve depender de h\u00e1bito nem do que &#8220;parece melhor&#8221; visualmente no question\u00e1rio, mas da natureza do construto que voc\u00ea est\u00e1 medindo. Mas aten\u00e7\u00e3o: se o atributo pode existir ou n\u00e3o existir em diferentes graus (satisfa\u00e7\u00e3o, frequ\u00eancia, import\u00e2ncia), a unipolar \u00e9 a op\u00e7\u00e3o certa. Se voc\u00ea mede uma atitude que pode ir em duas dire\u00e7\u00f5es opostas, a bipolar \u00e9 mais adequada.<\/p>\n<h2>Tipos de escalas unipolares<\/h2>\n<p>Nem todas as escalas unipolares medem a mesma coisa nem t\u00eam a mesma estrutura. Dependendo do atributo que voc\u00ea precisa capturar, existem variantes espec\u00edficas que otimizam a precis\u00e3o dos seus dados e a compreens\u00e3o por parte do respondente.<\/p>\n<p>Conhecer essas variantes \u00e9 essencial antes de projetar qualquer <a href=\"https:\/\/www.questionpro.com\/blog\/pt-br\/o-que-e-um-questionario\/\">question\u00e1rio<\/a>, porque escolher o tipo errado pode introduzir vi\u00e9s sem que voc\u00ea perceba. Por exemplo, usar uma escala de frequ\u00eancia quando voc\u00ea realmente precisa medir intensidade confunde o respondente e gera dados dif\u00edceis de interpretar com consist\u00eancia.<\/p>\n<div style=\"background: #1a2b5e; border-radius: 16px; padding: 2rem; margin: 2rem 0; font-family: Arial,sans-serif;\">\n<p style=\"text-align: center; color: #ffffff; font-size: 16px; font-weight: bold; margin: 0 0 1.5rem 0; letter-spacing: 1px; text-transform: uppercase;\">Tipos de escalas unipolares mais comuns<\/p>\n<div style=\"background: #ffffff; border-radius: 10px; padding: 1rem 1.25rem; margin-bottom: 0.75rem; display: flex; align-items: flex-start; gap: 1rem;\">\n<div style=\"background: #2D6BE4; color: #fff; font-weight: 800; font-size: 16px; min-width: 42px; height: 42px; border-radius: 50%; display: flex; align-items: center; justify-content: center; flex-shrink: 0;\">01<\/div>\n<div>\n<p style=\"margin: 0 0 4px 0; font-weight: bold; color: #111827; font-size: 16px;\">Escala de satisfa\u00e7\u00e3o<\/p>\n<p style=\"margin: 0; color: #6b7280; font-size: 16px; line-height: 1.5;\">Mede o n\u00edvel de satisfa\u00e7\u00e3o com um produto, servi\u00e7o ou experi\u00eancia. Faixa t\u00edpica: Nada satisfeito \/ Pouco satisfeito \/ Moderadamente satisfeito \/ Muito satisfeito \/ Completamente satisfeito.<\/p>\n<\/div>\n<\/div>\n<div style=\"background: #ffffff; border-radius: 10px; padding: 1rem 1.25rem; margin-bottom: 0.75rem; display: flex; align-items: flex-start; gap: 1rem;\">\n<div style=\"background: #2D6BE4; color: #fff; font-weight: 800; font-size: 16px; min-width: 42px; height: 42px; border-radius: 50%; display: flex; align-items: center; justify-content: center; flex-shrink: 0;\">02<\/div>\n<div>\n<p style=\"margin: 0 0 4px 0; font-weight: bold; color: #111827; font-size: 16px;\">Escala de frequ\u00eancia<\/p>\n<p style=\"margin: 0; color: #6b7280; font-size: 16px; line-height: 1.5;\">Avalia com que frequ\u00eancia um comportamento ocorre. Faixa t\u00edpica: Nunca \/ Raramente \/ \u00c0s vezes \/ Frequentemente \/ Sempre.<\/p>\n<\/div>\n<\/div>\n<div style=\"background: #ffffff; border-radius: 10px; padding: 1rem 1.25rem; margin-bottom: 0.75rem; display: flex; align-items: flex-start; gap: 1rem;\">\n<div style=\"background: #2D6BE4; color: #fff; font-weight: 800; font-size: 16px; min-width: 42px; height: 42px; border-radius: 50%; display: flex; align-items: center; justify-content: center; flex-shrink: 0;\">03<\/div>\n<div>\n<p style=\"margin: 0 0 4px 0; font-weight: bold; color: #111827; font-size: 16px;\">Escala de import\u00e2ncia<\/p>\n<p style=\"margin: 0; color: #6b7280; font-size: 16px; line-height: 1.5;\">Captura o quanto o respondente considera importante um atributo ou caracter\u00edstica. Faixa t\u00edpica: Nada importante \/ Pouco importante \/ Algo importante \/ Muito importante \/ Extremamente importante.<\/p>\n<\/div>\n<\/div>\n<div style=\"background: #ffffff; border-radius: 10px; padding: 1rem 1.25rem; margin-bottom: 0.75rem; display: flex; align-items: flex-start; gap: 1rem;\">\n<div style=\"background: #2D6BE4; color: #fff; font-weight: 800; font-size: 16px; min-width: 42px; height: 42px; border-radius: 50%; display: flex; align-items: center; justify-content: center; flex-shrink: 0;\">04<\/div>\n<div>\n<p style=\"margin: 0 0 4px 0; font-weight: bold; color: #111827; font-size: 16px;\">Escala de probabilidade<\/p>\n<p style=\"margin: 0; color: #6b7280; font-size: 16px; line-height: 1.5;\">Mede a probabilidade de o respondente realizar uma a\u00e7\u00e3o futura. Faixa t\u00edpica: Nada prov\u00e1vel \/ Pouco prov\u00e1vel \/ Algo prov\u00e1vel \/ Muito prov\u00e1vel \/ Extremamente prov\u00e1vel.<\/p>\n<\/div>\n<\/div>\n<div style=\"background: #ffffff; border-radius: 10px; padding: 1rem 1.25rem; display: flex; align-items: flex-start; gap: 1rem;\">\n<div style=\"background: #2D6BE4; color: #fff; font-weight: 800; font-size: 16px; min-width: 42px; height: 42px; border-radius: 50%; display: flex; align-items: center; justify-content: center; flex-shrink: 0;\">05<\/div>\n<div>\n<p style=\"margin: 0 0 4px 0; font-weight: bold; color: #111827; font-size: 16px;\">Escala de qualidade percebida<\/p>\n<p style=\"margin: 0; color: #6b7280; font-size: 16px; line-height: 1.5;\">Avalia a percep\u00e7\u00e3o de qualidade de um produto, servi\u00e7o ou processo. Faixa t\u00edpica: P\u00e9ssima \/ Ruim \/ Regular \/ Boa \/ Excelente.<\/p>\n<\/div>\n<\/div>\n<\/div>\n<p>Cada um desses tipos tem varia\u00e7\u00f5es quanto ao n\u00famero de pontos. As escalas de 5 pontos s\u00e3o as mais usadas em <a href=\"https:\/\/www.questionpro.com\/pt-br\/investigacao-de-mercado.html\">pesquisa de mercado<\/a> pelo equil\u00edbrio entre precis\u00e3o e facilidade de resposta. As de 7 pontos oferecem maior granularidade, principalmente em pesquisa acad\u00eamica, mas podem gerar fadiga do respondente se usadas intensamente em question\u00e1rios longos.<\/p>\n<h2>Exemplos de escalas unipolares em pesquisas<\/h2>\n<p>A teoria \u00e9 \u00fatil, mas os exemplos concretos s\u00e3o os que realmente esclarecem quando e como usar uma escala unipolar. Aqui vai o que mais aparece em estudos de CX, pesquisa de produto e pesquisa organizacional no Brasil.<\/p>\n<p>Antes de ver os exemplos, um ponto importante: o texto de cada op\u00e7\u00e3o de resposta importa tanto quanto a estrutura da escala. Usar r\u00f3tulos vagos como &#8220;1, 2, 3, 4, 5&#8221; sem ancorar o significado de cada ponto \u00e9 um dos erros mais comuns, e transforma uma escala unipolar bem projetada em uma fonte de ambiguidade.<\/p>\n<h3>Exemplo 1: Pesquisa de satisfa\u00e7\u00e3o do cliente<\/h3>\n<p><em>&#8220;Qual \u00e9 o seu n\u00edvel de satisfa\u00e7\u00e3o com o tempo de resposta da nossa equipe de suporte?&#8221;<\/em><\/p>\n<p>Op\u00e7\u00f5es: Nada satisfeito \/ Pouco satisfeito \/ Moderadamente satisfeito \/ Muito satisfeito \/ Completamente satisfeito.<\/p>\n<p>O atributo medido \u00e9 &#8220;satisfa\u00e7\u00e3o com o tempo de resposta&#8221;. N\u00e3o h\u00e1 um polo de insatisfa\u00e7\u00e3o extrema como conceito independente: h\u00e1 apenas diferentes n\u00edveis de presen\u00e7a do mesmo atributo.<\/p>\n<h3>Exemplo 2: Pesquisa de frequ\u00eancia de uso<\/h3>\n<p><em>&#8220;Com que frequ\u00eancia voc\u00ea usa a funcionalidade de relat\u00f3rios da nossa plataforma?&#8221;<\/em><\/p>\n<p>Op\u00e7\u00f5es: Nunca \/ Raramente \/ \u00c0s vezes \/ Frequentemente \/ Sempre.<\/p>\n<p>A frequ\u00eancia n\u00e3o tem um extremo negativo no sentido conceitual. O ponto de partida \u00e9 simplesmente a aus\u00eancia do comportamento, o que a torna um caso cl\u00e1ssico de medi\u00e7\u00e3o unipolar.<\/p>\n<h3>Exemplo 3: Avalia\u00e7\u00e3o de import\u00e2ncia em pesquisa de produto<\/h3>\n<p><em>&#8220;Qual a import\u00e2ncia de o software de pesquisa ter integra\u00e7\u00e3o nativa com o seu CRM?&#8221;<\/em><\/p>\n<p>Op\u00e7\u00f5es: Nada importante \/ Pouco importante \/ Algo importante \/ Muito importante \/ Extremamente importante.<\/p>\n<p>Essa pergunta \u00e9 especialmente \u00fatil em estudos de prioriza\u00e7\u00e3o de funcionalidades e nas fases iniciais de desenvolvimento de produto, permitindo comparar a import\u00e2ncia de diferentes atributos com a mesma escala de refer\u00eancia.<\/p>\n<blockquote style=\"border-left: 4px solid #2D6BE4; margin: 1.5rem 0; padding: 1rem 1.5rem; background: #f8faff; border-radius: 0 8px 8px 0; font-family: Arial,sans-serif;\">\n<p style=\"font-size: 16px; font-style: italic; color: #1a2b5e; margin: 0 0 8px 0; line-height: 1.6;\">&#8220;As escalas unipolares s\u00e3o especialmente eficazes quando o objetivo \u00e9 quantificar a intensidade de um atributo positivo. Tentar for\u00e7ar uma escala bipolar nesse contexto introduz ru\u00eddo nos dados e complica a an\u00e1lise estat\u00edstica posterior.&#8221;<\/p>\n<p><cite style=\"font-size: 13px; color: #6b7280; font-style: normal;\">\u2014 QuestionPro Research Team<\/cite><\/p><\/blockquote>\n<h2>Quando usar uma escala unipolar?<\/h2>\n<p>Aqui vai o detalhe que muitos pesquisadores n\u00e3o percebem: a escolha entre escala unipolar e bipolar n\u00e3o \u00e9 uma quest\u00e3o de prefer\u00eancia pessoal nem do que &#8220;fica melhor&#8221; no question\u00e1rio. Depende da natureza do construto que voc\u00ea est\u00e1 medindo, e confundir as duas afeta diretamente a validade do instrumento.<\/p>\n<p>Use uma escala unipolar quando o atributo que voc\u00ea mede s\u00f3 pode existir em uma dire\u00e7\u00e3o, da aus\u00eancia at\u00e9 a presen\u00e7a m\u00e1xima. Satisfa\u00e7\u00e3o, frequ\u00eancia, import\u00e2ncia, probabilidade e qualidade percebida s\u00e3o exemplos cl\u00e1ssicos: n\u00e3o h\u00e1 um &#8220;polo negativo&#8221; separado como conceito independente, apenas diferentes graus do mesmo atributo.<\/p>\n<div style=\"background: #f8faff; border-left: 5px solid #2D6BE4; border-radius: 0 12px 12px 0; padding: 1.25rem 1.5rem; margin: 1.5rem 0; font-family: Arial,sans-serif;\">\n<p style=\"font-size: 26px; font-weight: 800; color: #1a2b5e; margin: 0 0 6px 0;\">5 pontos<\/p>\n<p style=\"font-size: 15px; color: #374151; margin: 0 0 8px 0; line-height: 1.5;\">Escalas unipolares de 5 pontos produzem os resultados mais confi\u00e1veis para medir atributos de intensidade \u00fanica, de acordo com an\u00e1lise de m\u00faltiplos formatos de escala em estudos de campo. As de 7 pontos oferecem maior discrimina\u00e7\u00e3o estat\u00edstica para contextos acad\u00eamicos de alta precis\u00e3o.<\/p>\n<p style=\"font-size: 13px; color: #6b7280; margin: 0;\">Fonte: Researchscape, The Case for 5-Point Unipolar Scales<\/p>\n<\/div>\n<p>Em contraste, se voc\u00ea est\u00e1 medindo uma atitude que pode ir em duas dire\u00e7\u00f5es genuinamente opostas, como o n\u00edvel de concord\u00e2ncia com uma afirma\u00e7\u00e3o, ou a percep\u00e7\u00e3o de temperatura entre &#8220;muito frio&#8221; e &#8220;muito quente&#8221;, uma escala bipolar captura melhor a realidade do respondente.<\/p>\n<p>Tem mais: h\u00e1 um sinal pr\u00e1tico para identificar quando usar a unipolar. Pergunte a si mesmo se o extremo inferior da sua escala representa logicamente a &#8220;aus\u00eancia&#8221; do atributo. Se sim, voc\u00ea est\u00e1 diante de um caso unipolar. Se o extremo inferior representa um atributo diferente ou oposto, voc\u00ea precisa da bipolar.<\/p>\n<h2>Como projetar uma escala unipolar passo a passo<\/h2>\n<p>Projetar bem uma escala unipolar n\u00e3o exige um doutorado em psicometria, mas exige decis\u00f5es conscientes sobre v\u00e1rios elementos que, se negligenciados, geram dados pouco confi\u00e1veis. Aqui est\u00e1 o processo que as equipes de pesquisa mais rigorosas seguem.<\/p>\n<p>O primeiro passo \u00e9 definir com precis\u00e3o o construto. N\u00e3o &#8220;satisfa\u00e7\u00e3o&#8221; em abstrato, mas &#8220;satisfa\u00e7\u00e3o com o processo de devolu\u00e7\u00e3o de produtos&#8221;. Quanto mais espec\u00edfico for o objeto da medi\u00e7\u00e3o, mais preciso ser\u00e1 o dado obtido. Uma escala unipolar gen\u00e9rica sobre &#8220;satisfa\u00e7\u00e3o geral&#8221; frequentemente captura muito ru\u00eddo sem\u00e2ntico.<\/p>\n<p>O segundo passo \u00e9 escolher o n\u00famero de pontos. Escalas de 5 pontos funcionam bem para a maioria dos contextos: oferecem grada\u00e7\u00e3o suficiente sem sobrecarregar o respondente. As de 7 pontos s\u00e3o \u00fateis quando voc\u00ea precisa de maior discrimina\u00e7\u00e3o entre respondentes com n\u00edveis similares do atributo, por exemplo em pesquisa acad\u00eamica ou estudos comparativos de alta precis\u00e3o.<\/p>\n<p>O terceiro passo, e talvez o mais negligenciado, \u00e9 ancorar cada ponto com r\u00f3tulos verbais claros. N\u00e3o basta colocar n\u00fameros de 1 a 5. Cada op\u00e7\u00e3o deve ter um r\u00f3tulo que o respondente possa interpretar de forma inequ\u00edvoca, e esses r\u00f3tulos precisam ser conceitualmente equidistantes: o salto percebido entre &#8220;Nada&#8221; e &#8220;Pouco&#8221; deve parecer t\u00e3o grande quanto o salto entre &#8220;Muito&#8221; e &#8220;Completamente&#8221;.<\/p>\n<blockquote style=\"border-left: 4px solid #2D6BE4; margin: 1.5rem 0; padding: 1rem 1.5rem; background: #f8faff; border-radius: 0 8px 8px 0; font-family: Arial,sans-serif;\">\n<p style=\"font-size: 16px; font-style: italic; color: #1a2b5e; margin: 0 0 8px 0; line-height: 1.6;\">&#8220;No QuestionPro, os pesquisadores podem atribuir valores ou pesos num\u00e9ricos personalizados a cada op\u00e7\u00e3o de resposta unipolar. Isso facilita o c\u00e1lculo autom\u00e1tico de m\u00e9dias, desvios padr\u00e3o e outras an\u00e1lises estat\u00edsticas diretamente nos pain\u00e9is de relat\u00f3rios da plataforma.&#8221;<\/p>\n<p><cite style=\"font-size: 13px; color: #6b7280; font-style: normal;\">\u2014 QuestionPro Team<\/cite><\/p><\/blockquote>\n<h2>QuestionPro e as escalas unipolares<\/h2>\n<p>O QuestionPro oferece suporte completo ao design e uso de escalas unipolares nos question\u00e1rios. Isso n\u00e3o significa apenas que voc\u00ea pode criar perguntas de m\u00faltipla escolha com r\u00f3tulos personalizados: a plataforma oferece funcionalidades espec\u00edficas que tornam o trabalho com escalas unipolares mais rigoroso e analiticamente poderoso.<\/p>\n<p>A plataforma disponibiliza uma ampla variedade de tipos de perguntas projetadas para esse prop\u00f3sito: <a href=\"https:\/\/www.questionpro.com\/blog\/pt-br\/o-que-e-escala-likert\/\">escalas Likert<\/a>, tabelas de matriz e escalas de classifica\u00e7\u00e3o num\u00e9rica, todas 100% personaliz\u00e1veis. Os pesquisadores podem definir livremente os r\u00f3tulos das op\u00e7\u00f5es de resposta para medir a intensidade de um \u00fanico atributo, desde o n\u00edvel base (zero ou nada) at\u00e9 o n\u00edvel m\u00e1ximo, sem estar limitados a op\u00e7\u00f5es predefinidas pelo sistema.<\/p>\n<p>Para equipes que realizam estudos de satisfa\u00e7\u00e3o, avalia\u00e7\u00f5es de experi\u00eancia do cliente ou pesquisas de clima organizacional de forma recorrente, o sistema permite atribuir valores ou pesos num\u00e9ricos personalizados a cada op\u00e7\u00e3o de resposta unipolar. Em vez de exportar os dados brutos e process\u00e1-los manualmente em ferramentas externas, o QuestionPro calcula automaticamente m\u00e9dias, desvios padr\u00e3o e outros indicadores estat\u00edsticos diretamente nos pain\u00e9is de relat\u00f3rios, reduzindo erros de transcri\u00e7\u00e3o e encurtando o ciclo completo de an\u00e1lise.<\/p>\n<h2>Conclus\u00e3o<\/h2>\n<p>A escala unipolar \u00e9 uma ferramenta de medi\u00e7\u00e3o mais espec\u00edfica e precisa do que muitos pesquisadores reconhecem. Quando usada no contexto certo, ou seja, quando o atributo que voc\u00ea mede genuinamente vai de &#8220;nada&#8221; a &#8220;muito&#8221; sem um polo oposto l\u00f3gico, ela produz dados mais interpret\u00e1veis e estatisticamente mais manej\u00e1veis do que uma escala bipolar mal aplicada.<\/p>\n<p>A defini\u00e7\u00e3o precisa do construto, os tipos dispon\u00edveis, os exemplos de aplica\u00e7\u00e3o e o processo de design s\u00e3o os elementos que determinam se sua escala unipolar ser\u00e1 um instrumento s\u00f3lido ou uma fonte de ru\u00eddo nos dados. O pr\u00f3ximo passo \u00e9 sempre o mesmo: escolher a ferramenta certa para configur\u00e1-la corretamente.<\/p>\n<p>Quer explorar como configurar escalas unipolares personalizadas na sua pr\u00f3xima pesquisa? A equipe do <a href=\"https:\/\/www.questionpro.com\/pt-br\/\">QuestionPro<\/a> pode mostrar as op\u00e7\u00f5es da plataforma e ajud\u00e1-lo a projetar o instrumento adequado para o seu objetivo de investiga\u00e7\u00e3o. Fale com a gente hoje.<\/p>\n\n\t<div class=\"banner-section wf-section\" lang=\"\" >\n\t\t<div class=\"right-column-container\">\n\t\t\t<div class=\"bannerbg white\">\n\t\t\t\t<span class=\"h1-2\">Crie experi\u00eancias memor\u00e1veis com base em dados em tempo real, insights e an\u00e1lises avan\u00e7adas<\/span>\n\t\t\t\t<a href=\"#userliteForm\" data-toggle=\"modal\" class=\"button w-button\">Agendar demo<\/a>\n\t\t\t<\/div>\n\t\t<\/div>\n\t<\/div>\n\t<div class=\"userlite-modal modal fade\" id=\"userliteForm\" tabindex=\"-1\" role=\"dialog\" style=\"display: none;\">\n\t\t<div class=\"modal-dialog\" role=\"document\">\n\t\t\t<div class=\"modal-content\" role=\"document\">\n\t\t\t\t<div class=\"modal-body\">\n\t\t\t\t\t<div class=\"modal-header\">\n\t\t\t\t\t\t<button type=\"button\" class=\"close\" data-dismiss=\"modal\" aria-label=\"Close\">\n\t\t\t\t\t\t\t<i class=\"material-icons\">close<\/i>\n\t\t\t\t\t\t<\/button>\n\t\t\t\t\t<\/div>\n\t\t\t\t\t<div class=\"contact-us-form-wrapper contact-box\">\n\t\t\t\t\t\t<div class=\"userlite-form-wrapper\">\n\t\t\t\t\t\t\t<iframe src=\"https:\/\/www.questionpro.com\/userlite-form-blog-portuguese.html?product=Surveys&amp;referralurl=https:\/\/www.questionpro.com\/blog\/pt-br\/wp-json\/wp\/v2\/posts\/&amp;lang=pt_br&amp;cat=pesquisa-de-mercado\" style=\"display: block;\" ><\/iframe>\n\t\t\t\t\t\t<\/div>\n\t\t\t\t\t\t<div class=\"demo-form-wrapper success-message-div\" style=\"display:none\">\n\t\t\t\t\t\t\t<p class=\"success-message-para\"><\/p>\n\t\t\t\t\t\t<\/div>\n\t\t\t\t\t<\/div>\n\t\t\t\t<\/div>\n\t\t\t<\/div>\n\t\t<\/div>\n\t<\/div>\n<div class=\"schema-faq wp-block-yoast-faq-block\">\n<div class=\"schema-faq-section\"><strong class=\"schema-faq-question\">Qual \u00e9 a diferen\u00e7a entre escala unipolar e bipolar?<\/strong><\/p>\n<p class=\"schema-faq-answer\">Uma escala unipolar mede um \u00fanico atributo do zero at\u00e9 o n\u00edvel m\u00e1ximo, como de &#8220;Nada satisfeito&#8221; a &#8220;Muito satisfeito&#8221;. Uma escala bipolar mede posi\u00e7\u00f5es entre dois extremos qualitativamente opostos, como de &#8220;Discordo totalmente&#8221; a &#8220;Concordo totalmente&#8221;, incluindo um ponto m\u00e9dio neutro. A escolha depende da natureza do construto: se o atributo s\u00f3 pode ir em uma dire\u00e7\u00e3o, a unipolar \u00e9 a op\u00e7\u00e3o certa; se pode ir em duas dire\u00e7\u00f5es opostas, \u00e9 preciso usar a bipolar.<\/p>\n<\/div>\n<div class=\"schema-faq-section\"><strong class=\"schema-faq-question\">Quantos pontos deve ter uma escala unipolar?<\/strong><\/p>\n<p class=\"schema-faq-answer\">As escalas unipolares de 5 pontos s\u00e3o as mais utilizadas em pesquisa de mercado pelo equil\u00edbrio entre precis\u00e3o e facilidade de resposta. As de 7 pontos oferecem maior discrimina\u00e7\u00e3o estat\u00edstica e s\u00e3o indicadas em pesquisa acad\u00eamica quando \u00e9 necess\u00e1ria alta sensibilidade. As de 3 pontos s\u00e3o \u00fateis em pesquisas muito curtas onde a velocidade de resposta \u00e9 priorit\u00e1ria, mas sacrificam granularidade. Para a maioria dos estudos de CX e experi\u00eancia do colaborador, a escala de 5 pontos \u00e9 o padr\u00e3o mais confi\u00e1vel.<\/p>\n<\/div>\n<div class=\"schema-faq-section\"><strong class=\"schema-faq-question\">Que tipos de atributos s\u00e3o melhor medidos com escalas unipolares?<\/strong><\/p>\n<p class=\"schema-faq-answer\">As escalas unipolares s\u00e3o especialmente adequadas para medir satisfa\u00e7\u00e3o, frequ\u00eancia de comportamento, import\u00e2ncia percebida, probabilidade de a\u00e7\u00e3o e qualidade percebida. Esses atributos t\u00eam em comum o fato de poderem existir em diferentes graus, mas sem um polo conceitualmente oposto e independente. Em contraste, atitudes que podem ir em duas dire\u00e7\u00f5es opostas, como concord\u00e2ncia ou discord\u00e2ncia com uma afirma\u00e7\u00e3o, s\u00e3o melhor medidas com escalas bipolares.<\/p>\n<\/div>\n<div class=\"schema-faq-section\"><strong class=\"schema-faq-question\">Como os dados de uma escala unipolar s\u00e3o analisados estatisticamente?<\/strong><\/p>\n<p class=\"schema-faq-answer\">Os dados de escalas unipolares s\u00e3o tratados como <a href=\"https:\/\/www.questionpro.com\/blog\/pt-br\/o-que-sao-dados-ordinais\/\">dados ordinais<\/a>, embora na pr\u00e1tica muitos pesquisadores os analisem como dados de intervalo quando o n\u00famero de pontos \u00e9 suficientemente alto (5 ou mais). As an\u00e1lises t\u00edpicas incluem c\u00e1lculo de m\u00e9dia, mediana e moda, desvio padr\u00e3o, distribui\u00e7\u00e3o de frequ\u00eancias e compara\u00e7\u00f5es entre grupos. No QuestionPro, esses c\u00e1lculos s\u00e3o automatizados por meio da atribui\u00e7\u00e3o de pesos num\u00e9ricos personalizados a cada op\u00e7\u00e3o de resposta, eliminando a necessidade de processamento manual posterior.<\/p>\n<\/div>\n<div class=\"schema-faq-section\"><strong class=\"schema-faq-question\">Posso usar uma escala unipolar em uma tabela de matriz?<\/strong><\/p>\n<p class=\"schema-faq-answer\">Sim, e de fato \u00e9 uma das formas mais eficientes de coletar dados unipolares quando voc\u00ea avalia m\u00faltiplos atributos simultaneamente. Em uma tabela de matriz unipolar, cada linha representa um atributo diferente e todas as colunas compartilham a mesma escala de intensidade, por exemplo de &#8220;Nada importante&#8221; a &#8220;Extremamente importante&#8221;. Isso reduz o tempo de resposta e facilita compara\u00e7\u00f5es diretas entre atributos. O QuestionPro oferece tabelas de matriz completamente personaliz\u00e1veis para esse prop\u00f3sito.<\/p>\n<\/div>\n<\/div>\n","protected":false},"excerpt":{"rendered":"<p>Criar uma pesquisa que me\u00e7a exatamente o que voc\u00ea precisa medir \u00e9 mais dif\u00edcil do que parece. E um dos [&hellip;]<\/p>\n","protected":false},"author":42,"featured_media":1088181,"comment_status":"closed","ping_status":"closed","sticky":false,"template":"","format":"standard","meta":{"_yoast_wpseo_focuskw":"escala unipolar","_yoast_wpseo_title":"Escala unipolar: o que \u00e9, tipos e exemplos | QuestionPro","_yoast_wpseo_metadesc":"Entenda o que \u00e9 uma escala unipolar, seus tipos, exemplos pr\u00e1ticos e quando us\u00e1-la nas suas pesquisas. Configure facilmente no QuestionPro.","_genesis_hide_title":false,"_genesis_hide_breadcrumbs":false,"_genesis_hide_singular_image":false,"_genesis_hide_footer_widgets":false,"_genesis_custom_body_class":"","_genesis_custom_post_class":"","_genesis_layout":"","footnotes":""},"categories":[243],"tags":[],"yoast_head":"<!-- This site is optimized with the Yoast SEO plugin v20.4 - https:\/\/yoast.com\/wordpress\/plugins\/seo\/ -->\n<title>Escala unipolar: o que \u00e9, tipos e exemplos | QuestionPro<\/title>\n<meta name=\"description\" content=\"Entenda o que \u00e9 uma escala unipolar, seus tipos, exemplos pr\u00e1ticos e quando us\u00e1-la nas suas pesquisas. Configure facilmente no QuestionPro.\" \/>\n<meta name=\"robots\" content=\"index, follow, max-snippet:-1, max-image-preview:large, max-video-preview:-1\" \/>\n<link rel=\"canonical\" href=\"https:\/\/www.questionpro.com\/blog\/pt-br\/escala-unipolar\/\" \/>\n<meta property=\"og:locale\" content=\"pt_BR\" \/>\n<meta property=\"og:type\" content=\"article\" \/>\n<meta property=\"og:title\" content=\"Escala unipolar: o que \u00e9, tipos e exemplos | QuestionPro\" \/>\n<meta property=\"og:description\" content=\"Entenda o que \u00e9 uma escala unipolar, seus tipos, exemplos pr\u00e1ticos e quando us\u00e1-la nas suas pesquisas. Configure facilmente no QuestionPro.\" \/>\n<meta property=\"og:url\" content=\"https:\/\/www.questionpro.com\/blog\/pt-br\/escala-unipolar\/\" \/>\n<meta property=\"og:site_name\" content=\"QuestionPro\" \/>\n<meta property=\"article:publisher\" content=\"https:\/\/www.facebook.com\/questionpro\" \/>\n<meta property=\"article:published_time\" content=\"2026-08-23T11:00:00+00:00\" \/>\n<meta property=\"article:modified_time\" content=\"2026-07-23T00:33:00+00:00\" \/>\n<meta property=\"og:image\" content=\"https:\/\/www.questionpro.com\/blog\/wp-content\/uploads\/2026\/07\/cover-escala-unipolar-o-que-e-tipos-e-como-usar-em-pes.jpg\" \/>\n\t<meta property=\"og:image:width\" content=\"1255\" \/>\n\t<meta property=\"og:image:height\" content=\"705\" \/>\n\t<meta property=\"og:image:type\" content=\"image\/jpeg\" \/>\n<meta name=\"author\" content=\"Cristina Ortega\" \/>\n<meta name=\"twitter:card\" content=\"summary_large_image\" \/>\n<meta name=\"twitter:creator\" content=\"@questionpro\" \/>\n<meta name=\"twitter:site\" content=\"@questionpro\" \/>\n<meta name=\"twitter:label1\" content=\"Escrito por\" \/>\n\t<meta name=\"twitter:data1\" content=\"Cristina Ortega\" \/>\n\t<meta name=\"twitter:label2\" content=\"Est. tempo de leitura\" \/>\n\t<meta name=\"twitter:data2\" content=\"12 minutos\" \/>\n<script type=\"application\/ld+json\" class=\"yoast-schema-graph\">{\"@context\":\"https:\/\/schema.org\",\"@graph\":[{\"@type\":\"Article\",\"@id\":\"https:\/\/www.questionpro.com\/blog\/pt-br\/escala-unipolar\/#article\",\"isPartOf\":{\"@id\":\"https:\/\/www.questionpro.com\/blog\/pt-br\/escala-unipolar\/\"},\"author\":{\"name\":\"Cristina Ortega\",\"@id\":\"https:\/\/www.questionpro.com\/blog\/pt-br\/#\/schema\/person\/36aae2d8eed7708b6408f95c0198593d\"},\"headline\":\"Escala unipolar: o que \u00e9, tipos e exemplos para pesquisas\",\"datePublished\":\"2026-08-23T11:00:00+00:00\",\"dateModified\":\"2026-07-23T00:33:00+00:00\",\"mainEntityOfPage\":{\"@id\":\"https:\/\/www.questionpro.com\/blog\/pt-br\/escala-unipolar\/\"},\"wordCount\":2753,\"publisher\":{\"@id\":\"https:\/\/www.questionpro.com\/blog\/pt-br\/#organization\"},\"articleSection\":[\"Pesquisa de mercado\"],\"inLanguage\":\"pt-BR\"},{\"@type\":\"WebPage\",\"@id\":\"https:\/\/www.questionpro.com\/blog\/pt-br\/escala-unipolar\/\",\"url\":\"https:\/\/www.questionpro.com\/blog\/pt-br\/escala-unipolar\/\",\"name\":\"Escala unipolar: o que \u00e9, tipos e exemplos | QuestionPro\",\"isPartOf\":{\"@id\":\"https:\/\/www.questionpro.com\/blog\/pt-br\/#website\"},\"datePublished\":\"2026-08-23T11:00:00+00:00\",\"dateModified\":\"2026-07-23T00:33:00+00:00\",\"description\":\"Entenda o que \u00e9 uma escala unipolar, seus tipos, exemplos pr\u00e1ticos e quando us\u00e1-la nas suas pesquisas. Configure facilmente no QuestionPro.\",\"breadcrumb\":{\"@id\":\"https:\/\/www.questionpro.com\/blog\/pt-br\/escala-unipolar\/#breadcrumb\"},\"inLanguage\":\"pt-BR\",\"potentialAction\":[{\"@type\":\"ReadAction\",\"target\":[\"https:\/\/www.questionpro.com\/blog\/pt-br\/escala-unipolar\/\"]}]},{\"@type\":\"BreadcrumbList\",\"@id\":\"https:\/\/www.questionpro.com\/blog\/pt-br\/escala-unipolar\/#breadcrumb\",\"itemListElement\":[{\"@type\":\"ListItem\",\"position\":1,\"name\":\"In\u00edcio\",\"item\":\"https:\/\/www.questionpro.com\/blog\/pt-br\/\"},{\"@type\":\"ListItem\",\"position\":2,\"name\":\"Pesquisa de mercado\",\"item\":\"https:\/\/www.questionpro.com\/blog\/pt-br\/category\/pesquisa-de-mercado\/\"},{\"@type\":\"ListItem\",\"position\":3,\"name\":\"Escala unipolar: o que \u00e9, tipos e exemplos para pesquisas\"}]},{\"@type\":\"WebSite\",\"@id\":\"https:\/\/www.questionpro.com\/blog\/pt-br\/#website\",\"url\":\"https:\/\/www.questionpro.com\/blog\/pt-br\/\",\"name\":\"QuestionPro\",\"description\":\"\",\"publisher\":{\"@id\":\"https:\/\/www.questionpro.com\/blog\/pt-br\/#organization\"},\"potentialAction\":[{\"@type\":\"SearchAction\",\"target\":{\"@type\":\"EntryPoint\",\"urlTemplate\":\"https:\/\/www.questionpro.com\/blog\/pt-br\/?s={search_term_string}\"},\"query-input\":\"required name=search_term_string\"}],\"inLanguage\":\"pt-BR\"},{\"@type\":\"Organization\",\"@id\":\"https:\/\/www.questionpro.com\/blog\/pt-br\/#organization\",\"name\":\"QuestionPro\",\"url\":\"https:\/\/www.questionpro.com\/blog\/pt-br\/\",\"logo\":{\"@type\":\"ImageObject\",\"inLanguage\":\"pt-BR\",\"@id\":\"https:\/\/www.questionpro.com\/blog\/pt-br\/#\/schema\/logo\/image\/\",\"url\":\"https:\/\/www.questionpro.com\/blog\/wp-content\/uploads\/2022\/10\/questionpro-logo.svg\",\"contentUrl\":\"https:\/\/www.questionpro.com\/blog\/wp-content\/uploads\/2022\/10\/questionpro-logo.svg\",\"caption\":\"QuestionPro\"},\"image\":{\"@id\":\"https:\/\/www.questionpro.com\/blog\/pt-br\/#\/schema\/logo\/image\/\"},\"sameAs\":[\"https:\/\/www.facebook.com\/questionpro\",\"https:\/\/twitter.com\/questionpro\",\"https:\/\/www.linkedin.com\/company\/questionpro\/\"]},{\"@type\":\"Person\",\"@id\":\"https:\/\/www.questionpro.com\/blog\/pt-br\/#\/schema\/person\/36aae2d8eed7708b6408f95c0198593d\",\"name\":\"Cristina Ortega\",\"image\":{\"@type\":\"ImageObject\",\"inLanguage\":\"pt-BR\",\"@id\":\"https:\/\/www.questionpro.com\/blog\/pt-br\/#\/schema\/person\/image\/\",\"url\":\"https:\/\/secure.gravatar.com\/avatar\/49635f2181bfe83c436d50b9a8bf1f2e?s=96&d=mm&r=g\",\"contentUrl\":\"https:\/\/secure.gravatar.com\/avatar\/49635f2181bfe83c436d50b9a8bf1f2e?s=96&d=mm&r=g\",\"caption\":\"Cristina Ortega\"},\"url\":\"https:\/\/www.questionpro.com\/blog\/pt-br\/author\/cristinaortega\/\"}]}<\/script>\n<!-- \/ Yoast SEO plugin. -->","yoast_head_json":{"title":"Escala unipolar: o que \u00e9, tipos e exemplos | QuestionPro","description":"Entenda o que \u00e9 uma escala unipolar, seus tipos, exemplos pr\u00e1ticos e quando us\u00e1-la nas suas pesquisas. Configure facilmente no QuestionPro.","robots":{"index":"index","follow":"follow","max-snippet":"max-snippet:-1","max-image-preview":"max-image-preview:large","max-video-preview":"max-video-preview:-1"},"canonical":"https:\/\/www.questionpro.com\/blog\/pt-br\/escala-unipolar\/","og_locale":"pt_BR","og_type":"article","og_title":"Escala unipolar: o que \u00e9, tipos e exemplos | QuestionPro","og_description":"Entenda o que \u00e9 uma escala unipolar, seus tipos, exemplos pr\u00e1ticos e quando us\u00e1-la nas suas pesquisas. Configure facilmente no QuestionPro.","og_url":"https:\/\/www.questionpro.com\/blog\/pt-br\/escala-unipolar\/","og_site_name":"QuestionPro","article_publisher":"https:\/\/www.facebook.com\/questionpro","article_published_time":"2026-08-23T11:00:00+00:00","article_modified_time":"2026-07-23T00:33:00+00:00","og_image":[{"width":1255,"height":705,"url":"https:\/\/www.questionpro.com\/blog\/wp-content\/uploads\/2026\/07\/cover-escala-unipolar-o-que-e-tipos-e-como-usar-em-pes.jpg","type":"image\/jpeg"}],"author":"Cristina Ortega","twitter_card":"summary_large_image","twitter_creator":"@questionpro","twitter_site":"@questionpro","twitter_misc":{"Escrito por":"Cristina Ortega","Est. tempo de leitura":"12 minutos"},"schema":{"@context":"https:\/\/schema.org","@graph":[{"@type":"Article","@id":"https:\/\/www.questionpro.com\/blog\/pt-br\/escala-unipolar\/#article","isPartOf":{"@id":"https:\/\/www.questionpro.com\/blog\/pt-br\/escala-unipolar\/"},"author":{"name":"Cristina Ortega","@id":"https:\/\/www.questionpro.com\/blog\/pt-br\/#\/schema\/person\/36aae2d8eed7708b6408f95c0198593d"},"headline":"Escala unipolar: o que \u00e9, tipos e exemplos para pesquisas","datePublished":"2026-08-23T11:00:00+00:00","dateModified":"2026-07-23T00:33:00+00:00","mainEntityOfPage":{"@id":"https:\/\/www.questionpro.com\/blog\/pt-br\/escala-unipolar\/"},"wordCount":2753,"publisher":{"@id":"https:\/\/www.questionpro.com\/blog\/pt-br\/#organization"},"articleSection":["Pesquisa de mercado"],"inLanguage":"pt-BR"},{"@type":"WebPage","@id":"https:\/\/www.questionpro.com\/blog\/pt-br\/escala-unipolar\/","url":"https:\/\/www.questionpro.com\/blog\/pt-br\/escala-unipolar\/","name":"Escala unipolar: o que \u00e9, tipos e exemplos | QuestionPro","isPartOf":{"@id":"https:\/\/www.questionpro.com\/blog\/pt-br\/#website"},"datePublished":"2026-08-23T11:00:00+00:00","dateModified":"2026-07-23T00:33:00+00:00","description":"Entenda o que \u00e9 uma escala unipolar, seus tipos, exemplos pr\u00e1ticos e quando us\u00e1-la nas suas pesquisas. Configure facilmente no QuestionPro.","breadcrumb":{"@id":"https:\/\/www.questionpro.com\/blog\/pt-br\/escala-unipolar\/#breadcrumb"},"inLanguage":"pt-BR","potentialAction":[{"@type":"ReadAction","target":["https:\/\/www.questionpro.com\/blog\/pt-br\/escala-unipolar\/"]}]},{"@type":"BreadcrumbList","@id":"https:\/\/www.questionpro.com\/blog\/pt-br\/escala-unipolar\/#breadcrumb","itemListElement":[{"@type":"ListItem","position":1,"name":"In\u00edcio","item":"https:\/\/www.questionpro.com\/blog\/pt-br\/"},{"@type":"ListItem","position":2,"name":"Pesquisa de mercado","item":"https:\/\/www.questionpro.com\/blog\/pt-br\/category\/pesquisa-de-mercado\/"},{"@type":"ListItem","position":3,"name":"Escala unipolar: o que \u00e9, tipos e exemplos para pesquisas"}]},{"@type":"WebSite","@id":"https:\/\/www.questionpro.com\/blog\/pt-br\/#website","url":"https:\/\/www.questionpro.com\/blog\/pt-br\/","name":"QuestionPro","description":"","publisher":{"@id":"https:\/\/www.questionpro.com\/blog\/pt-br\/#organization"},"potentialAction":[{"@type":"SearchAction","target":{"@type":"EntryPoint","urlTemplate":"https:\/\/www.questionpro.com\/blog\/pt-br\/?s={search_term_string}"},"query-input":"required name=search_term_string"}],"inLanguage":"pt-BR"},{"@type":"Organization","@id":"https:\/\/www.questionpro.com\/blog\/pt-br\/#organization","name":"QuestionPro","url":"https:\/\/www.questionpro.com\/blog\/pt-br\/","logo":{"@type":"ImageObject","inLanguage":"pt-BR","@id":"https:\/\/www.questionpro.com\/blog\/pt-br\/#\/schema\/logo\/image\/","url":"https:\/\/www.questionpro.com\/blog\/wp-content\/uploads\/2022\/10\/questionpro-logo.svg","contentUrl":"https:\/\/www.questionpro.com\/blog\/wp-content\/uploads\/2022\/10\/questionpro-logo.svg","caption":"QuestionPro"},"image":{"@id":"https:\/\/www.questionpro.com\/blog\/pt-br\/#\/schema\/logo\/image\/"},"sameAs":["https:\/\/www.facebook.com\/questionpro","https:\/\/twitter.com\/questionpro","https:\/\/www.linkedin.com\/company\/questionpro\/"]},{"@type":"Person","@id":"https:\/\/www.questionpro.com\/blog\/pt-br\/#\/schema\/person\/36aae2d8eed7708b6408f95c0198593d","name":"Cristina Ortega","image":{"@type":"ImageObject","inLanguage":"pt-BR","@id":"https:\/\/www.questionpro.com\/blog\/pt-br\/#\/schema\/person\/image\/","url":"https:\/\/secure.gravatar.com\/avatar\/49635f2181bfe83c436d50b9a8bf1f2e?s=96&d=mm&r=g","contentUrl":"https:\/\/secure.gravatar.com\/avatar\/49635f2181bfe83c436d50b9a8bf1f2e?s=96&d=mm&r=g","caption":"Cristina Ortega"},"url":"https:\/\/www.questionpro.com\/blog\/pt-br\/author\/cristinaortega\/"}]}},"featured_image_src":"https:\/\/www.questionpro.com\/blog\/wp-content\/uploads\/2026\/07\/cover-escala-unipolar-o-que-e-tipos-e-como-usar-em-pes-600x400.jpg","featured_image_src_square":"https:\/\/www.questionpro.com\/blog\/wp-content\/uploads\/2026\/07\/cover-escala-unipolar-o-que-e-tipos-e-como-usar-em-pes-600x600.jpg","author_info":{"display_name":"Cristina Ortega","author_link":"https:\/\/www.questionpro.com\/blog\/pt-br\/author\/cristinaortega\/"},"_links":{"self":[{"href":"https:\/\/www.questionpro.com\/blog\/pt-br\/wp-json\/wp\/v2\/posts\/1088153"}],"collection":[{"href":"https:\/\/www.questionpro.com\/blog\/pt-br\/wp-json\/wp\/v2\/posts"}],"about":[{"href":"https:\/\/www.questionpro.com\/blog\/pt-br\/wp-json\/wp\/v2\/types\/post"}],"author":[{"embeddable":true,"href":"https:\/\/www.questionpro.com\/blog\/pt-br\/wp-json\/wp\/v2\/users\/42"}],"replies":[{"embeddable":true,"href":"https:\/\/www.questionpro.com\/blog\/pt-br\/wp-json\/wp\/v2\/comments?post=1088153"}],"version-history":[{"count":3,"href":"https:\/\/www.questionpro.com\/blog\/pt-br\/wp-json\/wp\/v2\/posts\/1088153\/revisions"}],"predecessor-version":[{"id":1096969,"href":"https:\/\/www.questionpro.com\/blog\/pt-br\/wp-json\/wp\/v2\/posts\/1088153\/revisions\/1096969"}],"wp:featuredmedia":[{"embeddable":true,"href":"https:\/\/www.questionpro.com\/blog\/pt-br\/wp-json\/wp\/v2\/media\/1088181"}],"wp:attachment":[{"href":"https:\/\/www.questionpro.com\/blog\/pt-br\/wp-json\/wp\/v2\/media?parent=1088153"}],"wp:term":[{"taxonomy":"category","embeddable":true,"href":"https:\/\/www.questionpro.com\/blog\/pt-br\/wp-json\/wp\/v2\/categories?post=1088153"},{"taxonomy":"post_tag","embeddable":true,"href":"https:\/\/www.questionpro.com\/blog\/pt-br\/wp-json\/wp\/v2\/tags?post=1088153"}],"curies":[{"name":"wp","href":"https:\/\/api.w.org\/{rel}","templated":true}]}}]